{"id":66644,"date":"2024-01-24T09:21:44","date_gmt":"2024-01-24T08:21:44","guid":{"rendered":"https:\/\/miradordeatarfe.es\/?p=66644"},"modified":"2024-01-22T19:34:16","modified_gmt":"2024-01-22T18:34:16","slug":"emanciparse-con-andador","status":"publish","type":"post","link":"https:\/\/miradordeatarfe.es\/?p=66644","title":{"rendered":"Emanciparse con andador"},"content":{"rendered":"<h3 style=\"text-align: justify;\">En los \u00faltimos d\u00edas hemos escuchado hasta la saciedad la palabra \u201cemancipaci\u00f3n\u201d, que para que nos situemos en un contexto correcto, viene a referirse a toda aquella acci\u00f3n que permite a una persona, o a un grupo de personas, acceder a un estado de autonom\u00eda personal, por cese de la sujeci\u00f3n a alguna autoridad o potestad, fundamentalmente parental.<\/h3>\n<p style=\"text-align: justify;\">Aunque la figura jur\u00eddica de la emancipaci\u00f3n significa liberar a un menor de edad del cuidado y control de sus padres, en esta columna me voy a referir a otra emancipaci\u00f3n, la que permitir\u00eda a un joven marcharse de la casa familiar, para iniciar un proyecto aut\u00f3nomo e independiente de vida.<\/p>\n<p style=\"text-align: justify;\">El pasado martes conoc\u00edamos el \u00faltimo informe del Observatorio de Emancipaci\u00f3n del Consejo de la Juventud de Espa\u00f1a, seg\u00fan el cual la emancipaci\u00f3n juvenil en nuestro pa\u00eds, se produce con una de las edades medias m\u00e1s altas de Europa, nada m\u00e1s y nada menos, que a los 30,3 a\u00f1os y solo 16 de cada 100 j\u00f3venes espa\u00f1oles han conseguido vivir fuera de la casa de sus padres.<\/p>\n<p style=\"text-align: justify;\">El estudio centrado en la poblaci\u00f3n de entre 16 y 29 a\u00f1os \u20137.088.690 personas\u2013, muestra que el problema estructural de vivienda en Espa\u00f1a, es la causa principal de tan inusual edad para abandonar el nido parental, ya que el resto de indicadores han mejorado sustancialmente y en los seis primeros meses de 2023, el paro juvenil descendi\u00f3 hasta el 20,1% \u2013la cifra m\u00e1s baja desde mediados de 2008\u2013 y el salario medio aument\u00f3 un 5%.<\/p>\n<p style=\"text-align: justify;\">El alquiler de una vivienda, forma m\u00e1s habitual de emancipaci\u00f3n para los j\u00f3venes, se ha convertido en poco menos que misi\u00f3n imposible, ya que sus precios se han disparado, subiendo mucho m\u00e1s de lo que lo hacen sus salarios, no siendo nada extra\u00f1o comprobar como en las ciudades ya es m\u00e1s caro pagar un alquiler que una cuota hipotecaria. Las cifras son elocuentes: el salario medio de un joven alcanza los 1.005,22 euros netos al mes, mientras que el precio medio del alquiler es de 944 euros.<\/p>\n<p style=\"text-align: justify;\">Alquilar una vivienda compartida parece haberse convertido en la \u00fanica opci\u00f3n posible, aunque ello suponga pagar una media de 375 euros al mes por una habitaci\u00f3n, o lo que es lo mismo, el equivalente al 37,3% del salario de un joven, cuando los expertos sit\u00faan en el 30% del sueldo el m\u00e1ximo aceptable para dedicar a la vivienda.<\/p>\n<p style=\"text-align: justify;\">De comprar mejor ni hablamos, ya que en el primer semestre de 2023, la primera mensualidad de una hipoteca corresponder\u00eda al 65,9% del salario de un joven, que para pagar la entrada de una vivienda, tendr\u00eda que ahorrar 53.796 euros, o lo que es lo mismo, el equivalente a cuatro a\u00f1os y medio de su sueldo.<\/p>\n<p style=\"text-align: justify;\">En Granada las cosas no est\u00e1n mucho mejor, ya que seg\u00fan los precios que se han dado a conocer en los \u00faltimos d\u00edas, El precio medio de la vivienda en alquiler es de 980 euros mensuales, un siete por ciento m\u00e1s que el a\u00f1o anterior, mientras que el metro cuadrado en venta supera los 2.000 euros de media.<\/p>\n<p style=\"text-align: justify;\">Estas cifras suponen que el precio de los arrendamientos haya aumentado m\u00e1s de un 60% en diez a\u00f1os, cerca del triple de lo que lo han hecho las rentas salariales, mientras que el precio de venta ha subido un 5,3% durante 2023, o lo que es lo mismo casi el doble del IPC.<\/p>\n<p style=\"text-align: justify;\">Con precios de alquileres y ventas en m\u00e1ximos hist\u00f3ricos en Granada y con una presi\u00f3n nada desde\u00f1able de las viviendas tur\u00edsticas, a los j\u00f3venes granadinos, solo les queda para su tan ansiada emancipaci\u00f3n, buscarse la vida en el \u00e1rea metropolitana, algo que cada d\u00eda se est\u00e1 poniendo m\u00e1s dif\u00edcil, ya que, la presi\u00f3n de los precios en Granada capital, tambi\u00e9n empujan al alza los de las viviendas metropolitanas.<\/p>\n<p style=\"text-align: justify;\">As\u00ed las cosas, si emanciparse en Espa\u00f1a es dif\u00edcil, en Granada se ha convertido en un aut\u00e9ntico milagro, con lo que ello supone de frustraciones, tanto en los j\u00f3venes que no pueden iniciar un proyecto aut\u00f3nomo de vida, como tambi\u00e9n de sus padres que asisten impotentes, a como sus hijos, m\u00e1s formados y preparados que nunca, no tienen m\u00e1s remedio que seguir en la casa paterna pasada la treintena.<\/p>\n<p style=\"text-align: justify;\">Porque al final esta situaci\u00f3n conlleva a que los j\u00f3venes granadinos no hipotequen viviendas, sino que hipotequen proyectos personales de vida.<\/p>\n<p><a class=\"entry-author hcard fn\" href=\"https:\/\/www.lavozdegranada.info\/author\/agustin-martinez\/\" target=\"_blank\" rel=\"noopener\"><strong>Agust\u00edn Mart\u00ednez<\/strong><\/a><\/p>\n<p>foto: ibercaja<\/p>\n<p>https:\/\/www.lavozdegranada.info\/emanciparse-con-andador\/<\/p>\n","protected":false},"excerpt":{"rendered":"<p>En los \u00faltimos d\u00edas hemos escuchado hasta la saciedad la palabra \u201cemancipaci\u00f3n\u201d, que para que&#8230;<\/p>\n","protected":false},"author":1,"featured_media":66645,"comment_status":"closed","ping_status":"closed","sticky":false,"template":"","format":"standard","meta":{"_coblocks_attr":"","_coblocks_dimensions":"","_coblocks_responsive_height":"","_coblocks_accordion_ie_support":"","jetpack_post_was_ever_published":false,"_jetpack_newsletter_access":"","_jetpack_dont_email_post_to_subs":false,"_jetpack_newsletter_tier_id":0,"_jetpack_memberships_contains_paywalled_content":false,"_jetpack_memberships_contains_paid_content":false,"footnotes":"","jetpack_publicize_message":"","jetpack_publicize_feature_enabled":true,"jetpack_social_post_already_shared":true,"jetpack_social_options":{"image_generator_settings":{"template":"highway","default_image_id":0,"enabled":false},"version":2}},"categories":[1161,44,7671,6937],"tags":[],"class_list":["post-66644","post","type-post","status-publish","format-standard","has-post-thumbnail","hentry","category-ciudadania","category-noticias-de-hoy","category-politica","category-sociedad"],"jetpack_publicize_connections":[],"jetpack_featured_media_url":"https:\/\/i0.wp.com\/miradordeatarfe.es\/wp-content\/uploads\/2024\/01\/ayudas-comprar-vivienda-jovenes.jpg?fit=1200%2C628&ssl=1","jetpack_likes_enabled":true,"jetpack_sharing_enabled":true,"_links":{"self":[{"href":"https:\/\/miradordeatarfe.es\/index.php?rest_route=\/wp\/v2\/posts\/66644","targetHints":{"allow":["GET"]}}],"collection":[{"href":"https:\/\/miradordeatarfe.es\/index.php?rest_route=\/wp\/v2\/posts"}],"about":[{"href":"https:\/\/miradordeatarfe.es\/index.php?rest_route=\/wp\/v2\/types\/post"}],"author":[{"embeddable":true,"href":"https:\/\/miradordeatarfe.es\/index.php?rest_route=\/wp\/v2\/users\/1"}],"replies":[{"embeddable":true,"href":"https:\/\/miradordeatarfe.es\/index.php?rest_route=%2Fwp%2Fv2%2Fcomments&post=66644"}],"version-history":[{"count":1,"href":"https:\/\/miradordeatarfe.es\/index.php?rest_route=\/wp\/v2\/posts\/66644\/revisions"}],"predecessor-version":[{"id":66646,"href":"https:\/\/miradordeatarfe.es\/index.php?rest_route=\/wp\/v2\/posts\/66644\/revisions\/66646"}],"wp:featuredmedia":[{"embeddable":true,"href":"https:\/\/miradordeatarfe.es\/index.php?rest_route=\/wp\/v2\/media\/66645"}],"wp:attachment":[{"href":"https:\/\/miradordeatarfe.es\/index.php?rest_route=%2Fwp%2Fv2%2Fmedia&parent=66644"}],"wp:term":[{"taxonomy":"category","embeddable":true,"href":"https:\/\/miradordeatarfe.es\/index.php?rest_route=%2Fwp%2Fv2%2Fcategories&post=66644"},{"taxonomy":"post_tag","embeddable":true,"href":"https:\/\/miradordeatarfe.es\/index.php?rest_route=%2Fwp%2Fv2%2Ftags&post=66644"}],"curies":[{"name":"wp","href":"https:\/\/api.w.org\/{rel}","templated":true}]}}