{"id":66655,"date":"2024-01-23T10:36:59","date_gmt":"2024-01-23T09:36:59","guid":{"rendered":"https:\/\/miradordeatarfe.es\/?p=66655"},"modified":"2024-01-23T09:32:38","modified_gmt":"2024-01-23T08:32:38","slug":"atarfe-sembrando-sostenibilidad-proyecto-de-atarfe-sostenible","status":"publish","type":"post","link":"https:\/\/miradordeatarfe.es\/?p=66655","title":{"rendered":"ATARFE: \u00abSEMBRANDO SOSTENIBILIDAD\u00bb Proyecto de Atarfe Sostenible para j\u00f3venes"},"content":{"rendered":"<p>Atarfe Sostenible inicia un nuevo proyecto orientado a la poblaci\u00f3n juvenil ( a partir de 12 a\u00f1os): \u00ab<strong> SEMBRANDO SOSTENIBILIDAD\u00bb pretende crear un espacio de encuentro, \u00a0ocio saludable, formaci\u00f3n, compromiso..<\/strong>. para gente joven con una inquietud ambiental que pudiera realizar una labor de voluntariado; para ello se organizar\u00e1n actividades que favorezcan el conocimiento de Sierra Elvira, La Vega con excursiones, talleres de reciclaje, ahorro energ\u00e9tico, Ecohuertos, convivencia con otros j\u00f3venes, Programas de la Administraci\u00f3n, etc.<\/p>\n<p>Tendremos una reuni\u00f3n con la gente joven interesada el martes 23 de enero en el Centro C\u00edvico de Atarfe, situado en calle Mejorana a las 5 de la tarde.<a href=\"https:\/\/i0.wp.com\/miradordeatarfe.es\/wp-content\/uploads\/2024\/01\/jovenes.jpg?ssl=1\"><img data-recalc-dims=\"1\" loading=\"lazy\" decoding=\"async\" class=\"alignnone wp-image-66656 size-full\" src=\"https:\/\/i0.wp.com\/miradordeatarfe.es\/wp-content\/uploads\/2024\/01\/jovenes.jpg?resize=640%2C906&#038;ssl=1\" alt=\"\" width=\"640\" height=\"906\" srcset=\"https:\/\/i0.wp.com\/miradordeatarfe.es\/wp-content\/uploads\/2024\/01\/jovenes.jpg?w=1130&amp;ssl=1 1130w, https:\/\/i0.wp.com\/miradordeatarfe.es\/wp-content\/uploads\/2024\/01\/jovenes.jpg?resize=212%2C300&amp;ssl=1 212w, https:\/\/i0.wp.com\/miradordeatarfe.es\/wp-content\/uploads\/2024\/01\/jovenes.jpg?resize=723%2C1024&amp;ssl=1 723w, https:\/\/i0.wp.com\/miradordeatarfe.es\/wp-content\/uploads\/2024\/01\/jovenes.jpg?resize=768%2C1087&amp;ssl=1 768w, https:\/\/i0.wp.com\/miradordeatarfe.es\/wp-content\/uploads\/2024\/01\/jovenes.jpg?resize=1085%2C1536&amp;ssl=1 1085w, https:\/\/i0.wp.com\/miradordeatarfe.es\/wp-content\/uploads\/2024\/01\/jovenes.jpg?resize=1024%2C1450&amp;ssl=1 1024w\" sizes=\"auto, (max-width: 640px) 100vw, 640px\" \/><\/a><\/p>\n<p>&nbsp;<\/p>\n","protected":false},"excerpt":{"rendered":"<p>Atarfe Sostenible inicia un nuevo proyecto orientado a la poblaci\u00f3n juvenil ( a partir de&#8230;<\/p>\n","protected":false},"author":1,"featured_media":66657,"comment_status":"closed","ping_status":"closed","sticky":false,"template":"","format":"standard","meta":{"_coblocks_attr":"","_coblocks_dimensions":"","_coblocks_responsive_height":"","_coblocks_accordion_ie_support":"","jetpack_post_was_ever_published":false,"_jetpack_newsletter_access":"","_jetpack_dont_email_post_to_subs":false,"_jetpack_newsletter_tier_id":0,"_jetpack_memberships_contains_paywalled_content":false,"_jetpack_memberships_contains_paid_content":false,"footnotes":"","jetpack_publicize_message":"","jetpack_publicize_feature_enabled":true,"jetpack_social_post_already_shared":true,"jetpack_social_options":{"image_generator_settings":{"template":"highway","default_image_id":0,"enabled":false},"version":2}},"categories":[7725,1161,186,44],"tags":[],"class_list":["post-66655","post","type-post","status-publish","format-standard","has-post-thumbnail","hentry","category-atarfe-sostenible","category-ciudadania","category-instituciones","category-noticias-de-hoy"],"jetpack_publicize_connections":[],"jetpack_featured_media_url":"https:\/\/i0.wp.com\/miradordeatarfe.es\/wp-content\/uploads\/2024\/01\/jovenes-1.jpg?fit=467%2C579&ssl=1","jetpack_likes_enabled":true,"jetpack_sharing_enabled":true,"_links":{"self":[{"href":"https:\/\/miradordeatarfe.es\/index.php?rest_route=\/wp\/v2\/posts\/66655","targetHints":{"allow":["GET"]}}],"collection":[{"href":"https:\/\/miradordeatarfe.es\/index.php?rest_route=\/wp\/v2\/posts"}],"about":[{"href":"https:\/\/miradordeatarfe.es\/index.php?rest_route=\/wp\/v2\/types\/post"}],"author":[{"embeddable":true,"href":"https:\/\/miradordeatarfe.es\/index.php?rest_route=\/wp\/v2\/users\/1"}],"replies":[{"embeddable":true,"href":"https:\/\/miradordeatarfe.es\/index.php?rest_route=%2Fwp%2Fv2%2Fcomments&post=66655"}],"version-history":[{"count":4,"href":"https:\/\/miradordeatarfe.es\/index.php?rest_route=\/wp\/v2\/posts\/66655\/revisions"}],"predecessor-version":[{"id":66661,"href":"https:\/\/miradordeatarfe.es\/index.php?rest_route=\/wp\/v2\/posts\/66655\/revisions\/66661"}],"wp:featuredmedia":[{"embeddable":true,"href":"https:\/\/miradordeatarfe.es\/index.php?rest_route=\/wp\/v2\/media\/66657"}],"wp:attachment":[{"href":"https:\/\/miradordeatarfe.es\/index.php?rest_route=%2Fwp%2Fv2%2Fmedia&parent=66655"}],"wp:term":[{"taxonomy":"category","embeddable":true,"href":"https:\/\/miradordeatarfe.es\/index.php?rest_route=%2Fwp%2Fv2%2Fcategories&post=66655"},{"taxonomy":"post_tag","embeddable":true,"href":"https:\/\/miradordeatarfe.es\/index.php?rest_route=%2Fwp%2Fv2%2Ftags&post=66655"}],"curies":[{"name":"wp","href":"https:\/\/api.w.org\/{rel}","templated":true}]}}