{"id":66670,"date":"2024-01-24T10:42:00","date_gmt":"2024-01-24T09:42:00","guid":{"rendered":"https:\/\/miradordeatarfe.es\/?p=66670"},"modified":"2024-01-24T10:42:00","modified_gmt":"2024-01-24T09:42:00","slug":"atarfe-acoge-una-exposicion-de-la-disenadora-marianela-galo-con-piezas-inspiradas-en-el-sistema-solar","status":"publish","type":"post","link":"https:\/\/miradordeatarfe.es\/?p=66670","title":{"rendered":"Atarfe acoge una exposici\u00f3n de la dise\u00f1adora Marianela Galo con piezas inspiradas en el sistema solar"},"content":{"rendered":"<h3 class=\"intro\">La muestra, que podr\u00e1 visitarse hasta el pr\u00f3ximo 4 de febrero, reivindica el arte de las tejedoras en la historia<\/h3>\n<p>La artista y dise\u00f1adora <strong>Marianela Galo<\/strong> inaugura este lunes a las 18.30 horas en el <strong>Centro Cultural Medina Elvira<\/strong> de<strong> Atarfe<\/strong> la exposici\u00f3n &#8216;Galoplanetas&#8217; en la que reivindica, a trav\u00e9s de dise\u00f1os de<strong> tejidos a mano<\/strong> inspirados en los planetas, sus fascinantes caracter\u00edsticas y el misterio del Universo y del Sistema Solar, la trascendencia y riqueza del arte realizado por las tejedoras a lo largo de la historia.<\/p>\n<p>Se trata de una propuesta creativa en la que la artista, licenciada en Qu\u00edmica, traslada a las piezas tejidas a mano las <strong>caracter\u00edsticas f\u00edsicas<\/strong> de cada planeta por lo que cada obra tejida brinda al espectador una \u201cexperiencia \u00fanica para adentrarse en el conocimiento del Sistema Solar\u201d, seg\u00fan ha destacado la dise\u00f1adora.<\/p>\n<p>La muestra, que se podr\u00e1 visitar hasta el pr\u00f3ximo 4 de febrero en horario de lunes a viernes de 10.00 a 14.00 y de 16.00 a 20.00 horas y los s\u00e1bados solo en horario de ma\u00f1ana, hace un recorrido a trav\u00e9s de cada planeta que est\u00e1 representado por una <strong>fotograf\u00eda<\/strong>, la <strong>pieza exclusiva<\/strong> tejida a mano, una <strong>breve explicaci\u00f3n<\/strong> de la inspiraci\u00f3n art\u00edstica y un<strong> c\u00f3digo QR<\/strong>, que enlaza a un <strong>v\u00eddeo en Youtube<\/strong> con la presentaci\u00f3n del dise\u00f1o en boca de la dise\u00f1adora.<\/p>\n<p><a href=\"https:\/\/i0.wp.com\/miradordeatarfe.es\/wp-content\/uploads\/2024\/01\/IMG20240119180036.jpg?ssl=1\"><img data-recalc-dims=\"1\" loading=\"lazy\" decoding=\"async\" class=\"alignnone wp-image-66671 size-full\" src=\"https:\/\/i0.wp.com\/miradordeatarfe.es\/wp-content\/uploads\/2024\/01\/IMG20240119180036.jpg?resize=640%2C273&#038;ssl=1\" alt=\"\" width=\"640\" height=\"273\" srcset=\"https:\/\/i0.wp.com\/miradordeatarfe.es\/wp-content\/uploads\/2024\/01\/IMG20240119180036.jpg?w=942&amp;ssl=1 942w, https:\/\/i0.wp.com\/miradordeatarfe.es\/wp-content\/uploads\/2024\/01\/IMG20240119180036.jpg?resize=300%2C128&amp;ssl=1 300w, https:\/\/i0.wp.com\/miradordeatarfe.es\/wp-content\/uploads\/2024\/01\/IMG20240119180036.jpg?resize=768%2C328&amp;ssl=1 768w\" sizes=\"auto, (max-width: 640px) 100vw, 640px\" \/><\/a> <a href=\"https:\/\/i0.wp.com\/miradordeatarfe.es\/wp-content\/uploads\/2024\/01\/IMG20240119180042-scaled.jpg?ssl=1\"><img data-recalc-dims=\"1\" loading=\"lazy\" decoding=\"async\" class=\"wp-image-66672  alignleft\" src=\"https:\/\/i0.wp.com\/miradordeatarfe.es\/wp-content\/uploads\/2024\/01\/IMG20240119180042.jpg?resize=365%2C555&#038;ssl=1\" alt=\"\" width=\"365\" height=\"555\" srcset=\"https:\/\/i0.wp.com\/miradordeatarfe.es\/wp-content\/uploads\/2024\/01\/IMG20240119180042-scaled.jpg?resize=673%2C1024&amp;ssl=1 673w, https:\/\/i0.wp.com\/miradordeatarfe.es\/wp-content\/uploads\/2024\/01\/IMG20240119180042-scaled.jpg?resize=197%2C300&amp;ssl=1 197w, https:\/\/i0.wp.com\/miradordeatarfe.es\/wp-content\/uploads\/2024\/01\/IMG20240119180042-scaled.jpg?resize=768%2C1168&amp;ssl=1 768w, https:\/\/i0.wp.com\/miradordeatarfe.es\/wp-content\/uploads\/2024\/01\/IMG20240119180042-scaled.jpg?resize=1010%2C1536&amp;ssl=1 1010w, https:\/\/i0.wp.com\/miradordeatarfe.es\/wp-content\/uploads\/2024\/01\/IMG20240119180042-scaled.jpg?resize=1347%2C2048&amp;ssl=1 1347w, https:\/\/i0.wp.com\/miradordeatarfe.es\/wp-content\/uploads\/2024\/01\/IMG20240119180042-scaled.jpg?resize=1024%2C1557&amp;ssl=1 1024w, https:\/\/i0.wp.com\/miradordeatarfe.es\/wp-content\/uploads\/2024\/01\/IMG20240119180042-scaled.jpg?resize=1320%2C2007&amp;ssl=1 1320w, https:\/\/i0.wp.com\/miradordeatarfe.es\/wp-content\/uploads\/2024\/01\/IMG20240119180042-scaled.jpg?w=1684&amp;ssl=1 1684w\" sizes=\"auto, (max-width: 365px) 100vw, 365px\" \/><\/a><\/p>\n<p>Asimismo, la creadora tiene a disposici\u00f3n de las personas interesadas el<strong> patr\u00f3n base <\/strong>que ha servido de dise\u00f1o para la creaci\u00f3n de las piezas art\u00edsticas, por lo que \u201csi son amantes del tejer podr\u00e1n acercarse y conocer en profundidad a trav\u00e9s del arte del hilo las caracter\u00edsticas de cada planeta\u201d.<\/p>\n<p>En palabras de la art\u00edstica, \u201cel espectador podr\u00e1 sumergirse en una odisea creativa\u201d que, tal y como ha relatado, \u201csurgi\u00f3 en un momento de mi vida en el que necesitaba m\u00e1s que nunca viajar fuera de nuestro planeta\u201d. Marianela Galo ha agregado que \u201csobre todo, con estas piezas quiero destacar el valor de tejer, entendido como arte tradicional, que, adem\u00e1s, de ser muy beneficioso para la salud, es una forma de expresi\u00f3n art\u00edstica que conecta a generaciones\u201d.<\/p>\n<p>\u201cSin duda la colecci\u00f3n \u201cGaloplanetas es un testimonio de creatividad y la relevancia duradera del tejido a mano en el panorama art\u00edstico contempor\u00e1neo, que, en este caso, adem\u00e1s se fusiona con la tem\u00e1tica astron\u00f3mica\u201d, ha destacado Galo.<\/p>\n<p>Marianela Galo, artista tejedora y empresaria, ha sido reconocida por su destreza en el tejido a mano de sus obras que destacan por \u201csu enfoque innovador de sus piezas\u201d, cuyos patrones se encuentran disponibles para otras manos tejedoras.<\/p>\n<p>Esta artista del hilo, a su vez, proyecta la publicaci\u00f3n de su<strong> primer libro de patrones<\/strong>, donde, junto a dos nuevos dise\u00f1os, a partir de la pr\u00f3xima primavera. Marianela cuenta con su propio canal de Youtube, Knit es Tejer, desde el a\u00f1o 2017 y su reci\u00e9n estrenada academia online, donde cuenta con miles de seguidores de todo el mundo. Adem\u00e1s, la artista ha realizado charlas sobre la creatividad en eventos internacionales de tejido en Madrid, Barcelona y Sevilla.<\/p>\n<p><a href=\"https:\/\/i0.wp.com\/miradordeatarfe.es\/wp-content\/uploads\/2024\/01\/IMG20240119180136-scaled.jpg?ssl=1\"><img data-recalc-dims=\"1\" loading=\"lazy\" decoding=\"async\" class=\"alignnone wp-image-66673 size-full\" src=\"https:\/\/i0.wp.com\/miradordeatarfe.es\/wp-content\/uploads\/2024\/01\/IMG20240119180136-scaled.jpg?resize=640%2C482&#038;ssl=1\" alt=\"\" width=\"640\" height=\"482\" srcset=\"https:\/\/i0.wp.com\/miradordeatarfe.es\/wp-content\/uploads\/2024\/01\/IMG20240119180136-scaled.jpg?w=2560&amp;ssl=1 2560w, https:\/\/i0.wp.com\/miradordeatarfe.es\/wp-content\/uploads\/2024\/01\/IMG20240119180136-scaled.jpg?resize=300%2C226&amp;ssl=1 300w, https:\/\/i0.wp.com\/miradordeatarfe.es\/wp-content\/uploads\/2024\/01\/IMG20240119180136-scaled.jpg?resize=1024%2C771&amp;ssl=1 1024w, https:\/\/i0.wp.com\/miradordeatarfe.es\/wp-content\/uploads\/2024\/01\/IMG20240119180136-scaled.jpg?resize=768%2C578&amp;ssl=1 768w, https:\/\/i0.wp.com\/miradordeatarfe.es\/wp-content\/uploads\/2024\/01\/IMG20240119180136-scaled.jpg?resize=1536%2C1157&amp;ssl=1 1536w, https:\/\/i0.wp.com\/miradordeatarfe.es\/wp-content\/uploads\/2024\/01\/IMG20240119180136-scaled.jpg?resize=2048%2C1542&amp;ssl=1 2048w, https:\/\/i0.wp.com\/miradordeatarfe.es\/wp-content\/uploads\/2024\/01\/IMG20240119180136-scaled.jpg?resize=1320%2C994&amp;ssl=1 1320w, https:\/\/i0.wp.com\/miradordeatarfe.es\/wp-content\/uploads\/2024\/01\/IMG20240119180136-scaled.jpg?w=1920&amp;ssl=1 1920w\" sizes=\"auto, (max-width: 640px) 100vw, 640px\" \/><\/a><\/p>\n<p>REDACCI\u00d3N AHORAGRANADA<\/p>\n<p>FOTOS: M.C.V.<\/p>\n<blockquote class=\"wp-embedded-content\" data-secret=\"9QZtCBJ7Ma\"><p><a href=\"https:\/\/www.ahoragranada.com\/noticias\/atarfe-acoge-una-exposicion-de-la-disenadora-marianela-galo-con-piezas-inspiradas-en-el-sistema-solar\/\">Atarfe acoge una exposici\u00f3n de la dise\u00f1adora Marianela Galo con piezas inspiradas en el sistema solar<\/a><\/p><\/blockquote>\n<p><iframe loading=\"lazy\" class=\"wp-embedded-content\" sandbox=\"allow-scripts\" security=\"restricted\" style=\"position: absolute; visibility: hidden;\" title=\"\u00abAtarfe acoge una exposici\u00f3n de la dise\u00f1adora Marianela Galo con piezas inspiradas en el sistema solar\u00bb \u2014 Ahora Granada\" src=\"https:\/\/www.ahoragranada.com\/noticias\/atarfe-acoge-una-exposicion-de-la-disenadora-marianela-galo-con-piezas-inspiradas-en-el-sistema-solar\/embed\/#?secret=TEuxyKWdvU#?secret=9QZtCBJ7Ma\" data-secret=\"9QZtCBJ7Ma\" width=\"600\" height=\"338\" frameborder=\"0\" marginwidth=\"0\" marginheight=\"0\" scrolling=\"no\"><\/iframe><\/p>\n","protected":false},"excerpt":{"rendered":"<p>La muestra, que podr\u00e1 visitarse hasta el pr\u00f3ximo 4 de febrero, reivindica el arte de&#8230;<\/p>\n","protected":false},"author":1,"featured_media":66674,"comment_status":"closed","ping_status":"closed","sticky":false,"template":"","format":"standard","meta":{"_coblocks_attr":"","_coblocks_dimensions":"","_coblocks_responsive_height":"","_coblocks_accordion_ie_support":"","jetpack_post_was_ever_published":false,"_jetpack_newsletter_access":"","_jetpack_dont_email_post_to_subs":false,"_jetpack_newsletter_tier_id":0,"_jetpack_memberships_contains_paywalled_content":false,"_jetpack_memberships_contains_paid_content":false,"footnotes":"","jetpack_publicize_message":"","jetpack_publicize_feature_enabled":true,"jetpack_social_post_already_shared":true,"jetpack_social_options":{"image_generator_settings":{"template":"highway","default_image_id":0,"enabled":false},"version":2}},"categories":[12,186,44],"tags":[],"class_list":["post-66670","post","type-post","status-publish","format-standard","has-post-thumbnail","hentry","category-cultura","category-instituciones","category-noticias-de-hoy"],"jetpack_publicize_connections":[],"jetpack_featured_media_url":"https:\/\/i0.wp.com\/miradordeatarfe.es\/wp-content\/uploads\/2024\/01\/IMG20240119180304-scaled.jpg?fit=2560%2C1928&ssl=1","jetpack_likes_enabled":true,"jetpack_sharing_enabled":true,"_links":{"self":[{"href":"https:\/\/miradordeatarfe.es\/index.php?rest_route=\/wp\/v2\/posts\/66670","targetHints":{"allow":["GET"]}}],"collection":[{"href":"https:\/\/miradordeatarfe.es\/index.php?rest_route=\/wp\/v2\/posts"}],"about":[{"href":"https:\/\/miradordeatarfe.es\/index.php?rest_route=\/wp\/v2\/types\/post"}],"author":[{"embeddable":true,"href":"https:\/\/miradordeatarfe.es\/index.php?rest_route=\/wp\/v2\/users\/1"}],"replies":[{"embeddable":true,"href":"https:\/\/miradordeatarfe.es\/index.php?rest_route=%2Fwp%2Fv2%2Fcomments&post=66670"}],"version-history":[{"count":1,"href":"https:\/\/miradordeatarfe.es\/index.php?rest_route=\/wp\/v2\/posts\/66670\/revisions"}],"predecessor-version":[{"id":66675,"href":"https:\/\/miradordeatarfe.es\/index.php?rest_route=\/wp\/v2\/posts\/66670\/revisions\/66675"}],"wp:featuredmedia":[{"embeddable":true,"href":"https:\/\/miradordeatarfe.es\/index.php?rest_route=\/wp\/v2\/media\/66674"}],"wp:attachment":[{"href":"https:\/\/miradordeatarfe.es\/index.php?rest_route=%2Fwp%2Fv2%2Fmedia&parent=66670"}],"wp:term":[{"taxonomy":"category","embeddable":true,"href":"https:\/\/miradordeatarfe.es\/index.php?rest_route=%2Fwp%2Fv2%2Fcategories&post=66670"},{"taxonomy":"post_tag","embeddable":true,"href":"https:\/\/miradordeatarfe.es\/index.php?rest_route=%2Fwp%2Fv2%2Ftags&post=66670"}],"curies":[{"name":"wp","href":"https:\/\/api.w.org\/{rel}","templated":true}]}}