{"id":66679,"date":"2024-01-25T11:15:26","date_gmt":"2024-01-25T10:15:26","guid":{"rendered":"https:\/\/miradordeatarfe.es\/?p=66679"},"modified":"2024-06-02T12:17:24","modified_gmt":"2024-06-02T10:17:24","slug":"de-ferias-por-juan-de-dios-villanueva-roa","status":"publish","type":"post","link":"https:\/\/miradordeatarfe.es\/?p=66679","title":{"rendered":"\u00abDE FERIAS\u00bb por Juan de Dios Villanueva Roa"},"content":{"rendered":"<h3 class=\"v-p\" style=\"text-align: justify;\">Estamos de ferias. Nuestra clase pol\u00edtica se va a Madrid a vender las bondades tur\u00edsticas de Granada en las parcelas expositoras que nos han concedido los prebostes del reparto.<\/h3>\n<p class=\"v-p\" style=\"text-align: justify;\">All\u00ed se pondr\u00e1n en valor sierra, playas, monumentos, gastronom\u00eda\u2026, y nuestros pol\u00edticos ser\u00e1n algunos de quienes se encarguen de ejemplificar lo bien que se pasa aqu\u00ed, si se viene, que algunos se olvidan volver.<\/p>\n<p class=\"v-p\" style=\"text-align: justify;\">Entre tanto, otra feria se celebra desde hace meses en la zona de Gaza. All\u00ed, los fabricantes de armas exponen la eficacia de sus productos. Sobre el terreno se puede comprobar que los sofisticados misiles cada vez matan m\u00e1s y mejor, que sus muertos no regresan y que adem\u00e1s cumplen con la funci\u00f3n de generar un odio ejemplar para el futuro en las almas de quienes lo pierden todo desde la inocencia m\u00e1s absoluta. Los grandes beneficiados de esta feria no son los soldados que pulsan el bot\u00f3n, son los ejecutivos de las f\u00e1bricas armament\u00edsticas a las que acuden los gobernantes para gastar los dineros de nuestros impuestos.<\/p>\n<p class=\"v-p\" style=\"text-align: justify;\">Un mundo armado, piensan, es un mundo m\u00e1s seguro, porque los que mueren son siempre los mismos, los pobres; quienes quedan mutilados, arrasados no son quienes gozan de todos los bienes y manjares de la creaci\u00f3n, que tienen sus islas y sus aviones para llegar a ellas, y sus barcos y sus goces placenteros sensoriales. Ellos son los que aumentan sus caudalosas riquezas para que se juegue a la guerra y se renueven los parques armament\u00edsticos, de forma que en la pr\u00f3xima feria los nuevos misiles, tanques, aviones, bombas y m\u00e1scaras luzcan fruto de la investigaci\u00f3n en la muerte que tantas rentas genera. Am\u00e9n.<\/p>\n<p>FOTO: El Cristo de los Gitanos es protagonista en el stand de Fitur. Foto: Dipgra<\/p>\n","protected":false},"excerpt":{"rendered":"<p>Estamos de ferias. Nuestra clase pol\u00edtica se va a Madrid a vender las bondades tur\u00edsticas&#8230;<\/p>\n","protected":false},"author":1,"featured_media":66680,"comment_status":"closed","ping_status":"closed","sticky":false,"template":"","format":"standard","meta":{"_coblocks_attr":"","_coblocks_dimensions":"","_coblocks_responsive_height":"","_coblocks_accordion_ie_support":"","jetpack_post_was_ever_published":false,"_jetpack_newsletter_access":"","_jetpack_dont_email_post_to_subs":false,"_jetpack_newsletter_tier_id":0,"_jetpack_memberships_contains_paywalled_content":false,"_jetpack_memberships_contains_paid_content":false,"footnotes":"","jetpack_publicize_message":"","jetpack_publicize_feature_enabled":true,"jetpack_social_post_already_shared":false,"jetpack_social_options":{"image_generator_settings":{"template":"highway","default_image_id":0,"enabled":false},"version":2}},"categories":[1161,10781,186,9772],"tags":[],"class_list":["post-66679","post","type-post","status-publish","format-standard","has-post-thumbnail","hentry","category-ciudadania","category-granada","category-instituciones","category-opinion-de-juan-de-dios-villanueva"],"jetpack_publicize_connections":[],"jetpack_featured_media_url":"https:\/\/i0.wp.com\/miradordeatarfe.es\/wp-content\/uploads\/2024\/01\/th-1.jpeg?fit=320%2C180&ssl=1","jetpack_likes_enabled":true,"jetpack_sharing_enabled":true,"_links":{"self":[{"href":"https:\/\/miradordeatarfe.es\/index.php?rest_route=\/wp\/v2\/posts\/66679","targetHints":{"allow":["GET"]}}],"collection":[{"href":"https:\/\/miradordeatarfe.es\/index.php?rest_route=\/wp\/v2\/posts"}],"about":[{"href":"https:\/\/miradordeatarfe.es\/index.php?rest_route=\/wp\/v2\/types\/post"}],"author":[{"embeddable":true,"href":"https:\/\/miradordeatarfe.es\/index.php?rest_route=\/wp\/v2\/users\/1"}],"replies":[{"embeddable":true,"href":"https:\/\/miradordeatarfe.es\/index.php?rest_route=%2Fwp%2Fv2%2Fcomments&post=66679"}],"version-history":[{"count":2,"href":"https:\/\/miradordeatarfe.es\/index.php?rest_route=\/wp\/v2\/posts\/66679\/revisions"}],"predecessor-version":[{"id":66715,"href":"https:\/\/miradordeatarfe.es\/index.php?rest_route=\/wp\/v2\/posts\/66679\/revisions\/66715"}],"wp:featuredmedia":[{"embeddable":true,"href":"https:\/\/miradordeatarfe.es\/index.php?rest_route=\/wp\/v2\/media\/66680"}],"wp:attachment":[{"href":"https:\/\/miradordeatarfe.es\/index.php?rest_route=%2Fwp%2Fv2%2Fmedia&parent=66679"}],"wp:term":[{"taxonomy":"category","embeddable":true,"href":"https:\/\/miradordeatarfe.es\/index.php?rest_route=%2Fwp%2Fv2%2Fcategories&post=66679"},{"taxonomy":"post_tag","embeddable":true,"href":"https:\/\/miradordeatarfe.es\/index.php?rest_route=%2Fwp%2Fv2%2Ftags&post=66679"}],"curies":[{"name":"wp","href":"https:\/\/api.w.org\/{rel}","templated":true}]}}