{"id":66716,"date":"2024-01-28T10:00:33","date_gmt":"2024-01-28T09:00:33","guid":{"rendered":"https:\/\/miradordeatarfe.es\/?p=66716"},"modified":"2024-01-28T10:40:31","modified_gmt":"2024-01-28T09:40:31","slug":"atarfe-mejoras-en-el-camino-mozarabe","status":"publish","type":"post","link":"https:\/\/miradordeatarfe.es\/?p=66716","title":{"rendered":"MEJORAS EN EL CAMINO MOZ\u00c1RABE"},"content":{"rendered":"<h3 style=\"text-align: justify;\">LA ASOCIACI\u00d3N ILBIRA MOZ\u00c1RABE, EL CLUB DE SENDERISMO \u201cEL CASTILLEJO\u201d Y LA FEDERACI\u00d3N ANDALUZA DE CAMINOS DE SANTIAGO SIGUEN COLABORANDO CON EL PROYECTO DE MEJORA DEL CAMINO MOZ\u00c1RABE DEL G.D.R. PROMOVEGA.<\/h3>\n<p style=\"text-align: justify;\">El pasado Jueves 18 de enero representantes de las entidades mencionadas, junto a T\u00e9cnicos de la Delegaci\u00f3n de Agricultura de la Junta de Andaluc\u00eda, en el contexto de las subvenciones de Proyectos de Cooperaci\u00f3n con fondos Europeos para la mejora del Camino Moz\u00e1rabe, han recorrido desde Sierra Elvira hasta Mocl\u00edn, deteni\u00e9ndose en Pinos Puente para entrevistarse con la Concejala de Cultura y el Alcalde de dicha localidad para analizar las posibles mejoras en se\u00f1alizaci\u00f3n, seguridad y descanso de los peregrinos del Camino Moz\u00e1rabe.<\/p>\n<p style=\"text-align: justify;\">Han sido informados del proyecto de restauraci\u00f3n del emblem\u00e1tico Puente que permite atravesar el R\u00edo Cubillas a su paso por la localidad de \u201cIlurco\u201d. Esto conllevar\u00e1 modificaciones de tr\u00e1fico y del paso peatonal que requerir\u00e1n una buena se\u00f1alizaci\u00f3n.<\/p>\n<p style=\"text-align: justify;\">Adem\u00e1s se han valorado las zonas donde habr\u00e1 oportunidad para el descanso con bancos y fuente para los peregrinos en este tramo del Camino Moz\u00e1rabe.<br \/>\nTodas estas mejoras facilitar\u00e1n el paso de los peregrinos del Camino Moz\u00e1rabe a Santiago por nuestra comarca, enhorabuena por la colaboraci\u00f3n entre las Administraciones, Grupos de Desarrollo Rural y el Movimiento Asociativo Jacobeo.<\/p>\n<p><a href=\"https:\/\/i0.wp.com\/miradordeatarfe.es\/wp-content\/uploads\/2024\/01\/zentrevistaPinos.jpg?ssl=1\"><img data-recalc-dims=\"1\" loading=\"lazy\" decoding=\"async\" class=\"alignnone wp-image-66761 size-full\" src=\"https:\/\/i0.wp.com\/miradordeatarfe.es\/wp-content\/uploads\/2024\/01\/zentrevistaPinos.jpg?resize=530%2C387&#038;ssl=1\" alt=\"\" width=\"530\" height=\"387\" srcset=\"https:\/\/i0.wp.com\/miradordeatarfe.es\/wp-content\/uploads\/2024\/01\/zentrevistaPinos.jpg?w=530&amp;ssl=1 530w, https:\/\/i0.wp.com\/miradordeatarfe.es\/wp-content\/uploads\/2024\/01\/zentrevistaPinos.jpg?resize=300%2C219&amp;ssl=1 300w\" sizes=\"auto, (max-width: 530px) 100vw, 530px\" \/>\u00a0\u00a0 <\/a><a href=\"https:\/\/i0.wp.com\/miradordeatarfe.es\/wp-content\/uploads\/2024\/01\/ZonaMoclin1.jpg?ssl=1\"><img data-recalc-dims=\"1\" loading=\"lazy\" decoding=\"async\" class=\"alignnone wp-image-66762 size-full\" src=\"https:\/\/i0.wp.com\/miradordeatarfe.es\/wp-content\/uploads\/2024\/01\/ZonaMoclin1.jpg?resize=309%2C397&#038;ssl=1\" alt=\"\" width=\"309\" height=\"397\" srcset=\"https:\/\/i0.wp.com\/miradordeatarfe.es\/wp-content\/uploads\/2024\/01\/ZonaMoclin1.jpg?w=309&amp;ssl=1 309w, https:\/\/i0.wp.com\/miradordeatarfe.es\/wp-content\/uploads\/2024\/01\/ZonaMoclin1.jpg?resize=234%2C300&amp;ssl=1 234w\" sizes=\"auto, (max-width: 309px) 100vw, 309px\" \/><\/a><\/p>\n","protected":false},"excerpt":{"rendered":"<p>LA ASOCIACI\u00d3N ILBIRA MOZ\u00c1RABE, EL CLUB DE SENDERISMO \u201cEL CASTILLEJO\u201d Y LA FEDERACI\u00d3N ANDALUZA DE&#8230;<\/p>\n","protected":false},"author":1,"featured_media":66721,"comment_status":"closed","ping_status":"closed","sticky":false,"template":"","format":"standard","meta":{"_coblocks_attr":"","_coblocks_dimensions":"","_coblocks_responsive_height":"","_coblocks_accordion_ie_support":"","jetpack_post_was_ever_published":false,"_jetpack_newsletter_access":"","_jetpack_dont_email_post_to_subs":false,"_jetpack_newsletter_tier_id":0,"_jetpack_memberships_contains_paywalled_content":false,"_jetpack_memberships_contains_paid_content":false,"footnotes":"","jetpack_publicize_message":"","jetpack_publicize_feature_enabled":true,"jetpack_social_post_already_shared":false,"jetpack_social_options":{"image_generator_settings":{"template":"highway","default_image_id":0,"enabled":false},"version":2}},"categories":[12,186,44],"tags":[],"class_list":["post-66716","post","type-post","status-publish","format-standard","has-post-thumbnail","hentry","category-cultura","category-instituciones","category-noticias-de-hoy"],"jetpack_publicize_connections":[],"jetpack_featured_media_url":"https:\/\/i0.wp.com\/miradordeatarfe.es\/wp-content\/uploads\/2024\/01\/Screenshot-2024-01-26-at-11-25-27-Granada-Pinos-Puente-Camino-Mozarabe-Camino-de-Santiago.png?fit=954%2C230&ssl=1","jetpack_likes_enabled":true,"jetpack_sharing_enabled":true,"_links":{"self":[{"href":"https:\/\/miradordeatarfe.es\/index.php?rest_route=\/wp\/v2\/posts\/66716","targetHints":{"allow":["GET"]}}],"collection":[{"href":"https:\/\/miradordeatarfe.es\/index.php?rest_route=\/wp\/v2\/posts"}],"about":[{"href":"https:\/\/miradordeatarfe.es\/index.php?rest_route=\/wp\/v2\/types\/post"}],"author":[{"embeddable":true,"href":"https:\/\/miradordeatarfe.es\/index.php?rest_route=\/wp\/v2\/users\/1"}],"replies":[{"embeddable":true,"href":"https:\/\/miradordeatarfe.es\/index.php?rest_route=%2Fwp%2Fv2%2Fcomments&post=66716"}],"version-history":[{"count":4,"href":"https:\/\/miradordeatarfe.es\/index.php?rest_route=\/wp\/v2\/posts\/66716\/revisions"}],"predecessor-version":[{"id":66763,"href":"https:\/\/miradordeatarfe.es\/index.php?rest_route=\/wp\/v2\/posts\/66716\/revisions\/66763"}],"wp:featuredmedia":[{"embeddable":true,"href":"https:\/\/miradordeatarfe.es\/index.php?rest_route=\/wp\/v2\/media\/66721"}],"wp:attachment":[{"href":"https:\/\/miradordeatarfe.es\/index.php?rest_route=%2Fwp%2Fv2%2Fmedia&parent=66716"}],"wp:term":[{"taxonomy":"category","embeddable":true,"href":"https:\/\/miradordeatarfe.es\/index.php?rest_route=%2Fwp%2Fv2%2Fcategories&post=66716"},{"taxonomy":"post_tag","embeddable":true,"href":"https:\/\/miradordeatarfe.es\/index.php?rest_route=%2Fwp%2Fv2%2Ftags&post=66716"}],"curies":[{"name":"wp","href":"https:\/\/api.w.org\/{rel}","templated":true}]}}