{"id":66723,"date":"2024-01-27T08:28:19","date_gmt":"2024-01-27T07:28:19","guid":{"rendered":"https:\/\/miradordeatarfe.es\/?p=66723"},"modified":"2024-01-27T10:53:01","modified_gmt":"2024-01-27T09:53:01","slug":"muchos-hombres-se-sienten-discriminados-por-juan-santaella","status":"publish","type":"post","link":"https:\/\/miradordeatarfe.es\/?p=66723","title":{"rendered":"\u00abMUCHOS HOMBRES SE SIENTEN DISCRIMINADOS\u00bb por Juan Santaella"},"content":{"rendered":"<h3 style=\"text-align: justify;\"><b>La historia de la humanidad se ha escrito en masculino <\/b><\/h3>\n<p style=\"text-align: justify;\">En la \u00faltima encuesta del CIS sobre igualdad de g\u00e9nero, el 44,1% de los hombres (j\u00f3venes de 16 a 24 a\u00f1os, el 52%), y el 32,5% de las mujeres entienden que el feminismo ha ido demasiado lejos y que, hoy, est\u00e1n discriminados los hombres. Sin embargo, los propios hombres reconocen que a ellas les cuesta m\u00e1s acceder a puestos de trabajo y de responsabilidad, que dedican el doble de tiempo al cuidado de los hijos y del hogar (780 horas m\u00e1s al a\u00f1o, seg\u00fan la Caixa). Adem\u00e1s, hay una brecha salarial del 20%; la conciliaci\u00f3n de la vida familiar es mucho m\u00e1s dif\u00edcil para ellas\u2026 Y lo m\u00e1s grave: el a\u00f1o pasado, 56 mujeres fueron asesinadas, siete m\u00e1s que en 2022.<\/p>\n<p style=\"text-align: justify;\">\u00bfQu\u00e9 est\u00e1 pasando? Seg\u00fan la pedagoga del Equipo \u00c1gora, Alba Mart\u00ednez, muchos hombres, discriminados por raz\u00f3n de clase, se sienten agraviados al ver que a las mujeres se les reclaman m\u00e1s derechos, mientras que de su discriminaci\u00f3n nadie se acuerda. Adem\u00e1s, seg\u00fan ella, siempre hay personas reaccionarias que nunca entienden las pol\u00edticas compensatorias: si las becas sirven para lograr una mayor igualdad de oportunidades, las pol\u00edticas compensatorias para la mujer son, igualmente, necesarias, por la discriminaci\u00f3n que padecen.<\/p>\n<p style=\"text-align: justify;\">Hay, a mi entender, una raz\u00f3n m\u00e1s contundente, seg\u00fan recoge la propia encuesta: las opiniones difieren seg\u00fan sean las convicciones ideol\u00f3gicas. Solo el 13,8% de hombres de izquierdas consideran estar discriminados (18% PSOE, 8,3% Sumar); en tanto que s\u00ed lo sienten el 74,4% de derechas (87% Vox, y 60% PP); en mujeres, la proporci\u00f3n es similar: 11% izquierdas, y 58,6% derechas, es decir, las respuestas se explican m\u00e1s por orientaci\u00f3n pol\u00edtica partidista que por las ideas sobre el g\u00e9nero.<\/p>\n<p style=\"text-align: justify;\">En Espa\u00f1a lo hemos politizado todo, y basta que un sector defienda algo, para que el contrario piense lo opuesto. Esto nos obliga a una educaci\u00f3n cr\u00edtica, basada en hechos y argumentos, y no en bulos y sentimientos. Manuel Gonz\u00e1lez de Molina, catedr\u00e1tico de Historia Contempor\u00e1nea de la Universidad Pablo de Olavide, entiende que \u201cla econom\u00eda capitalista se ha basado en tres\u00a0 explotaciones: la del trabajo asalariado, la del trabajo no remunerado de la mujer y la de la naturaleza\u201d. Para \u00e9l, el trabajo de la mujer, durante el siglo XX, fue siempre subalterno y confinado al \u00e1mbito dom\u00e9stico, siendo expulsada del mercado de trabajo, papel que el Estado ayud\u00f3 a consolidar, creando un modelo de familia y unas relaciones sociales severamente patriarcales. Y ese tipo de sociedad, de tanto arraigo masculino, cuesta transformarlo en nuestros d\u00edas. Es decir, el capitalismo no hubiera persistido sin el trabajo no remunerado de la naturaleza y de las mujeres, pues solo pagaba parte del engranaje del sistema, como muy bien afirma Jason Moore.<\/p>\n<p style=\"text-align: justify;\">En definitiva, la historia de la humanidad se ha escrito en masculino, y es hora, aunque a algunos les rompa esquemas y confort, de que la historia la escribamos conjuntamente, como hemos empezado a hacer, pero aflorando ya el trabajo y los derechos femeninos, su importancia, y su colaboraci\u00f3n imprescindible para el desarrollo de la humanidad, en igualdad con el hombre. Las democracias se consolidar\u00e1n solo si se respeta el medio ambiente, el Estado de Derecho, y las mujeres logran la plena igualdad. De esos tres grandes retos depende, en gran parte, el futuro de la humanidad.<\/p>\n<p style=\"text-align: justify;\"><b>Juan Santaella\u00a0 <\/b><b><i>Ideal, 25-I-24 <\/i><\/b><\/p>\n<p>FOTO: https:\/\/forbes.es\/empresas\/42016\/formas-de-mostrar-respeto-a-las-mujeres-en-el-trabajo\/<\/p>\n","protected":false},"excerpt":{"rendered":"<p>La historia de la humanidad se ha escrito en masculino En la \u00faltima encuesta del&#8230;<\/p>\n","protected":false},"author":1,"featured_media":66724,"comment_status":"closed","ping_status":"closed","sticky":false,"template":"","format":"standard","meta":{"_coblocks_attr":"","_coblocks_dimensions":"","_coblocks_responsive_height":"","_coblocks_accordion_ie_support":"","jetpack_post_was_ever_published":false,"_jetpack_newsletter_access":"","_jetpack_dont_email_post_to_subs":false,"_jetpack_newsletter_tier_id":0,"_jetpack_memberships_contains_paywalled_content":false,"_jetpack_memberships_contains_paid_content":false,"footnotes":"","jetpack_publicize_message":"","jetpack_publicize_feature_enabled":true,"jetpack_social_post_already_shared":false,"jetpack_social_options":{"image_generator_settings":{"template":"highway","default_image_id":0,"enabled":false},"version":2}},"categories":[1161,14,44],"tags":[],"class_list":["post-66723","post","type-post","status-publish","format-standard","has-post-thumbnail","hentry","category-ciudadania","category-feminismo","category-noticias-de-hoy"],"jetpack_publicize_connections":[],"jetpack_featured_media_url":"https:\/\/i0.wp.com\/miradordeatarfe.es\/wp-content\/uploads\/2024\/01\/principal-28.jpg?fit=2000%2C1331&ssl=1","jetpack_likes_enabled":true,"jetpack_sharing_enabled":true,"_links":{"self":[{"href":"https:\/\/miradordeatarfe.es\/index.php?rest_route=\/wp\/v2\/posts\/66723","targetHints":{"allow":["GET"]}}],"collection":[{"href":"https:\/\/miradordeatarfe.es\/index.php?rest_route=\/wp\/v2\/posts"}],"about":[{"href":"https:\/\/miradordeatarfe.es\/index.php?rest_route=\/wp\/v2\/types\/post"}],"author":[{"embeddable":true,"href":"https:\/\/miradordeatarfe.es\/index.php?rest_route=\/wp\/v2\/users\/1"}],"replies":[{"embeddable":true,"href":"https:\/\/miradordeatarfe.es\/index.php?rest_route=%2Fwp%2Fv2%2Fcomments&post=66723"}],"version-history":[{"count":1,"href":"https:\/\/miradordeatarfe.es\/index.php?rest_route=\/wp\/v2\/posts\/66723\/revisions"}],"predecessor-version":[{"id":66725,"href":"https:\/\/miradordeatarfe.es\/index.php?rest_route=\/wp\/v2\/posts\/66723\/revisions\/66725"}],"wp:featuredmedia":[{"embeddable":true,"href":"https:\/\/miradordeatarfe.es\/index.php?rest_route=\/wp\/v2\/media\/66724"}],"wp:attachment":[{"href":"https:\/\/miradordeatarfe.es\/index.php?rest_route=%2Fwp%2Fv2%2Fmedia&parent=66723"}],"wp:term":[{"taxonomy":"category","embeddable":true,"href":"https:\/\/miradordeatarfe.es\/index.php?rest_route=%2Fwp%2Fv2%2Fcategories&post=66723"},{"taxonomy":"post_tag","embeddable":true,"href":"https:\/\/miradordeatarfe.es\/index.php?rest_route=%2Fwp%2Fv2%2Ftags&post=66723"}],"curies":[{"name":"wp","href":"https:\/\/api.w.org\/{rel}","templated":true}]}}