{"id":66729,"date":"2024-02-02T09:00:12","date_gmt":"2024-02-02T08:00:12","guid":{"rendered":"https:\/\/miradordeatarfe.es\/?p=66729"},"modified":"2024-02-02T10:54:26","modified_gmt":"2024-02-02T09:54:26","slug":"la-ugr-incluye-en-su-propuesta-de-formacion-permanente-las-microcredenciales","status":"publish","type":"post","link":"https:\/\/miradordeatarfe.es\/?p=66729","title":{"rendered":"La UGR incluye en su propuesta de formaci\u00f3n permanente las microcredenciales"},"content":{"rendered":"<h3 class=\"entry-title text-thin\" style=\"text-align: justify;\">La UGR incluye en su propuesta de formaci\u00f3n permanente las microcredenciales, un nuevo formato para adquirir o actualizar conocimientos, capacidades y competencias<\/h3>\n<div class=\"small-12 large-8 columns\" role=\"main\">\n<article id=\"post-411467\" class=\"post-411467 noticia type-noticia status-publish has-post-thumbnail hentry categoria_canalugr-ugractualidad\">\n<div class=\"entry-content\">\n<p style=\"text-align: justify;\"><strong>La Universidad de Granada oferta para este curso dos nuevas microcredenciales, una de ellas relacionada con la \u00a0bioseguridad y otra con el diagn\u00f3stico y tratamiento de la EPOC <\/strong><\/p>\n<p style=\"text-align: justify;\">La Universidad de Granada incluye en su propuesta de formaci\u00f3n permanente \u00a0dos microcredenciales, un nuevo modelo formativo que permite que las personas adquieran, actualicen y mejoren los conocimientos, capacidades y competencias que necesitan. Esta nueva f\u00f3rmula de aprendizaje, promovida por la Uni\u00f3n Europea, consiste en experiencias breves de aprendizaje, de menos de 15 cr\u00e9ditos ECTS, que satisfacen las necesidades de nuevos conocimientos, capacidades y competencias orientadas a facilitar la plena participaci\u00f3n en la sociedad de todas las personas a lo largo de toda la vida, favoreciendo la mejora de la empleabilidad.<\/p>\n<p style=\"text-align: justify;\">La UGR oferta en este curso 2023-24 dos microcredenciales, el <a href=\"https:\/\/titulospropios.ugr.es\/estudiantes\/oferta-formativa\/microcredenciales\/microcredencial-curso-especializacion-bioseguridad\">Curso de Especializaci\u00f3n en Bioseguridad<\/a>, dirigido a estudiantes y egresados, y el <a href=\"https:\/\/titulospropios.ugr.es\/estudiantes\/oferta-formativa\/microcredenciales\/microcredencial-curso-teorico-practico-actualizacion-el\">Curso Te\u00f3rico-Pr\u00e1ctico de Actualizaci\u00f3n en el Diagn\u00f3stico y Tratamiento de la EPOC<\/a>, dirigido a profesionales. Estas microcredenciales, como otras que se ir\u00e1n incorporando progresivamente, tienen como objetivo ofrecer una formaci\u00f3n especializada y \u00a0actualizada, con rigor y capaz de abarcar las necesidades de formaci\u00f3n de los estudiantes y de los profesionales,\u00a0cuenten o no con titulaci\u00f3n universitaria. Esta nueva propuesta se une adem\u00e1s a un <a href=\"https:\/\/titulospropios.ugr.es\/\">extenso programa de t\u00edtulos propios de posgrado<\/a> y cursos de Formaci\u00f3n Permanente de la Universidad de Granada.<\/p>\n<p style=\"text-align: justify;\">El objetivo de las microcredenciales es permitir prosperar en un mercado de trabajo y una sociedad cambiantes, para beneficiarse plenamente de una transici\u00f3n equitativa hacia la econom\u00eda sostenible y digital, para estar mejor preparados frente a los retos presentes y futuros. A diferencia de los t\u00edtulos tradicionales, las microcredenciales se centran en competencias espec\u00edficas y pueden ser obtenidas de manera m\u00e1s r\u00e1pida y flexible.<\/p>\n<p style=\"text-align: justify;\">Seg\u00fan datos del Foro Econ\u00f3mico Mundial, la mitad de los profesionales actuales, independientemente de su cualificaci\u00f3n inicial, tendr\u00e1n que actualizar sus competencias en los pr\u00f3ximos cinco a\u00f1os y el 65 por ciento de los trabajos que har\u00e1n los nacidos en la generaci\u00f3n Z a\u00fan no existen.<\/p>\n<p style=\"text-align: justify;\">La oferta de microcredenciales es totalmente din\u00e1mica de modo que <a href=\"https:\/\/titulospropios.ugr.es\/proyectos\/presentacion-solicitud\">se puede presentar una nueva propuesta de curso en cualquier momento de este curso acad\u00e9mico 2023\/24<\/a>. Esta modalidad, adem\u00e1s, tiene la particularidad de que se puede considerar en una estructura modular y apilable, pudiendo configurar un curso de Formaci\u00f3n Permanente de mayor rango (RD822\/2021).<\/p>\n<p><strong>Contacto:<\/strong><\/p>\n<p>Vanessa M. Martos N\u00fa\u00f1ez<br \/>\nDirectora de Formaci\u00f3n Permanente<br \/>\nVicerrectorado de Posgrado y Formaci\u00f3n Permanente Ana M. Garc\u00eda Campa\u00f1a<br \/>\nVicerrectora de Posgrado y Formaci\u00f3n Permanente<br \/>\n<a href=\"mailto:Viceposgradofp@ugr.es\">Viceposgradofp@ugr.es<\/a><\/p>\n<\/div>\n<footer><\/footer>\n<\/article>\n<\/div>\n<aside id=\"sidebar\" class=\"small-12 large-4 columns\">\n<div class=\"row\">\n<article id=\"post-411644\" class=\"event small-12 large-12 columns\">\n<div class=\"row\">\n<div class=\"clearfix\">\u00a0<\/div>\n<\/div>\n<\/article>\n<\/div>\n<\/aside>\n","protected":false},"excerpt":{"rendered":"<p>La UGR incluye en su propuesta de formaci\u00f3n permanente las microcredenciales, un nuevo formato para&#8230;<\/p>\n","protected":false},"author":1,"featured_media":66730,"comment_status":"closed","ping_status":"closed","sticky":false,"template":"","format":"standard","meta":{"_coblocks_attr":"","_coblocks_dimensions":"","_coblocks_responsive_height":"","_coblocks_accordion_ie_support":"","jetpack_post_was_ever_published":false,"_jetpack_newsletter_access":"","_jetpack_dont_email_post_to_subs":false,"_jetpack_newsletter_tier_id":0,"_jetpack_memberships_contains_paywalled_content":false,"_jetpack_memberships_contains_paid_content":false,"footnotes":"","jetpack_publicize_message":"","jetpack_publicize_feature_enabled":true,"jetpack_social_post_already_shared":true,"jetpack_social_options":{"image_generator_settings":{"template":"highway","default_image_id":0,"enabled":false},"version":2}},"categories":[1161,10781,44],"tags":[],"class_list":["post-66729","post","type-post","status-publish","format-standard","has-post-thumbnail","hentry","category-ciudadania","category-granada","category-noticias-de-hoy"],"jetpack_publicize_connections":[],"jetpack_featured_media_url":"https:\/\/i0.wp.com\/miradordeatarfe.es\/wp-content\/uploads\/2024\/01\/microcredenciales.webp?fit=1200%2C796&ssl=1","jetpack_likes_enabled":true,"jetpack_sharing_enabled":true,"_links":{"self":[{"href":"https:\/\/miradordeatarfe.es\/index.php?rest_route=\/wp\/v2\/posts\/66729","targetHints":{"allow":["GET"]}}],"collection":[{"href":"https:\/\/miradordeatarfe.es\/index.php?rest_route=\/wp\/v2\/posts"}],"about":[{"href":"https:\/\/miradordeatarfe.es\/index.php?rest_route=\/wp\/v2\/types\/post"}],"author":[{"embeddable":true,"href":"https:\/\/miradordeatarfe.es\/index.php?rest_route=\/wp\/v2\/users\/1"}],"replies":[{"embeddable":true,"href":"https:\/\/miradordeatarfe.es\/index.php?rest_route=%2Fwp%2Fv2%2Fcomments&post=66729"}],"version-history":[{"count":2,"href":"https:\/\/miradordeatarfe.es\/index.php?rest_route=\/wp\/v2\/posts\/66729\/revisions"}],"predecessor-version":[{"id":66910,"href":"https:\/\/miradordeatarfe.es\/index.php?rest_route=\/wp\/v2\/posts\/66729\/revisions\/66910"}],"wp:featuredmedia":[{"embeddable":true,"href":"https:\/\/miradordeatarfe.es\/index.php?rest_route=\/wp\/v2\/media\/66730"}],"wp:attachment":[{"href":"https:\/\/miradordeatarfe.es\/index.php?rest_route=%2Fwp%2Fv2%2Fmedia&parent=66729"}],"wp:term":[{"taxonomy":"category","embeddable":true,"href":"https:\/\/miradordeatarfe.es\/index.php?rest_route=%2Fwp%2Fv2%2Fcategories&post=66729"},{"taxonomy":"post_tag","embeddable":true,"href":"https:\/\/miradordeatarfe.es\/index.php?rest_route=%2Fwp%2Fv2%2Ftags&post=66729"}],"curies":[{"name":"wp","href":"https:\/\/api.w.org\/{rel}","templated":true}]}}