{"id":66735,"date":"2024-01-30T10:51:29","date_gmt":"2024-01-30T09:51:29","guid":{"rendered":"https:\/\/miradordeatarfe.es\/?p=66735"},"modified":"2024-01-26T11:53:36","modified_gmt":"2024-01-26T10:53:36","slug":"programa-puentes-de-practicas-extracurriculares-en-municipios-de-granada","status":"publish","type":"post","link":"https:\/\/miradordeatarfe.es\/?p=66735","title":{"rendered":"Programa PUENTES de pr\u00e1cticas extracurriculares en municipios de Granada"},"content":{"rendered":"<header>\n<h2 class=\"text-uppercase text-bold text-color-primary\" style=\"text-align: justify;\"><time class=\"text-light text-color-dark-grey \"> <span class=\"text-book\"> Fecha: Hasta el 11 febrero 2024 <\/span> <\/time><\/h2>\n<\/header>\n<div class=\"entry-content\">\n<p style=\"text-align: justify;\">La Diputaci\u00f3n de Granada, desde la Delegaci\u00f3n de Fondos Europeos, Desarrollo, Industria y Empleo, pone en marcha el Programa PUENTES AGENDA URBANA en colaboraci\u00f3n con la Universidad de Granada, el Consejo Social UGR y Mancomunidades\/Asociaciones de Municipios\/Consorcios, como apoyo a la implementaci\u00f3n de sus Agendas Urbanas Locales.<\/p>\n<p style=\"text-align: justify;\">Este Programa <strong>posibilita la realizaci\u00f3n de pr\u00e1cticas extracurriculares a j\u00f3venes universitarios\/as <\/strong>en el marco de actuaciones de las Agendas Urbanas Locales de distintos municipios de la provincia en fase de desarrollo.<\/p>\n<p style=\"text-align: justify;\">El proceso incluye una fase de formaci\u00f3n especializada, una fase de acompa\u00f1amiento y orientaci\u00f3n profesional, y el desarrollo de las pr\u00e1cticas a trav\u00e9s del programa \u00cdcaro, de car\u00e1cter semipresencial, tutorizadas y mentorizadas por profesionales y expertos. El plazo de inscripci\u00f3n <strong>finaliza 11 de Febrero de 2024.<\/strong><\/p>\n<p style=\"text-align: justify;\"><strong>Desarrollo del proceso de formaci\u00f3n y pr\u00e1cticas:<\/strong><\/p>\n<ul style=\"text-align: justify;\">\n<li><strong>N\u00ba estudiantes<\/strong>: 19 plazas distribuidas en un total de 19 Ofertas<\/li>\n<li><strong>Duraci\u00f3n:<\/strong> 6 meses (de abril a septiembre 2024)<\/li>\n<li><strong>Dotaci\u00f3n:<\/strong> 450\u20ac brutos en concepto de beca o bolsa de ayuda al estudio m\u00e1s ayuda por desplazamiento a los municipios donde se desarrollan las pr\u00e1cticas.<\/li>\n<li><strong>Horas:<\/strong> 600 horas totales. 25 horas\/semanales (car\u00e1cter semipresencial)<\/li>\n<li><strong>Plazo de solicitud<\/strong> hasta el 11 Febrero 2023<\/li>\n<li><strong>Localidades: <\/strong>\n<ul>\n<li>Municipios de la provincia de Granada: Asociaci\u00f3n de Municipios Alfanevada, Asociaci\u00f3n de Municipios Montes Occidentales, Asociaci\u00f3n de Municipios Tierra de Aguas, Consorcio Montes Orientales, Mancomunidad Valle de Lecr\u00edn, Mancomunidad de la Comarca de Baza, Mancomunidad de la Comarca de Guadix, Mancomunidad de la Comarca de Hu\u00e9scar, Mancomunidad de la Comarca de la Alpujarra, Mancomunidad Costa Tropical-Contraviesa, Mancomunidad Costa Tropical-Poniente, Mancomunidad Ribera Baja del Genil y \u00c1rea Metropolitana.<\/li>\n<li>Se excluye Granada capital. Se valorar\u00e1 la disponibilidad de veh\u00edculo.<\/li>\n<\/ul>\n<\/li>\n<li><strong>Periodo de pr\u00e1cticas: 01\/04\/2024 a 30\/09\/2024<\/strong><\/li>\n<\/ul>\n<p style=\"text-align: justify;\">El desarrollo del programa tiene un <strong>car\u00e1cter semipresencial.<\/strong> La presencialidad se desarrollar\u00e1 en el Centro de Iniciativa Empresarial (CIE) de la Diputaci\u00f3n de Granada y en el municipio de actuaci\u00f3n, con una carga presencial que no superar\u00e1 el 50% de las horas totales.<\/p>\n<p style=\"text-align: justify;\">El proceso incluye:<\/p>\n<p style=\"text-align: justify;\">\u2013\u00a0\u00a0\u00a0 Programa de formaci\u00f3n espec\u00edfica relacionada con las actuaciones a desarrollar.<br \/>\n\u2013\u00a0\u00a0\u00a0\u00a0Acompa\u00f1amiento y orientaci\u00f3n profesional para la mejora de la empleabilidad.<br \/>\n\u2013\u00a0\u00a0\u00a0 Pr\u00e1cticas de apoyo a uno de los proyectos enmarcados dentro de la Agenda Urbana. <strong>(<a href=\"https:\/\/www.dipgra.es\/uploaddoc\/areas\/1259\/Tabla_Proyectos_Territorios_Titulaciones_Oferta_%C3%8Dcaro.pdf\">ver Tabla de Proyectos, Territorios, Titulaciones y N\u00fameros de Oferta \u00cdcaro<\/a>).<\/strong><\/p>\n<p style=\"text-align: justify;\"><strong>Requisitos obligatorios:<\/strong><\/p>\n<ul style=\"text-align: justify;\">\n<li>Estudiante matriculado\/a en la UGR menor de 30 a\u00f1os.<\/li>\n<li>Para estudiantes de grado, tener superados al menos el 50% de los cr\u00e9ditos.<\/li>\n<li>Titulaciones requeridas <strong>(<a href=\"https:\/\/www.dipgra.es\/uploaddoc\/areas\/1259\/Tabla_Proyectos_Territorios_Titulaciones_Oferta_%C3%8Dcaro.pdf\">ver Tabla de Proyectos, Territorios, Titulaciones y N\u00fameros de Oferta \u00cdcaro<\/a>).<\/strong><\/li>\n<li>Inscripci\u00f3n en la <a href=\"https:\/\/ugr.portalicaro.es\/home\"><strong>Plataforma ICARO<\/strong> de la Universidad de Granada<\/a><\/li>\n<\/ul>\n<p style=\"text-align: justify;\"><strong>Sesi\u00f3n informativa grupal obligatoria<\/strong> el d\u00eda 19 de Febrero\u00a0de 2024 a las 10 de la ma\u00f1ana. Se realizar\u00e1 en Sal\u00f3n de Actos del Edificio CIE de la Diputaci\u00f3n de Granada, Avenida Andaluc\u00eda s\/n, 18014-Granada.<\/p>\n<p style=\"text-align: justify;\">Las <strong>entrevistas<\/strong> tendr\u00e1n lugar los d\u00edas<strong> 26, 27 y 29 de Febrero y 1 de Marzo de 2024 en el Edificio CIE de la Diputaci\u00f3n de Granada, Avenida Andaluc\u00eda s\/n, 18014-Granada.<\/strong><\/p>\n<hr \/>\n<p style=\"text-align: justify;\"><strong>M\u00e1s informaci\u00f3n:<\/strong><\/p>\n<ul style=\"text-align: justify;\">\n<li>Eugenia Morillas. 958 804 957<\/li>\n<li>Elo\u00edsa Monta\u00f1ana Mart\u00edn. 958 247 026<\/li>\n<li>Roc\u00edo Gim\u00e9nez Garc\u00eda. 958 247840<\/li>\n<li>correo: <a href=\"mailto:alumnadopuentes@dipgra.es\">alumnadopuentes@dipgra.es<\/a><\/li>\n<\/ul>\n<hr \/>\n<ul style=\"text-align: justify;\">\n<li><strong><a href=\"https:\/\/www.dipgra.es\/uploaddoc\/areas\/1259\/Bases%20de%20Selecci\u00f3n%202024.pdf\">Descargar Bases de selecci\u00f3n del Programa (PDF)<\/a><\/strong><\/li>\n<li><a href=\"https:\/\/www.dipgra.es\/uploaddoc\/areas\/1259\/Tabla_Proyectos_Territorios_Titulaciones_Oferta_\u00cdcaro.pdf\"><strong>Descargar Tabla de Proyectos, Territorios, Titulaciones y N\u00famero de Oferta en \u00cdcaro 2024 (PDF)<\/strong> <\/a><\/li>\n<\/ul>\n<div class=\"clearfix\" style=\"text-align: justify;\">https:\/\/canal.ugr.es\/convocatoria\/programa-puentes-de-practicas-extracurriculares-en-municipios-de-granada\/<\/div>\n<\/div>\n","protected":false},"excerpt":{"rendered":"<p>Fecha: Hasta el 11 febrero 2024 La Diputaci\u00f3n de Granada, desde la Delegaci\u00f3n de Fondos&#8230;<\/p>\n","protected":false},"author":1,"featured_media":66736,"comment_status":"closed","ping_status":"closed","sticky":false,"template":"","format":"standard","meta":{"_coblocks_attr":"","_coblocks_dimensions":"","_coblocks_responsive_height":"","_coblocks_accordion_ie_support":"","jetpack_post_was_ever_published":false,"_jetpack_newsletter_access":"","_jetpack_dont_email_post_to_subs":false,"_jetpack_newsletter_tier_id":0,"_jetpack_memberships_contains_paywalled_content":false,"_jetpack_memberships_contains_paid_content":false,"footnotes":"","jetpack_publicize_message":"","jetpack_publicize_feature_enabled":true,"jetpack_social_post_already_shared":true,"jetpack_social_options":{"image_generator_settings":{"template":"highway","default_image_id":0,"enabled":false},"version":2}},"categories":[1161,10781,44],"tags":[],"class_list":["post-66735","post","type-post","status-publish","format-standard","has-post-thumbnail","hentry","category-ciudadania","category-granada","category-noticias-de-hoy"],"jetpack_publicize_connections":[],"jetpack_featured_media_url":"https:\/\/i0.wp.com\/miradordeatarfe.es\/wp-content\/uploads\/2024\/01\/Programa-Puentes-versiones-color-01fondo-blanco.webp?fit=553%2C375&ssl=1","jetpack_likes_enabled":true,"jetpack_sharing_enabled":true,"_links":{"self":[{"href":"https:\/\/miradordeatarfe.es\/index.php?rest_route=\/wp\/v2\/posts\/66735","targetHints":{"allow":["GET"]}}],"collection":[{"href":"https:\/\/miradordeatarfe.es\/index.php?rest_route=\/wp\/v2\/posts"}],"about":[{"href":"https:\/\/miradordeatarfe.es\/index.php?rest_route=\/wp\/v2\/types\/post"}],"author":[{"embeddable":true,"href":"https:\/\/miradordeatarfe.es\/index.php?rest_route=\/wp\/v2\/users\/1"}],"replies":[{"embeddable":true,"href":"https:\/\/miradordeatarfe.es\/index.php?rest_route=%2Fwp%2Fv2%2Fcomments&post=66735"}],"version-history":[{"count":1,"href":"https:\/\/miradordeatarfe.es\/index.php?rest_route=\/wp\/v2\/posts\/66735\/revisions"}],"predecessor-version":[{"id":66737,"href":"https:\/\/miradordeatarfe.es\/index.php?rest_route=\/wp\/v2\/posts\/66735\/revisions\/66737"}],"wp:featuredmedia":[{"embeddable":true,"href":"https:\/\/miradordeatarfe.es\/index.php?rest_route=\/wp\/v2\/media\/66736"}],"wp:attachment":[{"href":"https:\/\/miradordeatarfe.es\/index.php?rest_route=%2Fwp%2Fv2%2Fmedia&parent=66735"}],"wp:term":[{"taxonomy":"category","embeddable":true,"href":"https:\/\/miradordeatarfe.es\/index.php?rest_route=%2Fwp%2Fv2%2Fcategories&post=66735"},{"taxonomy":"post_tag","embeddable":true,"href":"https:\/\/miradordeatarfe.es\/index.php?rest_route=%2Fwp%2Fv2%2Ftags&post=66735"}],"curies":[{"name":"wp","href":"https:\/\/api.w.org\/{rel}","templated":true}]}}