{"id":66764,"date":"2024-01-29T11:24:24","date_gmt":"2024-01-29T10:24:24","guid":{"rendered":"https:\/\/miradordeatarfe.es\/?p=66764"},"modified":"2024-01-31T12:45:27","modified_gmt":"2024-01-31T11:45:27","slug":"hablar-del-tiempo-por-remedios-sanchez","status":"publish","type":"post","link":"https:\/\/miradordeatarfe.es\/?p=66764","title":{"rendered":"\u00abHABLAR DEL TIEMPO\u00bb por  Remedios S\u00e1nchez"},"content":{"rendered":"<h3 style=\"text-align: justify;\">El tema m\u00e1s socorrido cuando a alguien no se le ocurr\u00eda nada para romper un silencio inc\u00f3modo era hablar del tiempo. \u00a0<\/h3>\n<p style=\"text-align: justify;\">De si el d\u00eda anterior hab\u00eda hecho m\u00e1s calor de lo habitual o de si febrero se acercaba con un ruido de lluvia tocando en los cristales de las noches de invierno y conven\u00eda no olvidarse el paraguas. \u00a0Esto no sucede ya, mayormente porque en Espa\u00f1a no llueve; lo cual, que la pol\u00edtica-ficci\u00f3n de mediocridades varias ha quedado relegada a un segundo plano frente a la preocupaci\u00f3n medioambiental, ahora que nos han explicado lo que significa que 2023 haya sido el a\u00f1o m\u00e1s seco en m\u00e1s de siglo y medio (es decir, desde que existen registros).<\/p>\n<p style=\"text-align: justify;\">El personal ha empezado a darse cuenta de que los mandamases actuales son, por fortuna, transitorios, pero que el cambio clim\u00e1tico ha venido para quedarse y crearnos una situaci\u00f3n de indefensi\u00f3n, cargada de consecuencias que tienen casi tan confusos a los cient\u00edficos como a cualquier espa\u00f1olito de a pie porque viene a transformar nuestro modo de vida. El problema, claro, es saber qu\u00e9 piensan de esto los que tienen que tomar medidas para frenar las consecuencias que afectan a todos los sectores, se pongan como se pongan los negacionistas y dem\u00e1s especies ultramontanas en v\u00edas de extinci\u00f3n.<\/p>\n<p style=\"text-align: justify;\">La realidad es santa y ha dejado de ser algo que suced\u00eda en otros pa\u00edses (incendios en Canad\u00e1 o Haw\u00e1i; huracanes en M\u00e9xico; terremotos en Turqu\u00eda; la sequ\u00eda amaz\u00f3nica imparable) para atravesar el pa\u00eds de norte a sur. Que la Espa\u00f1a seca se ha convertido ya en la Espa\u00f1a \u00e1rida empez\u00f3 con la evidencia de las restricciones de agua, que son una constante en medio pa\u00eds (al otro medio est\u00e1n a punto de llegar) y sigue con la comprobaci\u00f3n de la manera en que afecta a la agricultura que, para nuestra realidad cotidiana, conlleva que los tomates, el aceite o las naranjas -por ejemplo-. como son m\u00e1s escasas las cosechas, multipliquen sus precios.<\/p>\n<p style=\"text-align: justify;\">La cuesti\u00f3n es cu\u00e1les son las pol\u00edticas integrales que deben aplicarse urgentemente. Esas que no pasan por ampliar el aeropuerto de Barajas, la \u00faltima ocurrencia de Pedro S\u00e1nchez, que se ha despistado y no ha visto la relaci\u00f3n entre frenar el calentamiento global -lo que defendi\u00f3 en la cumbre de Emiratos \u00c1rabes- y el efecto de los gases invernadero que supondr\u00eda aumentar el n\u00famero de vuelos. A ninguno se le ha ocurrido plantearse si reestructurarlos con alg\u00fan criterio no es m\u00e1s adecuado, porque todos los grupos pol\u00edticos (desde Podemos al PP, puesto que VOX niega la mayor y vive en un limbo donde ni sufre ni padece), aparte de quejarse, tienen p\u00e1nico \u00a0al coste electoral que implicar\u00eda tomar medidas contundentes y evidentemente impopulares en un momento en que la gente quiere, a la vez, protecci\u00f3n medioambiental y tres coches en el garaje, como si los gestores p\u00fablicos tuvieran varitas m\u00e1gicas.<\/p>\n<p style=\"text-align: justify;\">Y, en esta \u00e9poca en la que hacer el rid\u00edculo se cotiza a la alza, afirmando una cosa y la contraria a la vez sin consecuencias, no hay quien tome medidas que debieran entenderse como inaplazables. Ah\u00ed reside lo grave del asunto: en que, mientras estos se\u00f1ores que son incapaces de llegar a consensos esenciales y se lamentan porque hemos perdido las estaciones nadie sabe d\u00f3nde, el planeta se nos muere cada amanecer un rato y aqu\u00ed no pasa nada.<\/p>\n<p>FOTO: Crisis clim\u00e1tica(Fuente externa)<\/p>\n","protected":false},"excerpt":{"rendered":"<p>El tema m\u00e1s socorrido cuando a alguien no se le ocurr\u00eda nada para romper un&#8230;<\/p>\n","protected":false},"author":1,"featured_media":66765,"comment_status":"closed","ping_status":"closed","sticky":false,"template":"","format":"standard","meta":{"_coblocks_attr":"","_coblocks_dimensions":"","_coblocks_responsive_height":"","_coblocks_accordion_ie_support":"","jetpack_post_was_ever_published":false,"_jetpack_newsletter_access":"","_jetpack_dont_email_post_to_subs":false,"_jetpack_newsletter_tier_id":0,"_jetpack_memberships_contains_paywalled_content":false,"_jetpack_memberships_contains_paid_content":false,"footnotes":"","jetpack_publicize_message":"","jetpack_publicize_feature_enabled":true,"jetpack_social_post_already_shared":true,"jetpack_social_options":{"image_generator_settings":{"template":"highway","default_image_id":0,"enabled":false},"version":2}},"categories":[1161,9,44,6914],"tags":[],"class_list":["post-66764","post","type-post","status-publish","format-standard","has-post-thumbnail","hentry","category-ciudadania","category-medio-ambiente","category-noticias-de-hoy","category-opinion-de-reme-sanchez"],"jetpack_publicize_connections":[],"jetpack_featured_media_url":"https:\/\/i0.wp.com\/miradordeatarfe.es\/wp-content\/uploads\/2024\/01\/Crisis-climatica.jpg.webp?fit=1152%2C768&ssl=1","jetpack_likes_enabled":true,"jetpack_sharing_enabled":true,"_links":{"self":[{"href":"https:\/\/miradordeatarfe.es\/index.php?rest_route=\/wp\/v2\/posts\/66764","targetHints":{"allow":["GET"]}}],"collection":[{"href":"https:\/\/miradordeatarfe.es\/index.php?rest_route=\/wp\/v2\/posts"}],"about":[{"href":"https:\/\/miradordeatarfe.es\/index.php?rest_route=\/wp\/v2\/types\/post"}],"author":[{"embeddable":true,"href":"https:\/\/miradordeatarfe.es\/index.php?rest_route=\/wp\/v2\/users\/1"}],"replies":[{"embeddable":true,"href":"https:\/\/miradordeatarfe.es\/index.php?rest_route=%2Fwp%2Fv2%2Fcomments&post=66764"}],"version-history":[{"count":1,"href":"https:\/\/miradordeatarfe.es\/index.php?rest_route=\/wp\/v2\/posts\/66764\/revisions"}],"predecessor-version":[{"id":66766,"href":"https:\/\/miradordeatarfe.es\/index.php?rest_route=\/wp\/v2\/posts\/66764\/revisions\/66766"}],"wp:featuredmedia":[{"embeddable":true,"href":"https:\/\/miradordeatarfe.es\/index.php?rest_route=\/wp\/v2\/media\/66765"}],"wp:attachment":[{"href":"https:\/\/miradordeatarfe.es\/index.php?rest_route=%2Fwp%2Fv2%2Fmedia&parent=66764"}],"wp:term":[{"taxonomy":"category","embeddable":true,"href":"https:\/\/miradordeatarfe.es\/index.php?rest_route=%2Fwp%2Fv2%2Fcategories&post=66764"},{"taxonomy":"post_tag","embeddable":true,"href":"https:\/\/miradordeatarfe.es\/index.php?rest_route=%2Fwp%2Fv2%2Ftags&post=66764"}],"curies":[{"name":"wp","href":"https:\/\/api.w.org\/{rel}","templated":true}]}}