{"id":66767,"date":"2024-01-29T10:37:00","date_gmt":"2024-01-29T09:37:00","guid":{"rendered":"https:\/\/miradordeatarfe.es\/?p=66767"},"modified":"2024-01-27T12:41:03","modified_gmt":"2024-01-27T11:41:03","slug":"la-ebau-inviable","status":"publish","type":"post","link":"https:\/\/miradordeatarfe.es\/?p=66767","title":{"rendered":"La EBAU inviable"},"content":{"rendered":"<h3 class=\"a_st\" style=\"text-align: justify;\">La propuesta de unificar el acceso a la universidad resucita una reivindicaci\u00f3n que el PP nunca ejecuta cuando gobierna<\/h3>\n<div class=\"a_c clearfix\" data-dtm-region=\"articulo_cuerpo\">\n<p class=\"\" style=\"text-align: justify;\">El anuncio de que las 11 comunidades aut\u00f3nomas en las que gobierna el PP<a href=\"https:\/\/elpais.com\/educacion\/2024-01-24\/feijoo-asegura-que-las-autonomias-en-manos-del-pp-celebraran-una-ebau-con-contenidos-comunes.html\" target=\"_blank\" rel=\"noopener\" data-link-track-dtm=\"\" data-mrf-link=\"https:\/\/elpais.com\/educacion\/2024-01-24\/feijoo-asegura-que-las-autonomias-en-manos-del-pp-celebraran-una-ebau-con-contenidos-comunes.html\"> modificar\u00e1n las pruebas de la EBAU (la antigua Selectividad) de 2025 para realizar un examen com\u00fan<\/a> en todas ellas es mucho m\u00e1s que una provocaci\u00f3n pol\u00edtica. Con esta iniciativa, m\u00e1s propagand\u00edstica que real, Alberto N\u00fa\u00f1ez Feij\u00f3o aprovecha el control que ejerce sobre los gobiernos auton\u00f3micos para condicionar la pol\u00edtica educativa del Gobierno y del resto de autonom\u00edas. Y lo hace por la v\u00eda de los hechos consumados, en lugar de participar en el debate abierto a trav\u00e9s de los cauces previstos. El Ministerio de Educaci\u00f3n promovi\u00f3 la pasada legislatura una revisi\u00f3n de las pruebas de acceso a la universidad para adaptarlas al nuevo bachiller previsto en la Lomloe y consensuar criterios m\u00e1s homog\u00e9neos de evaluaci\u00f3n, pero nunca para modificar los contenidos del examen, que son competencia auton\u00f3mica.<\/p>\n<p class=\"\" style=\"text-align: justify;\">La propuesta de Feij\u00f3o de un examen con contenidos, criterios de correcci\u00f3n y fechas comunes en esas 11 comunidades es en realidad inviable. La prueba de acceso a la universidad ha de evaluar los conocimientos de los alumnos de acuerdo con el curr\u00edculo que han estudiado en el bachillerato y esos curr\u00edculos son diferentes en cada comunidad. Las autonom\u00edas deciden el 40% de los contenidos y las que tienen lengua propia, el 50%. Para que la prueba fuera v\u00e1lida y justa deber\u00edan unificarse tambi\u00e9n los estudios, cosa que no est\u00e1 prevista en el actual marco legislativo.<\/p>\n<p class=\"\" style=\"text-align: justify;\">Por otra parte, la nota de acceso a la universidad est\u00e1 formada en un 60% por la media del bachiller y en un 40% por la obtenida en la Selectividad. La unificaci\u00f3n de esta \u00faltima prueba tampoco servir\u00eda para asegurar la igualdad que el PP dice pretender. Seg\u00fan la Conferencia de Rectores de las Universidades Espa\u00f1olas (CRUE), no existen informes concluyentes que demuestren la existencia de grandes diferencias entre comunidades en la forma de evaluar la Selectividad. Donde s\u00ed se observan, en cambio, diferencias importantes es en la parte de la nota que depende de los centros. Hay indicios de que algunos colegios privados podr\u00edan inflar las calificaciones de bachillerato para subir la nota final de la Selectividad. En 2022, el porcentaje de alumnos que obtuvo sobresaliente en la media de bachillerato fue del 30,2% en los centros privados, del 27% en los concertados y del 21% en los p\u00fablicos.<\/p>\n<p class=\"\" style=\"text-align: justify;\">Implantar una \u00fanica EBAU simult\u00e1nea e id\u00e9ntica para toda Espa\u00f1a es una vieja reivindicaci\u00f3n del Partido Popular. Ya lo propuso hace una d\u00e9cada, pero cuando ha gobernado no lo ha llevado a cabo. De hecho,<a href=\"https:\/\/elpais.com\/educacion\/2024-01-25\/lo-que-opinan-las-seis-comunidades-no-gobernadas-por-el-pp-sobre-la-prueba-unica-de-la-ebau-es-inviable.html\" target=\"_blank\" rel=\"noopener\" data-link-track-dtm=\"\" data-mrf-link=\"https:\/\/elpais.com\/educacion\/2024-01-25\/lo-que-opinan-las-seis-comunidades-no-gobernadas-por-el-pp-sobre-la-prueba-unica-de-la-ebau-es-inviable.html\"> el actual sistema de Selectividad emana de la Lomce, la \u00faltima ley educativa aprobada por el PP<\/a>. En 2012 el Tribunal Constitucional rechaz\u00f3 un intento de modificaci\u00f3n por parte del Gobierno de Mariano Rajoy por considerar que usurpaba competencias auton\u00f3micas. Se puede plantear una mejora en el dise\u00f1o y los criterios de correcci\u00f3n de la Selectividad \u2014por ejemplo, c\u00f3mo penalizan las faltas de ortograf\u00eda\u2014, pero ha de ser consensuado, nunca una decisi\u00f3n unilateral de una parte de las autonom\u00edas.<\/p>\n<header class=\"a_e a_e-o _g _g-xs\">\n<div class=\"a_e_m\">\n<figure class=\"a_m a_m-h \"><figcaption class=\"a_m_p\"><a class=\"a_md_a_n\" title=\"Ver todas las noticias de El Pa\u00eds\" href=\"https:\/\/elpais.com\/autor\/el-pais\/#?rel=author_top\" data-mrf-link=\"https:\/\/elpais.com\/autor\/el-pais\/\"><strong>El Pa\u00eds<\/strong><\/a><br \/>\nFOTO: Examen de EBAU en la facultad de Farmacia, en la Universidad Complutense de Madrid el pasado julio. <span class=\"a_m_m\">Samuel S\u00e1nchez<br \/>\nhttps:\/\/elpais.com\/opinion\/2024-01-27\/la-ebau-inviable.html<br \/>\n<\/span><\/figcaption><\/figure>\n<\/div>\n<\/header>\n<div class=\"a_md _g _g-xs \">\n<figure class=\"a_md_i a_m-h c_m--nf\"><span class=\"a_m_w _db\">\u00a0<\/span><\/figure>\n<div class=\"a_md_txt\">\n<div class=\"a_md_a\" data-dtm-region=\"articulo_firma\">\u00a0<\/div>\n<\/div>\n<\/div>\n<\/div>\n","protected":false},"excerpt":{"rendered":"<p>La propuesta de unificar el acceso a la universidad resucita una reivindicaci\u00f3n que el PP&#8230;<\/p>\n","protected":false},"author":1,"featured_media":66768,"comment_status":"closed","ping_status":"closed","sticky":false,"template":"","format":"standard","meta":{"_coblocks_attr":"","_coblocks_dimensions":"","_coblocks_responsive_height":"","_coblocks_accordion_ie_support":"","jetpack_post_was_ever_published":false,"_jetpack_newsletter_access":"","_jetpack_dont_email_post_to_subs":false,"_jetpack_newsletter_tier_id":0,"_jetpack_memberships_contains_paywalled_content":false,"_jetpack_memberships_contains_paid_content":false,"footnotes":"","jetpack_publicize_message":"","jetpack_publicize_feature_enabled":true,"jetpack_social_post_already_shared":true,"jetpack_social_options":{"image_generator_settings":{"template":"highway","default_image_id":0,"enabled":false},"version":2}},"categories":[187,44,7671],"tags":[],"class_list":["post-66767","post","type-post","status-publish","format-standard","has-post-thumbnail","hentry","category-centros-educativos","category-noticias-de-hoy","category-politica"],"jetpack_publicize_connections":[],"jetpack_featured_media_url":"https:\/\/i0.wp.com\/miradordeatarfe.es\/wp-content\/uploads\/2024\/01\/Screenshot-2024-01-27-at-12-39-28-La-EBAU-inviable.png?fit=443%2C272&ssl=1","jetpack_likes_enabled":true,"jetpack_sharing_enabled":true,"_links":{"self":[{"href":"https:\/\/miradordeatarfe.es\/index.php?rest_route=\/wp\/v2\/posts\/66767","targetHints":{"allow":["GET"]}}],"collection":[{"href":"https:\/\/miradordeatarfe.es\/index.php?rest_route=\/wp\/v2\/posts"}],"about":[{"href":"https:\/\/miradordeatarfe.es\/index.php?rest_route=\/wp\/v2\/types\/post"}],"author":[{"embeddable":true,"href":"https:\/\/miradordeatarfe.es\/index.php?rest_route=\/wp\/v2\/users\/1"}],"replies":[{"embeddable":true,"href":"https:\/\/miradordeatarfe.es\/index.php?rest_route=%2Fwp%2Fv2%2Fcomments&post=66767"}],"version-history":[{"count":1,"href":"https:\/\/miradordeatarfe.es\/index.php?rest_route=\/wp\/v2\/posts\/66767\/revisions"}],"predecessor-version":[{"id":66769,"href":"https:\/\/miradordeatarfe.es\/index.php?rest_route=\/wp\/v2\/posts\/66767\/revisions\/66769"}],"wp:featuredmedia":[{"embeddable":true,"href":"https:\/\/miradordeatarfe.es\/index.php?rest_route=\/wp\/v2\/media\/66768"}],"wp:attachment":[{"href":"https:\/\/miradordeatarfe.es\/index.php?rest_route=%2Fwp%2Fv2%2Fmedia&parent=66767"}],"wp:term":[{"taxonomy":"category","embeddable":true,"href":"https:\/\/miradordeatarfe.es\/index.php?rest_route=%2Fwp%2Fv2%2Fcategories&post=66767"},{"taxonomy":"post_tag","embeddable":true,"href":"https:\/\/miradordeatarfe.es\/index.php?rest_route=%2Fwp%2Fv2%2Ftags&post=66767"}],"curies":[{"name":"wp","href":"https:\/\/api.w.org\/{rel}","templated":true}]}}