{"id":66770,"date":"2024-01-28T10:53:44","date_gmt":"2024-01-28T09:53:44","guid":{"rendered":"https:\/\/miradordeatarfe.es\/?p=66770"},"modified":"2024-01-28T10:53:44","modified_gmt":"2024-01-28T09:53:44","slug":"atarfe-comienza-el-programa-de-ciencia-atarfe-amadrina-un-aula","status":"publish","type":"post","link":"https:\/\/miradordeatarfe.es\/?p=66770","title":{"rendered":"ATARFE: COMIENZA EL PROGRAMA DE CIENCIA ATARFE \u00abAMADRINA UN AULA\u00bb"},"content":{"rendered":"<h2>El D\u00eda Internacional de la Mujer y la Ni\u00f1a en la Ciencia, que se celebra el 11 de febrero,<\/h2>\n<p>El <b>D\u00eda Internacional de la Mujer y la Ni\u00f1a en la Ciencia<\/b> se celebra el 11 de febrero. Fue proclamado en 2015 por la <a title=\"Asamblea General de las Naciones Unidas\" href=\"https:\/\/es.wikipedia.org\/wiki\/Asamblea_General_de_las_Naciones_Unidas\">Asamblea General de las Naciones Unidas<\/a> con el fin de lograr el acceso y la participaci\u00f3n plena y equitativa en la ciencia para las mujeres y las ni\u00f1as, adem\u00e1s para lograr la igualdad de g\u00e9nero.<\/p>\n<p>La igualdad entre hombres y mujeres es una prioridad global de la UNESCO, y el apoyo a las j\u00f3venes, su educaci\u00f3n y su plena capacidad para hacer o\u00edr sus ideas son los motores del desarrollo y la paz.En este D\u00eda Internacional de la Mujer y la Ni\u00f1a en la Ciencia, reiteremos este mensaje fundamental: las mujeres necesitan la ciencia y la ciencia necesita a las mujeres. Solo aprovechando todas las fuentes de conocimiento, todas las fuentes de talento, podremos liberar plenamente el potencial de la ciencia y estar a la altura de los desaf\u00edos de nuestro tiempo.\u00bb<\/p>\n<p>CIENCIA ATARFE ha potenciado desde hace a\u00f1os este d\u00eda. Este a\u00f1o la iniciativa trata de<strong> APADRINAR\u00a0<\/strong> mujeres de ciencia de Atarfe con las aulas de los centros escolares . Este es el programa que en los centros educativos atarfe\u00f1os se van a celebrar <strong>desde ma\u00f1ana 29 de enero\u00a0 hasta el 9 de Febrero<\/strong><\/p>\n<p>&nbsp;<\/p>\n<p><a href=\"https:\/\/i0.wp.com\/miradordeatarfe.es\/wp-content\/uploads\/2024\/01\/Imagen-de-WhatsApp-2024-01-27-a-las-15.44.36_4e47d187.jpg?ssl=1\"><img data-recalc-dims=\"1\" loading=\"lazy\" decoding=\"async\" class=\"alignnone wp-image-66771 size-full\" src=\"https:\/\/i0.wp.com\/miradordeatarfe.es\/wp-content\/uploads\/2024\/01\/Imagen-de-WhatsApp-2024-01-27-a-las-15.44.36_4e47d187.jpg?resize=640%2C800&#038;ssl=1\" alt=\"\" width=\"640\" height=\"800\" srcset=\"https:\/\/i0.wp.com\/miradordeatarfe.es\/wp-content\/uploads\/2024\/01\/Imagen-de-WhatsApp-2024-01-27-a-las-15.44.36_4e47d187.jpg?w=1280&amp;ssl=1 1280w, https:\/\/i0.wp.com\/miradordeatarfe.es\/wp-content\/uploads\/2024\/01\/Imagen-de-WhatsApp-2024-01-27-a-las-15.44.36_4e47d187.jpg?resize=240%2C300&amp;ssl=1 240w, https:\/\/i0.wp.com\/miradordeatarfe.es\/wp-content\/uploads\/2024\/01\/Imagen-de-WhatsApp-2024-01-27-a-las-15.44.36_4e47d187.jpg?resize=819%2C1024&amp;ssl=1 819w, https:\/\/i0.wp.com\/miradordeatarfe.es\/wp-content\/uploads\/2024\/01\/Imagen-de-WhatsApp-2024-01-27-a-las-15.44.36_4e47d187.jpg?resize=768%2C960&amp;ssl=1 768w, https:\/\/i0.wp.com\/miradordeatarfe.es\/wp-content\/uploads\/2024\/01\/Imagen-de-WhatsApp-2024-01-27-a-las-15.44.36_4e47d187.jpg?resize=1229%2C1536&amp;ssl=1 1229w, https:\/\/i0.wp.com\/miradordeatarfe.es\/wp-content\/uploads\/2024\/01\/Imagen-de-WhatsApp-2024-01-27-a-las-15.44.36_4e47d187.jpg?resize=1024%2C1280&amp;ssl=1 1024w\" sizes=\"auto, (max-width: 640px) 100vw, 640px\" \/><\/a><\/p>\n<p><a href=\"https:\/\/i0.wp.com\/miradordeatarfe.es\/wp-content\/uploads\/2024\/01\/Imagen-de-WhatsApp-2024-01-27-a-las-15.44.35_a5772507.jpg?ssl=1\"><img data-recalc-dims=\"1\" loading=\"lazy\" decoding=\"async\" class=\"alignnone wp-image-66772 size-full\" src=\"https:\/\/i0.wp.com\/miradordeatarfe.es\/wp-content\/uploads\/2024\/01\/Imagen-de-WhatsApp-2024-01-27-a-las-15.44.35_a5772507.jpg?resize=640%2C800&#038;ssl=1\" alt=\"\" width=\"640\" height=\"800\" srcset=\"https:\/\/i0.wp.com\/miradordeatarfe.es\/wp-content\/uploads\/2024\/01\/Imagen-de-WhatsApp-2024-01-27-a-las-15.44.35_a5772507.jpg?w=1280&amp;ssl=1 1280w, https:\/\/i0.wp.com\/miradordeatarfe.es\/wp-content\/uploads\/2024\/01\/Imagen-de-WhatsApp-2024-01-27-a-las-15.44.35_a5772507.jpg?resize=240%2C300&amp;ssl=1 240w, https:\/\/i0.wp.com\/miradordeatarfe.es\/wp-content\/uploads\/2024\/01\/Imagen-de-WhatsApp-2024-01-27-a-las-15.44.35_a5772507.jpg?resize=819%2C1024&amp;ssl=1 819w, https:\/\/i0.wp.com\/miradordeatarfe.es\/wp-content\/uploads\/2024\/01\/Imagen-de-WhatsApp-2024-01-27-a-las-15.44.35_a5772507.jpg?resize=768%2C960&amp;ssl=1 768w, https:\/\/i0.wp.com\/miradordeatarfe.es\/wp-content\/uploads\/2024\/01\/Imagen-de-WhatsApp-2024-01-27-a-las-15.44.35_a5772507.jpg?resize=1229%2C1536&amp;ssl=1 1229w, https:\/\/i0.wp.com\/miradordeatarfe.es\/wp-content\/uploads\/2024\/01\/Imagen-de-WhatsApp-2024-01-27-a-las-15.44.35_a5772507.jpg?resize=1024%2C1280&amp;ssl=1 1024w\" sizes=\"auto, (max-width: 640px) 100vw, 640px\" \/><\/a><\/p>\n","protected":false},"excerpt":{"rendered":"<p>El D\u00eda Internacional de la Mujer y la Ni\u00f1a en la Ciencia, que se celebra&#8230;<\/p>\n","protected":false},"author":1,"featured_media":66773,"comment_status":"closed","ping_status":"closed","sticky":false,"template":"","format":"standard","meta":{"_coblocks_attr":"","_coblocks_dimensions":"","_coblocks_responsive_height":"","_coblocks_accordion_ie_support":"","jetpack_post_was_ever_published":false,"_jetpack_newsletter_access":"","_jetpack_dont_email_post_to_subs":false,"_jetpack_newsletter_tier_id":0,"_jetpack_memberships_contains_paywalled_content":false,"_jetpack_memberships_contains_paid_content":false,"footnotes":"","jetpack_publicize_message":"","jetpack_publicize_feature_enabled":true,"jetpack_social_post_already_shared":true,"jetpack_social_options":{"image_generator_settings":{"template":"highway","default_image_id":0,"enabled":false},"version":2}},"categories":[2,10778,186,44],"tags":[],"class_list":["post-66770","post","type-post","status-publish","format-standard","has-post-thumbnail","hentry","category-atarfe","category-feria-de-la-ciencia-atarfe","category-instituciones","category-noticias-de-hoy"],"jetpack_publicize_connections":[],"jetpack_featured_media_url":"https:\/\/i0.wp.com\/miradordeatarfe.es\/wp-content\/uploads\/2024\/01\/Imagen-de-WhatsApp-2024-01-27-a-las-15.44.35_a5772507-2.jpg?fit=1108%2C354&ssl=1","jetpack_likes_enabled":true,"jetpack_sharing_enabled":true,"_links":{"self":[{"href":"https:\/\/miradordeatarfe.es\/index.php?rest_route=\/wp\/v2\/posts\/66770","targetHints":{"allow":["GET"]}}],"collection":[{"href":"https:\/\/miradordeatarfe.es\/index.php?rest_route=\/wp\/v2\/posts"}],"about":[{"href":"https:\/\/miradordeatarfe.es\/index.php?rest_route=\/wp\/v2\/types\/post"}],"author":[{"embeddable":true,"href":"https:\/\/miradordeatarfe.es\/index.php?rest_route=\/wp\/v2\/users\/1"}],"replies":[{"embeddable":true,"href":"https:\/\/miradordeatarfe.es\/index.php?rest_route=%2Fwp%2Fv2%2Fcomments&post=66770"}],"version-history":[{"count":1,"href":"https:\/\/miradordeatarfe.es\/index.php?rest_route=\/wp\/v2\/posts\/66770\/revisions"}],"predecessor-version":[{"id":66774,"href":"https:\/\/miradordeatarfe.es\/index.php?rest_route=\/wp\/v2\/posts\/66770\/revisions\/66774"}],"wp:featuredmedia":[{"embeddable":true,"href":"https:\/\/miradordeatarfe.es\/index.php?rest_route=\/wp\/v2\/media\/66773"}],"wp:attachment":[{"href":"https:\/\/miradordeatarfe.es\/index.php?rest_route=%2Fwp%2Fv2%2Fmedia&parent=66770"}],"wp:term":[{"taxonomy":"category","embeddable":true,"href":"https:\/\/miradordeatarfe.es\/index.php?rest_route=%2Fwp%2Fv2%2Fcategories&post=66770"},{"taxonomy":"post_tag","embeddable":true,"href":"https:\/\/miradordeatarfe.es\/index.php?rest_route=%2Fwp%2Fv2%2Ftags&post=66770"}],"curies":[{"name":"wp","href":"https:\/\/api.w.org\/{rel}","templated":true}]}}