{"id":66775,"date":"2024-01-29T11:00:52","date_gmt":"2024-01-29T10:00:52","guid":{"rendered":"https:\/\/miradordeatarfe.es\/?p=66775"},"modified":"2024-01-29T12:36:32","modified_gmt":"2024-01-29T11:36:32","slug":"la-junta-coloca-pantallas-contra-el-ruido-de-la-a-92-entre-ellos-el-tramo-de-atarfe","status":"publish","type":"post","link":"https:\/\/miradordeatarfe.es\/?p=66775","title":{"rendered":"La Junta coloca  pantallas contra el ruido de la A-92 , entre ellos el tramo de ATARFE"},"content":{"rendered":"<div class=\"row-center\">\n<div class=\"col-xs-12 col-sm-12 col-md-12 col-lg-12\">\u00a0<\/div>\n<\/div>\n<div class=\"row-center\">\n<div class=\"col-xs-12 col-sm-12 col-md-8 col-lg-8 following-ad-ref-container\">\n<div class=\"detail-body\" data-mrf-recirculation=\"Links Articulos\">\n<h3 style=\"text-align: justify;\">La Consejer\u00eda de Fomento, Articulaci\u00f3n del Territorio y Vivienda ha colocado cerca de dos kil\u00f3metros de pantallas ac\u00fasticas para hacer frente a los problemas de ruido que sufr\u00edan las viviendas cercanas a la A-92 a su paso por la provincia de Granada.<\/h3>\n<p style=\"text-align: justify;\">La consejera de Fomento, Roc\u00edo D\u00edaz, ha visitado la fase final de los trabajos a la altura del kil\u00f3metro 224, en Cijuela, donde se han colocado pantallas de hasta cinco metros de altura para reducir los decibelios que genera el tr\u00e1fico de la autov\u00eda, seg\u00fan informa la Junta en una nota de prensa.<\/p>\n<p style=\"text-align: justify;\">\u00abSab\u00edamos que la A-92 era motivo de quejas de muchos vecinos por los ruidos que, en algunos casos, como Atarfe o la pedan\u00eda de Cuesta de la Palma, en Loja, llegaban a superar los 80 decibelios\u00bb, ha se\u00f1alado la consejera, que ha detallado que \u00aben escasos meses se han tomado medidas para aliviar su situaci\u00f3n a pie de autov\u00eda\u00bb. D\u00edaz ha precisado que, s\u00f3lo en la provincia de Granada, se han colocado dos kil\u00f3metros de pantallas ac\u00fasticas: 1.800 metros en la A-92, a la altura de los municipios de Cijuela, L\u00e1char, Fuensanta, Atarfe y Loja; y otros 220 metros en la Ronda Sur (A-395).<\/p>\n<p style=\"text-align: justify;\">Las pantallas ac\u00fasticas de Cijuela, L\u00e1char y Fuensanta, que oscilan entre los 2,5 y los cuatro metros de altura, forman parten de un contrato adjudicado por 1,5 millones de euros a la UTE formada por las empresas Albaida-Talleres y Gr\u00faas Gonz\u00e1lez para actuar contra la contaminaci\u00f3n ac\u00fastica en Andaluc\u00eda Oriental &#8211;y que incluye, adem\u00e1s, obras similares en la A-334 en Albox (Almer\u00eda), la autov\u00eda A-92 en Antequera (M\u00e1laga) y la A-3050 en C\u00f3rdoba capital&#8211;. Las obras, que se iniciaron a finales del pasado verano, est\u00e1n con un grado de ejecuci\u00f3n del 90%.<\/p>\n<h3 style=\"text-align: justify;\">Los trabajos en Atarfe y Loja se est\u00e1n desarrollando en un contrato aparte, adjudicado por m\u00e1s de medio mill\u00f3n de euros a Sedinfra en septiembre de 2023 y, actualmente se han ejecutado en un 70%. En Atarfe, las actuaciones se centran en el kil\u00f3metro 235 de la A-92, pasado el enlace de Atarfe sentido Almer\u00eda, donde se proyectan dos tipos de pantallas &#8211;de tres o cuatro metros de altura&#8211; a lo largo de 260 metros. Por su parte, las obras en Loja consisten en la actuaci\u00f3n en dos tramos de la A- 92 a la altura de Cuesta Palma, en el kil\u00f3metro 178, con pantallas de dos y tres metros de altura.<\/h3>\n<p style=\"text-align: justify;\">La consejera de Fomento ha indicado que estas obras se enmarcan dentro del<strong> Plan de Acci\u00f3n contra la Contaminaci\u00f3n Ac\u00fastica<\/strong>, con el que se pretende mitigar, bien con pantallas o bien con asfalto fonoabsorbente, el ruido que genera el tr\u00e1fico de una autov\u00eda que est\u00e1 a escasos metros de zonas residenciales. En estos casos se han optado por pantallas debido a que el pavimento sonorreductor resultaba insuficiente.<\/p>\n<p>Europa Press<\/p>\n<p>https:\/\/www.cope.es\/actualidad\/espana\/noticias\/junta-coloca-casi-dos-kilometros-pantallas-contra-ruido-a-92-paso-por-provincia-20240128_3115011<\/p>\n<\/div>\n<\/div>\n<\/div>\n","protected":false},"excerpt":{"rendered":"<p>\u00a0 La Consejer\u00eda de Fomento, Articulaci\u00f3n del Territorio y Vivienda ha colocado cerca de dos&#8230;<\/p>\n","protected":false},"author":1,"featured_media":66776,"comment_status":"closed","ping_status":"closed","sticky":false,"template":"","format":"standard","meta":{"_coblocks_attr":"","_coblocks_dimensions":"","_coblocks_responsive_height":"","_coblocks_accordion_ie_support":"","jetpack_post_was_ever_published":false,"_jetpack_newsletter_access":"","_jetpack_dont_email_post_to_subs":false,"_jetpack_newsletter_tier_id":0,"_jetpack_memberships_contains_paywalled_content":false,"_jetpack_memberships_contains_paid_content":false,"footnotes":"","jetpack_publicize_message":"","jetpack_publicize_feature_enabled":true,"jetpack_social_post_already_shared":false,"jetpack_social_options":{"image_generator_settings":{"template":"highway","default_image_id":0,"enabled":false},"version":2}},"categories":[7725,1161,44,10],"tags":[],"class_list":["post-66775","post","type-post","status-publish","format-standard","has-post-thumbnail","hentry","category-atarfe-sostenible","category-ciudadania","category-noticias-de-hoy","category-salud"],"jetpack_publicize_connections":[],"jetpack_featured_media_url":"https:\/\/i0.wp.com\/miradordeatarfe.es\/wp-content\/uploads\/2024\/01\/Screenshot-2024-01-29-at-12-31-53-SEDINFRA-Lineas-de-negocio-sedinfra-toda-la-informacion.png?fit=951%2C314&ssl=1","jetpack_likes_enabled":true,"jetpack_sharing_enabled":true,"_links":{"self":[{"href":"https:\/\/miradordeatarfe.es\/index.php?rest_route=\/wp\/v2\/posts\/66775","targetHints":{"allow":["GET"]}}],"collection":[{"href":"https:\/\/miradordeatarfe.es\/index.php?rest_route=\/wp\/v2\/posts"}],"about":[{"href":"https:\/\/miradordeatarfe.es\/index.php?rest_route=\/wp\/v2\/types\/post"}],"author":[{"embeddable":true,"href":"https:\/\/miradordeatarfe.es\/index.php?rest_route=\/wp\/v2\/users\/1"}],"replies":[{"embeddable":true,"href":"https:\/\/miradordeatarfe.es\/index.php?rest_route=%2Fwp%2Fv2%2Fcomments&post=66775"}],"version-history":[{"count":1,"href":"https:\/\/miradordeatarfe.es\/index.php?rest_route=\/wp\/v2\/posts\/66775\/revisions"}],"predecessor-version":[{"id":66777,"href":"https:\/\/miradordeatarfe.es\/index.php?rest_route=\/wp\/v2\/posts\/66775\/revisions\/66777"}],"wp:featuredmedia":[{"embeddable":true,"href":"https:\/\/miradordeatarfe.es\/index.php?rest_route=\/wp\/v2\/media\/66776"}],"wp:attachment":[{"href":"https:\/\/miradordeatarfe.es\/index.php?rest_route=%2Fwp%2Fv2%2Fmedia&parent=66775"}],"wp:term":[{"taxonomy":"category","embeddable":true,"href":"https:\/\/miradordeatarfe.es\/index.php?rest_route=%2Fwp%2Fv2%2Fcategories&post=66775"},{"taxonomy":"post_tag","embeddable":true,"href":"https:\/\/miradordeatarfe.es\/index.php?rest_route=%2Fwp%2Fv2%2Ftags&post=66775"}],"curies":[{"name":"wp","href":"https:\/\/api.w.org\/{rel}","templated":true}]}}