{"id":66778,"date":"2024-02-04T08:08:28","date_gmt":"2024-02-04T07:08:28","guid":{"rendered":"https:\/\/miradordeatarfe.es\/?p=66778"},"modified":"2024-02-01T14:13:42","modified_gmt":"2024-02-01T13:13:42","slug":"ana-belen-hacerse-mayor-es-una-putada-porque-mentalmente-te-sientes-tan-joven","status":"publish","type":"post","link":"https:\/\/miradordeatarfe.es\/?p=66778","title":{"rendered":"Ana Bel\u00e9n: \u201cHacerse mayor es una putada porque, mentalmente, te sientes tan joven\u201d"},"content":{"rendered":"<h3 class=\"a_st\" style=\"text-align: justify;\">La cantante y actriz, con 35 discos, 40 pel\u00edculas, cientos de representaciones teatrales y recitales y 1,2 millones de oyentes mensuales en Spotify, presentar\u00e1 la pr\u00f3xima gala de los Goya junto a Los Javis<\/h3>\n<p class=\"\" style=\"text-align: justify;\">Hemos cantado sus canciones. Llevamos 57 a\u00f1os vi\u00e9ndola en escenarios, en salas de cine y en cadenas de televisi\u00f3n con el pelo rizado, liso, largo o corto. \u00bfQui\u00e9n no conoce a Ana Bel\u00e9n? \u00bfY qui\u00e9n conoce a Pilar Cuesta Acosta (Madrid, 71 a\u00f1os)? Explica que est\u00e1 feliz porque<a href=\"https:\/\/elpais.com\/cultura\/2023-11-19\/victor-manuel-soy-mas-feminista-que-ana-belen.html\" target=\"_blank\" rel=\"noopener\" data-link-track-dtm=\"\" data-mrf-link=\"https:\/\/elpais.com\/cultura\/2023-11-19\/victor-manuel-soy-mas-feminista-que-ana-belen.html\"> V\u00edctor Manuel <\/a>llen\u00f3, la noche anterior, el 17 de diciembre, el WiZink Center de Madrid y porque la subi\u00f3 a cantar. Tambi\u00e9n porque sali\u00f3 a comer con una amiga y, aunque procura sentarse en rincones, observ\u00f3 a dos mujeres cuchicheando. \u201cAl final se acercaron. \u2018Ana, de mayores, queremos ser como t\u00fa\u2019. \u201c\u00bfC\u00f3mo de mayores?, \u00a1pero si son mayores que yo, pens\u00e9!\u201d.<\/p>\n<p class=\"\" style=\"text-align: justify;\"><b>Presentar\u00e1 los Goya despu\u00e9s de recibir el de Honor en 2017.<\/b><\/p>\n<p class=\"\" style=\"text-align: justify;\">Es como una redundancia, \u00bfno?<\/p>\n<p class=\"\" style=\"text-align: justify;\"><b>O el secreto de la eterna juventud.<\/b><\/p>\n<p class=\"\" style=\"text-align: justify;\">No digo que sea joven, pero me hace feliz mi profesi\u00f3n. Si se le diese la oportunidad de seguir trabajando a gente que ha tenido un oficio que apasiona, \u00bfcu\u00e1ntos m\u00e9dicos elegir\u00edan seguir?<\/p>\n<p class=\"\" style=\"text-align: justify;\"><b>Est\u00e1 de gira con <\/b><i><b>Romeo y Julieta despiertan\u2026<\/b><\/i><\/p>\n<p class=\"\" style=\"text-align: justify;\">Despiertan en la tumba 50 a\u00f1os despu\u00e9s. Ella, anclada en los 13, y \u00e9l, con amnesia.<\/p>\n<p class=\"\" style=\"text-align: justify;\"><b>Lleva 50 a\u00f1os con V\u00edctor Manuel.<\/b><\/p>\n<p class=\"\" style=\"text-align: justify;\">Siempre tengo la idea, o quiz\u00e1 el deseo, de que haya alg\u00fan rinc\u00f3n inexplorado.<\/p>\n<p class=\"\" style=\"text-align: justify;\"><b>Eran ateos y comunistas. Y se casaron.<\/b><\/p>\n<p class=\"\" style=\"text-align: justify;\">Para que nuestros padres no se disgustaran. Hacerlo por lo civil era imposible en el franquismo. La gente que no lo vivi\u00f3 no sabe la suerte que tiene y lo complicado que era todo. Nos casamos en Gibraltar. No legalizamos el matrimonio hasta hace dos a\u00f1os. Igual nos vimos mayores.<\/p>\n<p class=\"\" style=\"text-align: justify;\"><b>Ha sido muchas: cantante, actriz de cine, teatro y televisi\u00f3n\u2026 Amorosamente, \u00bfha tenido la sensaci\u00f3n de perderse algo?<\/b><\/p>\n<p class=\"\" style=\"text-align: justify;\">Tengo la sensaci\u00f3n de que he tenido suerte. Lo raro es estar juntos. Ni V\u00edctor entr\u00f3 en mi vida siendo el primero, ni yo en la suya. Pero siempre hubo una idea de provisionalidad. No dar las cosas por hecho es bueno siempre. Y en una relaci\u00f3n, m\u00e1s.<\/p>\n<p class=\"\" style=\"text-align: justify;\"><b>V\u00edctor Manuel hace la compra.<\/b><\/p>\n<p class=\"\" style=\"text-align: justify;\">Y cocina. No todos los d\u00edas, cuando vienen los hijos o amigos.<\/p>\n<p class=\"\" style=\"text-align: justify;\"><b>\u00bfFeministas desde el principio o han evolucionado?<\/b><\/p>\n<p class=\"\" style=\"text-align: justify;\">L\u00f3gica y car\u00e1cter. Si antes de empezar una relaci\u00f3n pactas un contrato\u2026, no s\u00e9 si durar\u00eda. Creo que hemos aprendido. Cuando entr\u00e9 en su casa \u2014\u00e9l era el que ten\u00eda\u2014 abr\u00ed armarios y\u2026 latas y latas de anchoas. Me dijo: \u201cEs que le\u00ed que la anchoa est\u00e1 desapareciendo. Y me gustan tanto\u2026\u201d.<\/p>\n<p class=\"\" style=\"text-align: justify;\"><b>Es hija de cocinero. \u00bfSu madre tampoco cocinaba?<\/b><\/p>\n<p class=\"\" style=\"text-align: justify;\">A diario. Mi padre, solo el d\u00eda de Nochebuena. Y discut\u00edan porque \u00e9l estaba acostumbrado al pinche que ten\u00eda en el Palace que lavaba lo que iba dejando. Y mi madre de pinche, no. Todas las Nochebuenas acab\u00e1bamos en la mesa sin hablar.<\/p>\n<p class=\"\" style=\"text-align: justify;\"><b>Su padre, en el Palace, y su madre, en una porter\u00eda. \u00bfUna infancia de contrastes?<\/b><\/p>\n<p class=\"\" style=\"text-align: justify;\">No era jefe de cocina. Se encargaba de las salsas.<\/p>\n<p class=\"\" style=\"text-align: justify;\"><b>\u00bfQu\u00e9 diferencia hay entre criarse en una porter\u00eda de la calle del Oso y hacerlo en una casa del barrio de Prosperidad, como sus hijos?<\/b><\/p>\n<p class=\"\" style=\"text-align: justify;\">Mucha. Pero no tanta. Como dec\u00eda mi madre: \u201cHemos tenido muchas necesidades, pero carencia ninguna\u201d.<\/p>\n<p class=\"\" style=\"text-align: justify;\"><b>V\u00edctor Manuel le compuso una canci\u00f3n a esa calle.<\/b><\/p>\n<p class=\"\" style=\"text-align: justify;\">Jug\u00e1bamos en la calle. Hab\u00eda dos casas de putas. Y, cada vez que entraba un cliente, grit\u00e1bamos: \u201c\u00a1Ah\u00ed va otro!\u201d. Frente a nuestra casa viv\u00eda una se\u00f1ora que, en la descripci\u00f3n de mi madre, era \u201cuna mantenida\u201d. Debajo, la zapater\u00eda de artistas Gallardo. Y nosotros: \u201c\u00a1Viene un haiga!\u201d\u2026, y llegaba Lola Flores en un descapotable a hacerse zapatos.<\/p>\n<h5 class=\"a_m a_m-v \" style=\"text-align: justify;\"><span class=\"_db a_m_w _pr lb_btn\"><img data-recalc-dims=\"1\" loading=\"lazy\" decoding=\"async\" class=\"_re lazyload a_m-v alignright\" src=\"https:\/\/i0.wp.com\/imagenes.elpais.com\/resizer\/TmcH-aUpyUt3f8crIWVXV50-yRM%3D\/414x0\/cloudfront-eu-central-1.images.arcpublishing.com\/prisa\/66FCEV5MUNCFTDZHEZRBW2JZTM.jpg?resize=414%2C518&#038;ssl=1\" sizes=\"auto, (min-width:1199px) 1155px,(min-width:1001px) calc(100vw - 44px),(min-width:768px) 767px, 100vw\" srcset=\"https:\/\/imagenes.elpais.com\/resizer\/TmcH-aUpyUt3f8crIWVXV50-yRM=\/414x0\/cloudfront-eu-central-1.images.arcpublishing.com\/prisa\/66FCEV5MUNCFTDZHEZRBW2JZTM.jpg 414w,https:\/\/imagenes.elpais.com\/resizer\/frisEqlDzhDaC_OxOKJbdvwOdpk=\/828x0\/cloudfront-eu-central-1.images.arcpublishing.com\/prisa\/66FCEV5MUNCFTDZHEZRBW2JZTM.jpg 640w,https:\/\/imagenes.elpais.com\/resizer\/7f_vpQIt417uJkzip5_KvqFBq7I=\/980x0\/cloudfront-eu-central-1.images.arcpublishing.com\/prisa\/66FCEV5MUNCFTDZHEZRBW2JZTM.jpg 1000w,https:\/\/imagenes.elpais.com\/resizer\/PU5cPZ4oIoI3-AN_yH_ys7poyXE=\/1960x0\/cloudfront-eu-central-1.images.arcpublishing.com\/prisa\/66FCEV5MUNCFTDZHEZRBW2JZTM.jpg 1960w\" alt=\"La actriz y cantante Ana Bel\u00e9n, fotografiada en su oficina de Madrid tras la entrevista.\" width=\"414\" height=\"518\" \/><\/span>\u00a0\u00a0\u00a0\u00a0\u00a0\u00a0\u00a0\u00a0\u00a0\u00a0\u00a0\u00a0\u00a0\u00a0\u00a0\u00a0\u00a0\u00a0\u00a0\u00a0\u00a0\u00a0\u00a0\u00a0\u00a0\u00a0\u00a0\u00a0\u00a0\u00a0\u00a0\u00a0\u00a0\u00a0\u00a0\u00a0\u00a0\u00a0\u00a0\u00a0\u00a0\u00a0\u00a0\u00a0\u00a0\u00a0\u00a0\u00a0\u00a0\u00a0\u00a0\u00a0 La actriz y cantante Ana Bel\u00e9n, fotografiada en su oficina de Madrid tras la entrevista.<span class=\"a_m_m\">Caterina Barjau<\/span><\/h5>\n<p class=\"\" style=\"text-align: justify;\"><b>Y usted dijo: \u201cYo quiero esto\u201d.<\/b><\/p>\n<p class=\"\" style=\"text-align: justify;\">Pero no por el lujo. El sentimiento entre los ni\u00f1os que hac\u00edamos cine, \u00bfsabes cu\u00e1l era? Ni el lujo ni la fama: darles a nuestros padres una vida mejor. Si escarbas: Pepa Flores, Roc\u00edo D\u00farcal, Joselito\u2026, el denominador com\u00fan es ese.<\/p>\n<p class=\"\" style=\"text-align: justify;\"><b>Fue una ni\u00f1a prodigio que se salv\u00f3 de ser juguete roto.<\/b><\/p>\n<p class=\"\" style=\"text-align: justify;\">S\u00ed, porque la pel\u00edcula <i>Zampo y yo<\/i> no funcion\u00f3. La hice con 14 a\u00f1os. Se estren\u00f3 un a\u00f1o despu\u00e9s, cuando yo ya ensayaba <i>Numancia <\/i>en el teatro. Cuando me vi en ese estreno con el payaso, no me reconoc\u00eda. Solo recordaba lo terrible que hab\u00eda sido el director.<\/p>\n<p class=\"\" style=\"text-align: justify;\"><b>\u00bfHa sufrido a directores dif\u00edciles?<\/b><\/p>\n<p class=\"\" style=\"text-align: justify;\">No. Marisol y Roc\u00edo los sufrieron m\u00e1s. Pero no solo los ni\u00f1os. Otros actores contaron que Luis Lucia interrump\u00eda el rodaje y dec\u00eda: \u201cAcomp\u00e1\u00f1ame al bar, tengo ganas de pegarme con alguien\u201d. Y lo hac\u00eda.<\/p>\n<p class=\"\" style=\"text-align: justify;\"><b>\u00bfSinti\u00f3 alguna vez acoso?<\/b><\/p>\n<p class=\"\" style=\"text-align: justify;\">Siempre cre\u00ed que no. Pero cuando se empez\u00f3 a hablar, me di cuenta de que hab\u00eda vivido situaciones de abuso de poder. \u201cAh, claro. Cuando iba aquel d\u00eda con fulanito por la calle y me arrincon\u00f3 contra la pared\u2026\u201d. Ah\u00ed est\u00e1 la ra\u00edz de todo: en el poder.<\/p>\n<p class=\"\" style=\"text-align: justify;\"><b>Con una profesi\u00f3n sin horarios, \u00bfc\u00f3mo aprendi\u00f3 a delegar?<\/b><\/p>\n<p class=\"\" style=\"text-align: justify;\">Es m\u00e1s f\u00e1cil vivir con alguien que puede entender tu caos. Te vas, llegas tarde. \u00bfEso lo va a entender un oficinista? Un panadero, que se levanta pronto, quiz\u00e1. Pero nunca me plante\u00e9 dejar mi profesi\u00f3n por mis hijos. No los habr\u00eda tenido.<\/p>\n<p class=\"\" style=\"text-align: justify;\"><b>\u00bfSu profesi\u00f3n por delante de todo?<\/b><\/p>\n<p class=\"\" style=\"text-align: justify;\">No hizo falta esa decisi\u00f3n. Nos han acompa\u00f1ado de gira desde chiquitines.<\/p>\n<p class=\"\" style=\"text-align: justify;\"><b>Era legendario c\u00f3mo proteg\u00edan ustedes su intimidad antes de que existieran leyes.<\/b><\/p>\n<p class=\"\" style=\"text-align: justify;\">Siempre quer\u00edan hacerles la foto. Pero todo tiene que ver con c\u00f3mo nos casamos: vinieron mis padres y hermanos, los de V\u00edctor y un amigo suyo de Asturias. Lo tuvimos siempre claro.<\/p>\n<p class=\"\" style=\"text-align: justify;\"><b>Parad\u00f3jicamente, sus hijos son personas p\u00fablicas.<\/b><\/p>\n<p class=\"\" style=\"text-align: justify;\">Han compartido m\u00e1s all\u00e1 del teatro. Nos han visto disfrutar. Hemos hecho familia fuera de la nuestra.<\/p>\n<p class=\"\" style=\"text-align: justify;\"><b>\u00bfSe sienten m\u00e1s libres entre gente tambi\u00e9n famosa?<\/b><\/p>\n<p class=\"\" style=\"text-align: justify;\">Con gente que tiene un sentimiento de privacidad grande estamos m\u00e1s c\u00f3modos. Estoy harta de ver en revistas a ni\u00f1os pixelados. Eso no protege al ni\u00f1o de la presi\u00f3n de tener que vivir con un fot\u00f3grafo delante. Lo que hagan otros es decisi\u00f3n de esos otros. Pero es cierto que nos insultaban por no dejarnos fotografiar.<\/p>\n<p class=\"\" style=\"text-align: justify;\"><b>Eso ha hecho que sepamos qui\u00e9n es usted y casi nadie la conozca. V\u00edctor Manuel la describe como una mujer muy fuerte, llena de dudas.<\/b><\/p>\n<p class=\"\" style=\"text-align: justify;\">Soy miedosa y tengo miles de dudas. \u00bfFuerte?\u2026 Es que cuando sales al escenario tienes que serlo. Aunque te est\u00e9s muriendo por dentro tienes que pisar fuerte.<\/p>\n<p class=\"\" style=\"text-align: justify;\"><b>\u00bfQu\u00e9 es ser fuerte?<\/b><\/p>\n<p class=\"\" style=\"text-align: justify;\">A veces saber ser vulnerable. Esta profesi\u00f3n te pide dejarte afectar y a la vez defender con fuerza lo que hagas, aunque sea una desgraciada tir\u00e1ndose por el suelo.<\/p>\n<p class=\"\" style=\"text-align: justify;\"><b>Menuda escuela de vida.<\/b><\/p>\n<p class=\"\" style=\"text-align: justify;\">Lo aprend\u00ed de actrices que me ayudaron. Cuando empiezo a estudiar un personaje, hay un momento en que me atasco y me digo: \u00bfY Berta [Riaza] c\u00f3mo lo har\u00eda? Ella era chiquitina, pero sal\u00eda al escenario y lo llenaba. Esa fuerza se trabaja.<\/p>\n<p class=\"\" style=\"text-align: justify;\"><b>P\u00fablicamente es dulce. \u00bfGuarda el genio para casa?<\/b><\/p>\n<p class=\"\" style=\"text-align: justify;\">Tengo un pronto de \u201cno me toqu\u00e9is las narices\u201d, y luego ya hablamos. Muchos hombres se descolocan cuando te plantas y dices no. Si dices no, tienes genio.<\/p>\n<p class=\"\" style=\"text-align: justify;\"><b>\u00bfLe pasa con su hijo David?<\/b><\/p>\n<p class=\"\" style=\"text-align: justify;\">Con \u00e9l no.<\/p>\n<p class=\"\" style=\"text-align: justify;\"><b>Ha cantado y trabajado con \u00e9l. \u00bfC\u00f3mo tener una relaci\u00f3n profesional sin paternalismos?<\/b><\/p>\n<p class=\"\" style=\"text-align: justify;\">Yo empec\u00e9 a cantar sin ning\u00fan tipo de educaci\u00f3n musical. Soy instinto. \u00c9l sabe explicarlo. Me mejora. Y, adem\u00e1s, tiene un car\u00e1cter parecido a V\u00edctor: calmado. Analizan las dificultades en lugar de asustarse ante ellas.<\/p>\n<p class=\"\" style=\"text-align: justify;\"><b>Usted hizo su primera gira teatral con 17 a\u00f1os.<\/b><\/p>\n<p class=\"\" style=\"text-align: justify;\">El autob\u00fas nos dej\u00f3 en la plaza de Catalu\u00f1a de Barcelona. Yo iba mirando hacia arriba y Julieta Serrano dec\u00eda: \u201cOye, t\u00fa, la maleta\u201d. Mi madre les pidi\u00f3 a ella y a Berta que me cuidaran.<\/p>\n<p class=\"\" style=\"text-align: justify;\"><b>\u00bfHubiera dejado a su hija irse con 17 a\u00f1os?<\/b><\/p>\n<p class=\"\" style=\"text-align: justify;\">S\u00ed. Tengo tanta confianza en el ambiente de esta profesi\u00f3n\u2026 Mis padres no sab\u00edan lo que era. Tuvieron m\u00e9rito. Nos \u00edbamos tres meses y con lo que te pagaban no pod\u00edas poner conferencias.<\/p>\n<p class=\"\" style=\"text-align: justify;\"><b>Nunca le ha gustado llamarse Ana Bel\u00e9n.<\/b><\/p>\n<p class=\"\" style=\"text-align: justify;\">Es que, de mayor, llamarte Ana Bel\u00e9n\u2026 As\u00ed, sin apellido\u2026 Cuando intent\u00e9 cambiarlo me dec\u00edan, quita, quita. En casa me llaman Ana.<\/p>\n<p class=\"\" style=\"text-align: justify;\"><b>Ha recibido m\u00e1s premios honor\u00edficos \u2014\u00adGoya, Grammy\u2014 que reconocimientos espec\u00edficos. \u00bfEso qu\u00e9 quiere decir?<\/b><\/p>\n<p class=\"\" style=\"text-align: justify;\">Que vienen con la edad.<\/p>\n<p class=\"\" style=\"text-align: justify;\"><b>\u00bfNo le daba que pensar estar tan solicitada y tan poco premiada?<\/b><\/p>\n<p class=\"\" style=\"text-align: justify;\">He estado nominada varias veces para el Goya. Y nunca he preparado el discurso.<\/p>\n<figure class=\"a_m a_m-v \" style=\"text-align: justify;\"><span class=\"_db a_m_w _pr lb_btn\"><img data-recalc-dims=\"1\" loading=\"lazy\" decoding=\"async\" class=\"_re lazyload a_m-v alignleft\" src=\"https:\/\/i0.wp.com\/imagenes.elpais.com\/resizer\/Yy_VzISlKER-WV8b7Axek-ENHuY%3D\/414x0\/cloudfront-eu-central-1.images.arcpublishing.com\/prisa\/BTY7DBVCIFAIRJKMKVMNQC3VSQ.jpg?resize=414%2C518&#038;ssl=1\" sizes=\"auto, (min-width:1199px) 1155px,(min-width:1001px) calc(100vw - 44px),(min-width:768px) 767px, 100vw\" srcset=\"https:\/\/imagenes.elpais.com\/resizer\/Yy_VzISlKER-WV8b7Axek-ENHuY=\/414x0\/cloudfront-eu-central-1.images.arcpublishing.com\/prisa\/BTY7DBVCIFAIRJKMKVMNQC3VSQ.jpg 414w,https:\/\/imagenes.elpais.com\/resizer\/8HfnzMseAwMXnKnwjWZSBABdAcQ=\/828x0\/cloudfront-eu-central-1.images.arcpublishing.com\/prisa\/BTY7DBVCIFAIRJKMKVMNQC3VSQ.jpg 640w,https:\/\/imagenes.elpais.com\/resizer\/bSjgCP9t1LUYbLivWXrnuauWhwo=\/980x0\/cloudfront-eu-central-1.images.arcpublishing.com\/prisa\/BTY7DBVCIFAIRJKMKVMNQC3VSQ.jpg 1000w,https:\/\/imagenes.elpais.com\/resizer\/v9-ZfXBGSdOh0dX67sIkaNkA-uY=\/1960x0\/cloudfront-eu-central-1.images.arcpublishing.com\/prisa\/BTY7DBVCIFAIRJKMKVMNQC3VSQ.jpg 1960w\" alt=\"&quot;Estamos instalados en el sonajero, la distracci\u00f3n para adormilar a ni\u00f1os. Vivimos en una sociedad muy jodida&quot;, dice Ana Bel\u00e9n.\" width=\"414\" height=\"518\" \/><\/span><figcaption class=\"a_m_p\">\u00abEstamos instalados en el sonajero, la distracci\u00f3n para adormilar a ni\u00f1os. Vivimos en una sociedad muy jodida\u00bb, dice Ana Bel\u00e9n.<span class=\"a_m_m\">Caterina Barjau<\/span><\/figcaption><\/figure>\n<p class=\"\" style=\"text-align: justify;\"><b>Novia de Espa\u00f1a, musa de la Transici\u00f3n, sonrisa del Partido Comunista\u2026 De criticarle el f\u00edsico a la mujer m\u00e1s deseada de Espa\u00f1a. \u00bfEso la retrata a usted o al pa\u00eds?<\/b><\/p>\n<p class=\"\" style=\"text-align: justify;\">\u201cEspa\u00f1a, camisa blanca de mi esperanza, a veces madre, siempre madrastra\u2026\u201d. Conocemos nuestro pa\u00eds, pero no sabemos sentarnos y conversar.<\/p>\n<p class=\"\" style=\"text-align: justify;\"><b>\u00bfPor qu\u00e9 el novio de Espa\u00f1a no era V\u00edctor Manuel?<\/b><\/p>\n<p class=\"\" style=\"text-align: justify;\">Porque las mujeres, en la sociedad, adorn\u00e1bamos. Sin embargo, me he movido en la burbuja de una profesi\u00f3n en la que hemos sido fuertes. A m\u00ed me cuesta mucho todo: un personaje, una grabaci\u00f3n\u2026, pero s\u00e9 que tengo armas que he ido adquiriendo con los a\u00f1os. Lo que me produce inseguridad es saber hasta d\u00f3nde deber\u00edas llegar y no siempre conseguirlo. No basta con estudiar, hay que hacerlo corp\u00f3reo y ah\u00ed hay una pelea tremenda.<\/p>\n<p class=\"\" style=\"text-align: justify;\"><b>Como cantante, \u00bfle pasa?<\/b><\/p>\n<p class=\"\" style=\"text-align: justify;\">Menos. Eres m\u00e1s due\u00f1a de lo que haces. Estar\u00e1s m\u00e1s afinada o menos, pero eres t\u00fa.<\/p>\n<p class=\"\" style=\"text-align: justify;\"><b>Miguel R\u00edos, Serrat, Fito P\u00e1ez, Ketama, Chavela Vargas, Antonio Flores, Manolo Tena\u2026 \u00bfNo ha sentido miedo de medirse?<\/b><\/p>\n<p class=\"\" style=\"text-align: justify;\">Sent\u00eda admiraci\u00f3n por muchos de ellos. Quise cantar con Chico Buarque, al que admiraba tanto que tuve que grabar de nuevo porque en lugar de cantar sobre el micr\u00f3fono me pas\u00e9 el rato cant\u00e1ndole a \u00e9l.<\/p>\n<p class=\"\" style=\"text-align: justify;\"><b>No escribe sus letras. \u00bfLas ha sentido?<\/b><\/p>\n<p class=\"\" style=\"text-align: justify;\">Para m\u00ed cantar una canci\u00f3n es como representar un personaje de teatro: interpreto. Cuando son canciones que V\u00edctor ha escrito porque lo hemos hablado, las siento m\u00e1s.<\/p>\n<p class=\"\" style=\"text-align: justify;\"><b>\u201cDesde mi libertad: siempre hab\u00eda sido una mitad sin saber mi identidad. \/ Debo empezar a ser yo misma y saber que soy capaz y que ando por mi pie\u201d. Escribi\u00f3 V\u00edctor Manuel. Esa no es usted.<\/b><\/p>\n<p class=\"\" style=\"text-align: justify;\">Siempre he andado por mi pie, s\u00ed. Pero ah\u00ed hay reflejadas muchas vidas.<\/p>\n<p class=\"\" style=\"text-align: justify;\">\u201c<b>Solo le pido a Dios\u201d, siendo atea\u2026<\/b><\/p>\n<p class=\"\" style=\"text-align: justify;\">\u00a1Solo le pido a Dios que no me d\u00e9 todo lo que soy capaz de resistir! Soy una chica para un roto y para un descosido. Los actores somos as\u00ed.<\/p>\n<p class=\"\" style=\"text-align: justify;\"><b>\u201cQue la guerra no me sea indiferente\u2026\u201d. \u00bfHoy o\u00edmos menos el dolor ajeno?<\/b><\/p>\n<p class=\"\" style=\"text-align: justify;\">Estamos instalados en el sonajero, la distracci\u00f3n para adormilar a ni\u00f1os. Vivimos en una sociedad muy jodida. Injusta. Es necesario tener un m\u00ednimo para tener una vida con un cierto horizonte.<\/p>\n<p class=\"\" style=\"text-align: justify;\"><b>\u00bfLa clase media ha sido un espejismo?<\/b><\/p>\n<p class=\"\" style=\"text-align: justify;\">Eso en Espa\u00f1a. En Latinoam\u00e9rica nunca la ha habido. Hemos ido aceptando comodidades, distracciones y control. Aplaudimos el tel\u00e9fono m\u00f3vil. Y ese instrumento de contacto nos ha volcado sobre nosotros mismos. Lo que nos interesa de los dem\u00e1s es lo que piensan sobre nosotros.<\/p>\n<p class=\"\" style=\"text-align: justify;\"><b>Ha sido muy celosa de su intimidad y ha hecho su ideolog\u00eda muy p\u00fablica.<\/b><\/p>\n<p class=\"\" style=\"text-align: justify;\">El momento lo ped\u00eda. Hoy la gente est\u00e1 acobardada. En su momento los del PC \u00e9ramos militantes en la clandestinidad. Parec\u00eda que los \u00fanicos \u00e9ramos los artistas: Rosa Le\u00f3n, Pepa Flores\u2026 y Alberti. Dec\u00edas, pues si sirve para que se normalice esto\u2026<\/p>\n<p class=\"\" style=\"text-align: justify;\"><b>Usted era comunista y respetada como artista por la derecha.<\/b><\/p>\n<p class=\"\" style=\"text-align: justify;\">Hoy es o conmigo o contra m\u00ed, y elegir enfrentamiento sobre entendimiento es perder. Y sembrar miedo. \u00bfCu\u00e1ntos actores, deportistas o m\u00fasicos dicen \u201cyo de pol\u00edtica no hablo\u201d?<\/p>\n<p class=\"\" style=\"text-align: justify;\"><b>\u00bfQu\u00e9 nos ha sembrado ese miedo?<\/b><\/p>\n<p class=\"\" style=\"text-align: justify;\">\u00bfEn qu\u00e9 momento se jodi\u00f3 el Per\u00fa? Para la gente de la profesi\u00f3n fue cuando salimos a la calle con el \u201cno a la guerra\u201d. No estamos acostumbrados a respetar otras opiniones.<\/p>\n<p class=\"\" style=\"text-align: justify;\"><b>\u00bfSe hizo comunista por enamoramiento<\/b>?<\/p>\n<p class=\"\" style=\"text-align: justify;\">No. Me hice cantante por V\u00edctor, porque \u00e9l me quit\u00f3 los miedos. Pero al comunismo nos llev\u00f3 Juan Diego. [Aqu\u00ed Ana Bel\u00e9n se desmorona. Y no puede seguir hablando]. Es que\u2026 el d\u00eda 14 fue su cumplea\u00f1os. Ha sido tanto\u2026, tanta vida con Juan. \u201cJuanito, venga, no te est\u00e1s cuidando\u201d. \u201cJuanito\u2026, ese pantal\u00f3n\u2026\u201d. \u201cBueno, compradme vosotros el pantal\u00f3n, as\u00ed me vest\u00eds a vuestro gusto\u201d. Era genial. En 1975, en la huelga de actores, entre pa\u00f1o y bola, nos dio a entender que \u00e9l era del PC. Era la gente m\u00e1s l\u00facida, luchadora y solidaria. Y entramos.<\/p>\n<p class=\"\" style=\"text-align: justify;\"><b>\u00bfSiempre los trataban como pareja?<\/b><\/p>\n<p class=\"\" style=\"text-align: justify;\">Como un ente. Pero en la debacle del Partido Comunista, tras las elecciones del 81, vino el camarada Bardem, al que llamaban El maestro. Pedimos un congreso extraordinario para descubrir qu\u00e9 era lo que hab\u00eda pasado. Bardem estaba en contra. En ese momento, dije: \u201cHasta que haya un congreso, voy a suspender mi militancia\u201d.<\/p>\n<p class=\"\" style=\"text-align: justify;\"><b>\u00bfHa cobrado alguna vez menos que sus compa\u00f1eros?<\/b><\/p>\n<p class=\"\" style=\"text-align: justify;\">Me he sentido bien pagada. Aunque eso no me hace ignorar lo que les pasa a otras mujeres.<\/p>\n<p class=\"\" style=\"text-align: justify;\"><b>\u00bfSe ha ganado mejor la vida cantando o actuando?<\/b><\/p>\n<p class=\"\" style=\"text-align: justify;\">Cantando. Tengo una casa, pero si decidiera no trabajar tendr\u00eda que apretar.<\/p>\n<p class=\"\" style=\"text-align: justify;\"><b>No le ha asustado mezclar negocio y amor. Canta con su marido y su hijo. Su hermano es su m\u00e1nager\u2026<\/b><\/p>\n<p class=\"\" style=\"text-align: justify;\">Ha sido un privilegio. Mi hermano me recuerda tanto a mi padre\u2026 \u00c9l disfrut\u00f3 y mi madre me mantuvo en el suelo. Dec\u00eda: \u201cConcha Velasco\u2026, esa s\u00ed que es buena actriz\u201d.<\/p>\n<p class=\"\" style=\"text-align: justify;\"><b>\u00bfQu\u00e9 siente en un estadio cuando la gente canta sus letras?<\/b><\/p>\n<p class=\"\" style=\"text-align: justify;\">Adrenalina. Luego tienes que pasar un par de d\u00edas bajando el sufl\u00e9.<\/p>\n<p class=\"\" style=\"text-align: justify;\"><b>\u00bfSiempre ha sido igual de flaquilla?<\/b><\/p>\n<p class=\"\" style=\"text-align: justify;\">Son genes. Mis hermanos y mis hijos son as\u00ed.<\/p>\n<p class=\"\" style=\"text-align: justify;\"><b>\u00bfPuedo preguntar cu\u00e1nto pesa?<\/b><\/p>\n<p class=\"\" style=\"text-align: justify;\">Ahora 49. Pero siempre he bailado y no quiero dejarlo.<\/p>\n<p class=\"\" style=\"text-align: justify;\"><b>\u00bfHa madurado mejor f\u00edsica o ps\u00edquicamente?<\/b><\/p>\n<p class=\"\" style=\"text-align: justify;\">Ay\u2026, si fuera al mismo tiempo. Hacerse mayor es una putada porque, mentalmente, t\u00fa te sientes taaaan joven.<\/p>\n<p class=\"\" style=\"text-align: justify;\"><b>Gesticula mucho.<\/b><\/p>\n<p class=\"\" style=\"text-align: justify;\">\u00bfC\u00f3mo actuar sin gestos? Cuando hago cine me tengo que frenar. Es marca de la casa. Lo hac\u00eda mi madre y lo hace mi hija.<\/p>\n<p class=\"\" style=\"text-align: justify;\"><b>Olea, Trueba, Aranda, Su\u00e1rez, Camus, Eloy de la Iglesia\u2026 \u00bfCambia con cada director?<\/b><\/p>\n<p class=\"\" style=\"text-align: justify;\">Me adapto.<\/p>\n<p class=\"\" style=\"text-align: justify;\"><b>Pero siempre vemos a Ana Bel\u00e9n.<\/b><\/p>\n<p class=\"\" style=\"text-align: justify;\">Bueno\u2026, tambi\u00e9n les pasa a Robert De Niro y a Meryl Streep. D\u00e9jame que me consuele.<\/p>\n<p class=\"\" style=\"text-align: justify;\"><b>Manuel Guti\u00e9rrez Arag\u00f3n dijo: \u201cEl que m\u00e1s o el que menos estaba enamorado de Ana Bel\u00e9n\u2026 Rodar era una excusa\u201d.<\/b><\/p>\n<p class=\"\" style=\"text-align: justify;\">Manolo siempre ha sido un provocador.<\/p>\n<p class=\"\" style=\"text-align: justify;\"><b>Tambi\u00e9n dijo que no se llevaba bien con \u00c1ngela Molina.<\/b><\/p>\n<p class=\"\" style=\"text-align: justify;\">Es un burro. Despu\u00e9s de rodar <i>Demonios en el jard\u00edn,<\/i> la he ido a ver al teatro. Me parece una t\u00eda estupenda. Sab\u00eda que hab\u00eda mucha gente diciendo: \u201cA ver estas dos\u201d. Pero ni ella es diva ni yo lo soy.<\/p>\n<p class=\"\" style=\"text-align: justify;\"><b>\u00bfPor qu\u00e9 necesit\u00f3 dirigir <\/b><i><b>C\u00f3mo ser mujer y no morir en el intento<\/b><\/i><b>?<\/b><\/p>\n<p class=\"\" style=\"text-align: justify;\">No lo necesit\u00e9. Hab\u00eda le\u00eddo la novela de Carmen Rico Godoy y me llam\u00f3 su marido, Andr\u00e9s Vicente G\u00f3mez. Quer\u00eda que la dirigiera. Dije: \u201cTengo un respeto reverencial por los directores\u201d. Y colgu\u00e9. V\u00edctor me pregunt\u00f3: \u201c\u00bfPor qu\u00e9 has dicho que no? \u00bfCrees que lo har\u00edas peor que fulanito o menganito? Arrepi\u00e9ntete cuando lo hayas hecho\u201d.<\/p>\n<p class=\"\" style=\"text-align: justify;\"><b>\u00bfSe arrepinti\u00f3?<\/b><\/p>\n<p class=\"\" style=\"text-align: justify;\">No. Aprend\u00ed. No dirig\u00ed esa pel\u00edcula sola. La hicimos un equipo. Pero no lo he hecho m\u00e1s. Me gusta tanto ser actriz\u2026<\/p>\n<p class=\"\" style=\"text-align: justify;\"><b>\u00bfCu\u00e1ndo desarroll\u00f3 una opini\u00f3n propia?<\/b><\/p>\n<p class=\"\" style=\"text-align: justify;\">Te ayuda a tenerla la gente con la que creces. Mi madre, por ejemplo: \u201cT\u00fa siempre p\u00e1gate lo tuyo\u201d.<\/p>\n<p class=\"\" style=\"text-align: justify;\"><b>\u00bfCu\u00e1l ha sido su momento m\u00e1s dif\u00edcil?<\/b><\/p>\n<p class=\"\" style=\"text-align: justify;\">Una \u00e9poca muy violenta de la Transici\u00f3n. Como dec\u00eda mi madre, yo me hab\u00eda \u201csignificado\u201d. Y nos pusieron dos bombas en casa los Guerrilleros de Cristo Rey.<\/p>\n<p class=\"\" style=\"text-align: justify;\"><b>\u00bfEn qu\u00e9 ha cambiado m\u00e1s?<\/b><\/p>\n<p class=\"\" style=\"text-align: justify;\">He cambiado mucho, pero me reconozco.<\/p>\n<p style=\"text-align: justify;\"><strong><a class=\"a_md_a_n\" title=\"Ver todas las noticias de Anatxu Zabalbeascoa\" href=\"https:\/\/elpais.com\/autor\/anatxu-zabalbeascoa\/#?rel=author_top\" data-mrf-link=\"https:\/\/elpais.com\/autor\/anatxu-zabalbeascoa\/\">Anatxu Zabalbeascoa<\/a><\/strong><\/p>\n<p style=\"text-align: justify;\">FOTO\u00bbCuando sales al escenario tienes que serlo. Aunque te est\u00e9s muriendo por dentro tienes que pisar fuerte\u00bb, dice Ana Bel\u00e9n<strong>.<span class=\"a_m_m\">Caterina Barjau<\/span><\/strong><\/p>\n<p style=\"text-align: justify;\">https:\/\/elpais.com\/eps\/2024-01-27\/ana-belen-hacerse-mayor-es-una-putada-porque-mentalmente-te-sientes-tan-joven.html<\/p>\n<div class=\"a_md _g _g-xs \">\n<figure class=\"a_md_i a_m-h c_m--nf\" style=\"text-align: justify;\"><span class=\"a_m_w _db\">\u00a0<\/span><\/figure>\n<div class=\"a_md_txt\">\n<div class=\"a_md_a\" data-dtm-region=\"articulo_firma\">\u00a0<\/div>\n<\/div>\n<\/div>\n","protected":false},"excerpt":{"rendered":"<p>La cantante y actriz, con 35 discos, 40 pel\u00edculas, cientos de representaciones teatrales y recitales&#8230;<\/p>\n","protected":false},"author":1,"featured_media":66779,"comment_status":"closed","ping_status":"closed","sticky":false,"template":"","format":"standard","meta":{"_coblocks_attr":"","_coblocks_dimensions":"","_coblocks_responsive_height":"","_coblocks_accordion_ie_support":"","jetpack_post_was_ever_published":false,"_jetpack_newsletter_access":"","_jetpack_dont_email_post_to_subs":false,"_jetpack_newsletter_tier_id":0,"_jetpack_memberships_contains_paywalled_content":false,"_jetpack_memberships_contains_paid_content":false,"footnotes":"","jetpack_publicize_message":"","jetpack_publicize_feature_enabled":true,"jetpack_social_post_already_shared":true,"jetpack_social_options":{"image_generator_settings":{"template":"highway","default_image_id":0,"enabled":false},"version":2}},"categories":[1161,7721,44,10],"tags":[],"class_list":["post-66778","post","type-post","status-publish","format-standard","has-post-thumbnail","hentry","category-ciudadania","category-mujeres-que-cambiaron-la-historia","category-noticias-de-hoy","category-salud"],"jetpack_publicize_connections":[],"jetpack_featured_media_url":"https:\/\/i0.wp.com\/miradordeatarfe.es\/wp-content\/uploads\/2024\/01\/Screenshot-2024-01-29-at-12-39-24-Ana-Belen-Hacerse-mayor-es-una-putada-porque-mentalmente-te-sientes-tan-joven.png?fit=610%2C661&ssl=1","jetpack_likes_enabled":true,"jetpack_sharing_enabled":true,"_links":{"self":[{"href":"https:\/\/miradordeatarfe.es\/index.php?rest_route=\/wp\/v2\/posts\/66778","targetHints":{"allow":["GET"]}}],"collection":[{"href":"https:\/\/miradordeatarfe.es\/index.php?rest_route=\/wp\/v2\/posts"}],"about":[{"href":"https:\/\/miradordeatarfe.es\/index.php?rest_route=\/wp\/v2\/types\/post"}],"author":[{"embeddable":true,"href":"https:\/\/miradordeatarfe.es\/index.php?rest_route=\/wp\/v2\/users\/1"}],"replies":[{"embeddable":true,"href":"https:\/\/miradordeatarfe.es\/index.php?rest_route=%2Fwp%2Fv2%2Fcomments&post=66778"}],"version-history":[{"count":1,"href":"https:\/\/miradordeatarfe.es\/index.php?rest_route=\/wp\/v2\/posts\/66778\/revisions"}],"predecessor-version":[{"id":66780,"href":"https:\/\/miradordeatarfe.es\/index.php?rest_route=\/wp\/v2\/posts\/66778\/revisions\/66780"}],"wp:featuredmedia":[{"embeddable":true,"href":"https:\/\/miradordeatarfe.es\/index.php?rest_route=\/wp\/v2\/media\/66779"}],"wp:attachment":[{"href":"https:\/\/miradordeatarfe.es\/index.php?rest_route=%2Fwp%2Fv2%2Fmedia&parent=66778"}],"wp:term":[{"taxonomy":"category","embeddable":true,"href":"https:\/\/miradordeatarfe.es\/index.php?rest_route=%2Fwp%2Fv2%2Fcategories&post=66778"},{"taxonomy":"post_tag","embeddable":true,"href":"https:\/\/miradordeatarfe.es\/index.php?rest_route=%2Fwp%2Fv2%2Ftags&post=66778"}],"curies":[{"name":"wp","href":"https:\/\/api.w.org\/{rel}","templated":true}]}}