{"id":66781,"date":"2024-01-30T09:37:26","date_gmt":"2024-01-30T08:37:26","guid":{"rendered":"https:\/\/miradordeatarfe.es\/?p=66781"},"modified":"2024-01-29T13:03:28","modified_gmt":"2024-01-29T12:03:28","slug":"medio-centenar-de-poetas-de-granada-unen-sus-voces-por-la-paz-en-palestina","status":"publish","type":"post","link":"https:\/\/miradordeatarfe.es\/?p=66781","title":{"rendered":"Medio centenar de poetas de Granada unen sus voces por la paz en Palestina"},"content":{"rendered":"<h3 style=\"text-align: justify;\">La excelente respuesta de los poetas de Granada a la convocatoria de la tambi\u00e9n poeta y artista pl\u00e1stica, <strong>Marina Tapia<\/strong>, hizo que la sala de conferencias del Ateneo de Granada se quedara peque\u00f1a y que las lecturas tuvieran que realizarse<strong> en dos tandas<\/strong>.<span id=\"more-76124\"><\/span><\/h3>\n<p style=\"text-align: justify;\">En ambas, las lecturas se fueron realizando por orden alfab\u00e9tico y los poetas dieron lectura, bien del papel, libro o m\u00f3vil, poemas propios compuestos para la ocasi\u00f3n o de poetas, principalmente palestinos. El primero en hacerlo ser\u00eda el cantautor Carlos Andreoli, que como es habitual en su caso, el poema ir\u00eda acompa\u00f1ado de su inseparable guitarra. Antes de la lectura todos coincidir\u00edan en sus agradecimientos a Marina por darles la oportunidad y al Ateneo por ceder sus instalaciones para la celebraci\u00f3n.<\/p>\n<p><a href=\"https:\/\/i0.wp.com\/miradordeatarfe.es\/wp-content\/uploads\/2024\/01\/AAM_poetas-contra-el-genocidio-2-Alvaro-Salvador%40iec.webp?ssl=1\"><img data-recalc-dims=\"1\" loading=\"lazy\" decoding=\"async\" class=\"wp-image-66783 size-full alignleft\" src=\"https:\/\/i0.wp.com\/miradordeatarfe.es\/wp-content\/uploads\/2024\/01\/AAM_poetas-contra-el-genocidio-2-Alvaro-Salvador%40iec.webp?resize=624%2C416&#038;ssl=1\" alt=\"\" width=\"624\" height=\"416\" srcset=\"https:\/\/i0.wp.com\/miradordeatarfe.es\/wp-content\/uploads\/2024\/01\/AAM_poetas-contra-el-genocidio-2-Alvaro-Salvador%40iec.webp?w=624&amp;ssl=1 624w, https:\/\/i0.wp.com\/miradordeatarfe.es\/wp-content\/uploads\/2024\/01\/AAM_poetas-contra-el-genocidio-2-Alvaro-Salvador%40iec.webp?resize=300%2C200&amp;ssl=1 300w\" sizes=\"auto, (max-width: 624px) 100vw, 624px\" \/><\/a><\/p>\n<p style=\"text-align: justify;\">Por su parte Marina Tapia ley\u00f3, al inicio de ambas partes, unas l\u00edneas en las que se justificaba el acto que simult\u00e1neamente se estaba celebrando en otras ciudades espa\u00f1olas, en otros pa\u00edses europeos y del centro y sur de Am\u00e9rica, as\u00ed como\u00a0 su finalidad, que por su inter\u00e9s reproducimos a continuaci\u00f3n:<\/p>\n<p style=\"text-align: justify;\"><strong>\u00a0\u201cPoes\u00eda por Palestina. Versos contra el genocidio\u201d<\/strong><\/p>\n<p style=\"text-align: justify;\">\u00abEn esta lectura, hemos querido aunar nuestras voces, agrupar al mayor n\u00famero de poetas residentes en Granada para manifestar nuestro apoyo a la poblaci\u00f3n civil que est\u00e1 sufriendo y siendo eliminada por fuerzas pol\u00edticas y armadas, que no tienen en cuenta la inocencia, la edad o las condiciones vitales de esas personas que se encuentran atrapadas y en medio de fuerzas encontradas.<\/p>\n<p style=\"text-align: justify;\">Nuestro deseo, aqu\u00ed en Granada, por parte m\u00eda y del Ateneo no es abanderar una postura pol\u00edtica radical, sabemos que el problema es complej\u00edsimo, por eso recalcamos que estamos a favor de la paz, que queremos que pare este enfrentamiento, que estamos en contra de la destrucci\u00f3n de hospitales, del bloqueo de la ayuda humanitaria y de cualquier tipo de violencia.<\/p>\n<p>&nbsp;<\/p>\n<p>&nbsp;<\/p>\n<figure id=\"attachment_76126\" class=\"wp-caption alignright\" style=\"text-align: justify;\" aria-describedby=\"caption-attachment-76126\"><img data-recalc-dims=\"1\" loading=\"lazy\" decoding=\"async\" class=\"size-full wp-image-76126\" src=\"https:\/\/i0.wp.com\/static-ms.ideal.es\/wp-content\/uploads\/sites\/17\/2024\/01\/AAM_poetas-contra-el-genocidio-3-tanda-1%40IEC.jpg?resize=624%2C403&#038;ssl=1\" sizes=\"auto, (max-width: 624px) 100vw, 624px\" srcset=\"\/\/static-ms.ideal.es\/wp-content\/uploads\/sites\/17\/2024\/01\/AAM_poetas-contra-el-genocidio-3-tanda-1@IEC.jpg 624w, \/\/static-ms.ideal.es\/wp-content\/uploads\/sites\/17\/2024\/01\/AAM_poetas-contra-el-genocidio-3-tanda-1@IEC-300x194.jpg 300w\" alt=\"\" width=\"624\" height=\"403\" \/><figcaption id=\"caption-attachment-76126\" class=\"wp-caption-text\"><em><strong>Poetas participantes en la primera tanda, con Marina en el centro<\/strong><\/em>\u00a0::A.A.<\/figcaption><\/figure>\n<p style=\"text-align: justify;\">Como ya sab\u00e9is, m\u00e1s de 45 ciudades de todo el mundo se han unido a esta causa que fue impulsada por Paco Moral, editor madrile\u00f1o, con el fin de implicar a la sociedad ante este vergonzoso genocidio.<\/p>\n<p style=\"text-align: justify;\">Tambi\u00e9n se busca recaudar fondos que puedan llegar a la zona afectada a trav\u00e9s de la ONG UNRWA, que est\u00e1 desarrollando un trabajo esencial a pie de calle en la Franja de Gaza y cuyas instalaciones acogen a m\u00e1s de 1,4 millones de refugiados.<\/p>\n<p style=\"text-align: justify;\">Doy las gracias a Jes\u00fas Ambel y a \u00c1lvaro Salvador que, desde el primer momento, ofrecieron este espacio para desarrollar la lectura. Y agradezco a cada una de vosotras, de vosotros, por el apoyo, por la buena disposici\u00f3n para que este acto sea posible, por difundirlo en las redes sociales. Y os recuerdo que hay a vuestra disposici\u00f3n una hucha para depositar el dinero que pod\u00e1is para esta causa, y que tambi\u00e9n existe una cuenta bancaria para realizar donaciones.<\/p>\n<p style=\"text-align: justify;\">El n\u00famero de cuenta figura en los carteles: ES48 2100 3662 6422 0011 3462 (Concepto: Ayuda a Palestina) Sin m\u00e1s, damos comienzo a este recital. Os ir\u00e9 nombrando por orden alfab\u00e9tico.<\/p>\n<p style=\"text-align: justify;\">\u00a1Muchas gracias\u00bb.<\/p>\n<p style=\"text-align: justify;\">La relaci\u00f3n de poetas participantes es la que sigue:<\/p>\n<p style=\"text-align: justify;\"><strong>Francisco Acuyo, Carlos Andreoli, Federico Barcelona, Ana Barea, Mar\u00eda \u00c1ngeles Barrionuev, Paco Beltr\u00e1n, Javier Ben\u00edtez, Isabel Bermejo, Marga Blanco, Lola Callej\u00f3n, Carmen Canet, Antonio Carbonell, Luis Cer\u00f3n, Alicia Choin, Carmen Cruz, Dori Delgado, M\u00f3nica Do\u00f1a, Encarnaci\u00f3n Fern\u00e1ndez Mart\u00edn, M\u00f3nica Franc\u00e9s, Concha Gonz\u00e1lez-Bad\u00eda, Trinidad Gan, Teresa G\u00f3mez, Carmen Hern\u00e1ndez Montalb\u00e1n, Raimundo I\u00e1\u00f1ez, Mar\u00eda Jos\u00e9 Jim\u00e9nez, Inmaculada L\u00f3pez Melguizo, Juan E. Mart\u00edn, Daniel Mart\u00edn Peralta, Isabel Martos, Josefina Martos Peregr\u00edn, Pepa Merlo, Gracia Morales, Carmina Moreno, <\/strong><strong>Carmen Morente Mu\u00f1oz, Rosa Morillas, Marijose Mu\u00f1oz Rubio, Inmaculada Nogueras, Virtudes Olvera, Rosa Ortega, Yolanda Ortiz, Juan Carlos Rodr\u00edguez Torres, Pedro Ruiz Hidalgo, Carmen Salasm Alfonso Salazar y \u00c1lvaro Salvador.<\/strong><\/p>\n<p style=\"text-align: justify;\">Os dejamos a continuaci\u00f3n el v\u00eddeo del acto con unas im\u00e1genes iniciales cedidas amablemente por Marijose Mu\u00f1oz:<\/p>\n<p><iframe loading=\"lazy\" title=\"POETAS DE GRANADA CONTRA EL GENOCIDIO EN GAZA\" src=\"https:\/\/www.youtube.com\/embed\/jeFZdIbZ2tU?feature=oembed\" width=\"800\" height=\"450\" frameborder=\"0\" allowfullscreen=\"allowfullscreen\" data-mce-fragment=\"1\"><\/iframe><\/p>\n<p><strong>ANTONIO ARENAS<\/strong><\/p>\n<div class=\"addtoany_share_save_container addtoany_content addtoany_content_bottom\">\n<div class=\"addtoany_header\"><em><strong>FOTO: Poetas contra el genocidio en Gaza. En un momento del acto celebrado en la sede del Ateneo<\/strong><\/em> :: A.\u00a0 ARENAS<\/div>\n<div>\u00a0<\/div>\n<div>https:\/\/en-clase.ideal.es\/2024\/01\/22\/medio-centenar-de-poetas-de-granada-unen-sus-voces-por-la-paz-en-palestina\/?fbclid=IwAR3tHt-ajCbuGgemadcengiVbMCaxsuaIwKORYbemUYanSmwald1QqS3xl0<\/div>\n<\/div>\n","protected":false},"excerpt":{"rendered":"<p>La excelente respuesta de los poetas de Granada a la convocatoria de la tambi\u00e9n poeta&#8230;<\/p>\n","protected":false},"author":1,"featured_media":66782,"comment_status":"closed","ping_status":"closed","sticky":false,"template":"","format":"standard","meta":{"_coblocks_attr":"","_coblocks_dimensions":"","_coblocks_responsive_height":"","_coblocks_accordion_ie_support":"","jetpack_post_was_ever_published":false,"_jetpack_newsletter_access":"","_jetpack_dont_email_post_to_subs":false,"_jetpack_newsletter_tier_id":0,"_jetpack_memberships_contains_paywalled_content":false,"_jetpack_memberships_contains_paid_content":false,"footnotes":"","jetpack_publicize_message":"","jetpack_publicize_feature_enabled":true,"jetpack_social_post_already_shared":true,"jetpack_social_options":{"image_generator_settings":{"template":"highway","default_image_id":0,"enabled":false},"version":2}},"categories":[1161,10781,44,7671],"tags":[],"class_list":["post-66781","post","type-post","status-publish","format-standard","has-post-thumbnail","hentry","category-ciudadania","category-granada","category-noticias-de-hoy","category-politica"],"jetpack_publicize_connections":[],"jetpack_featured_media_url":"https:\/\/i0.wp.com\/miradordeatarfe.es\/wp-content\/uploads\/2024\/01\/AAM_poetas-contra-el-genocidio-4-tanda-2%40IEC.webp?fit=624%2C416&ssl=1","jetpack_likes_enabled":true,"jetpack_sharing_enabled":true,"_links":{"self":[{"href":"https:\/\/miradordeatarfe.es\/index.php?rest_route=\/wp\/v2\/posts\/66781","targetHints":{"allow":["GET"]}}],"collection":[{"href":"https:\/\/miradordeatarfe.es\/index.php?rest_route=\/wp\/v2\/posts"}],"about":[{"href":"https:\/\/miradordeatarfe.es\/index.php?rest_route=\/wp\/v2\/types\/post"}],"author":[{"embeddable":true,"href":"https:\/\/miradordeatarfe.es\/index.php?rest_route=\/wp\/v2\/users\/1"}],"replies":[{"embeddable":true,"href":"https:\/\/miradordeatarfe.es\/index.php?rest_route=%2Fwp%2Fv2%2Fcomments&post=66781"}],"version-history":[{"count":2,"href":"https:\/\/miradordeatarfe.es\/index.php?rest_route=\/wp\/v2\/posts\/66781\/revisions"}],"predecessor-version":[{"id":66785,"href":"https:\/\/miradordeatarfe.es\/index.php?rest_route=\/wp\/v2\/posts\/66781\/revisions\/66785"}],"wp:featuredmedia":[{"embeddable":true,"href":"https:\/\/miradordeatarfe.es\/index.php?rest_route=\/wp\/v2\/media\/66782"}],"wp:attachment":[{"href":"https:\/\/miradordeatarfe.es\/index.php?rest_route=%2Fwp%2Fv2%2Fmedia&parent=66781"}],"wp:term":[{"taxonomy":"category","embeddable":true,"href":"https:\/\/miradordeatarfe.es\/index.php?rest_route=%2Fwp%2Fv2%2Fcategories&post=66781"},{"taxonomy":"post_tag","embeddable":true,"href":"https:\/\/miradordeatarfe.es\/index.php?rest_route=%2Fwp%2Fv2%2Ftags&post=66781"}],"curies":[{"name":"wp","href":"https:\/\/api.w.org\/{rel}","templated":true}]}}