{"id":66796,"date":"2024-01-31T10:30:19","date_gmt":"2024-01-31T09:30:19","guid":{"rendered":"https:\/\/miradordeatarfe.es\/?p=66796"},"modified":"2024-01-31T11:45:12","modified_gmt":"2024-01-31T10:45:12","slug":"atarfe-como-queda-la-nueva-carretera-a-cordoba","status":"publish","type":"post","link":"https:\/\/miradordeatarfe.es\/?p=66796","title":{"rendered":"ATARFE: \u00bfC\u00d3MO QUEDA LA NUEVA CARRETERA A C\u00d3RDOBA?"},"content":{"rendered":"<h1 class=\"v-a-t\" style=\"text-align: justify;\">As\u00ed quedar\u00e1 la GR-43, la nueva v\u00eda de Granada que agilizar\u00e1 el viaje a C\u00f3rdoba<\/h1>\n<h2 class=\"v-a-sub-t\" style=\"text-align: justify;\">Las m\u00e1quinas ya trabajan en la autov\u00eda hasta Pinos Puente, la obra del tramo que se retras\u00f3 al quedar desierto el concurso para la construcci\u00f3n.<\/h2>\n<p class=\"v-p\" style=\"text-align: justify;\">Contin\u00faan avanzando las obras del tramo de Atarfe de la GR-43, parte de la arteria que debe conectar con C\u00f3rdoba en un futuro -para el que a\u00fan no hay plazos ni proyectos-. Este tramo est\u00e1 en obras y ya se percibe el trazado del vial desde los terrenos cercanos. Gracias a esta intervenci\u00f3n, Granada capital y Pinos Puente quedar\u00e1n unidos por autov\u00eda en poco m\u00e1s de un a\u00f1o. Este segmento permitir\u00e1 retirar coches de la carretera de C\u00f3rdoba, la N-432.<\/p>\n<p class=\"v-p\" style=\"text-align: justify;\">Los trabajos comenzaron en octubre, una vez adjudicada la construcci\u00f3n del tramo de dos kil\u00f3metros. El proyecto llega con retraso. El Gobierno adjudic\u00f3 las obras a una empresa a mediados de 2022, pero la empresa renunci\u00f3 al contrato por el aumento de los costes, por lo que tuvo que poner en marcha de nuevo el procedimiento de licitaci\u00f3n, que qued\u00f3 resuelto en el pasado mes de septiembre.<\/p>\n<div class=\"v-c-cmp \" style=\"text-align: justify;\">\n<div class=\"v-c-cmp-u\">\n<div id=\"g-Obras-GR-43-box\" class=\"ai2html\">\n<div id=\"g-Obras-GR-43-M\" class=\"g-artboard\" data-aspect-ratio=\"0.82\" data-min-width=\"650\"><span class=\"paywall\" data-mrf-recirculation=\"Link art\u00edculos\">En la actualidad se desarrollan los trabajos para los marcos de drenaje de lluvias y la formaci\u00f3n del terrapl\u00e9n. Tambi\u00e9n se est\u00e1n reponiendo los servicios afectados, como el de aguas, responsabilidad de Emasagra. Tambi\u00e9n se est\u00e1n gestionando las autorizaciones de organismos como la Confederaci\u00f3n Hidrogr\u00e1fica del Guadalquivir, la Junta de Andaluc\u00eda y las comunidades de regantes.<\/span><\/p>\n<div id=\"g-ai2-11\" class=\"g-Capa_10 g-aiAbs\">\n<p><a href=\"https:\/\/i0.wp.com\/miradordeatarfe.es\/wp-content\/uploads\/2024\/01\/Screenshot-2024-01-29-at-19-17-03-Asi-quedara-la-GR-43-la-nueva-via-de-Granada-que-agilizara-el-viaje-a-Cordoba.png?ssl=1\"><img data-recalc-dims=\"1\" loading=\"lazy\" decoding=\"async\" class=\"wp-image-66797 size-full alignleft\" src=\"https:\/\/i0.wp.com\/miradordeatarfe.es\/wp-content\/uploads\/2024\/01\/Screenshot-2024-01-29-at-19-17-03-Asi-quedara-la-GR-43-la-nueva-via-de-Granada-que-agilizara-el-viaje-a-Cordoba.png?resize=640%2C732&#038;ssl=1\" alt=\"\" width=\"640\" height=\"732\" srcset=\"https:\/\/i0.wp.com\/miradordeatarfe.es\/wp-content\/uploads\/2024\/01\/Screenshot-2024-01-29-at-19-17-03-Asi-quedara-la-GR-43-la-nueva-via-de-Granada-que-agilizara-el-viaje-a-Cordoba.png?w=688&amp;ssl=1 688w, https:\/\/i0.wp.com\/miradordeatarfe.es\/wp-content\/uploads\/2024\/01\/Screenshot-2024-01-29-at-19-17-03-Asi-quedara-la-GR-43-la-nueva-via-de-Granada-que-agilizara-el-viaje-a-Cordoba.png?resize=262%2C300&amp;ssl=1 262w\" sizes=\"auto, (max-width: 640px) 100vw, 640px\" \/><\/a><\/p>\n<\/div>\n<\/div>\n<\/div>\n<\/div>\n<\/div>\n<p class=\"v-p\" style=\"text-align: justify;\">Este segmento de la autov\u00eda conectar\u00e1 el tramo ya acabado entre Atarfe y Pinos Puente con la A-92 G a la altura de la capital. Formar\u00e1 un eje de 12 kil\u00f3metros que atravesar\u00e1 los tres municipios y ahorrar\u00e1 a los veh\u00edculos el paso por la N-432, que cruza por los n\u00facleos urbanos con velocidad limitada, rotonda y varios sem\u00e1foros. La autov\u00eda tendr\u00e1 dos calzadas de dos carriles en los primeros 700 metros y luego habr\u00e1 un cambio de secci\u00f3n, con un carril por cada sentido para el enlace con la A-92G. Habr\u00e1 dos infraestructuras singulares: un puente sobre la A-92G y un paso inferior para conectar los caminos de servicio de ambas m\u00e1rgenes de la autov\u00eda.<\/p>\n<p class=\"v-p\" style=\"text-align: justify;\">El tramo en obras tiene una inversi\u00f3n de 14,6 millones y cumplir\u00e1 un doble objetivo: mejorar la capacidad y los tiempos de recorrido, al tiempo que se reduce la contaminaci\u00f3n ocasionada por las retenciones en los accesos a los pol\u00edgonos industriales y a los n\u00facleos de poblaci\u00f3n como Pinos Puente, Atarfe o la capital. En un futuro, la autov\u00eda formar\u00e1 parte de un eje que unir\u00e1 C\u00f3rdoba y Granada, una vez descartado que contin\u00fae hasta Badajoz. Por ahora no hay m\u00e1s proyectos en el horizonte y el Gobierno desech\u00f3 la idea de que el tramo entre Zafra (Badajoz) y Espiel (C\u00f3rdoba) fuese de autov\u00eda, lo que hace que de momento el nuevo tramo sirva solo para descongestionar el tr\u00e1fico en Granada.<\/p>\n<p>J.M.<\/p>\n<p>FOTO_: El nuevo tramo tiene dos kil\u00f3metros de longitud. Foto: \u00c1lex C\u00e1mara<\/p>\n<p>https:\/\/www.ideal.es\/granada\/quedara-gr43-nueva-via-granada-agilizara-viaje-20240128234556-nt.html<\/p>\n","protected":false},"excerpt":{"rendered":"<p>As\u00ed quedar\u00e1 la GR-43, la nueva v\u00eda de Granada que agilizar\u00e1 el viaje a C\u00f3rdoba&#8230;<\/p>\n","protected":false},"author":1,"featured_media":66798,"comment_status":"closed","ping_status":"closed","sticky":false,"template":"","format":"standard","meta":{"_coblocks_attr":"","_coblocks_dimensions":"","_coblocks_responsive_height":"","_coblocks_accordion_ie_support":"","jetpack_post_was_ever_published":false,"_jetpack_newsletter_access":"","_jetpack_dont_email_post_to_subs":false,"_jetpack_newsletter_tier_id":0,"_jetpack_memberships_contains_paywalled_content":false,"_jetpack_memberships_contains_paid_content":false,"footnotes":"","jetpack_publicize_message":"","jetpack_publicize_feature_enabled":true,"jetpack_social_post_already_shared":true,"jetpack_social_options":{"image_generator_settings":{"template":"highway","default_image_id":0,"enabled":false},"version":2}},"categories":[2,1161,9,44],"tags":[],"class_list":["post-66796","post","type-post","status-publish","format-standard","has-post-thumbnail","hentry","category-atarfe","category-ciudadania","category-medio-ambiente","category-noticias-de-hoy"],"jetpack_publicize_connections":[],"jetpack_featured_media_url":"https:\/\/i0.wp.com\/miradordeatarfe.es\/wp-content\/uploads\/2024\/01\/EL0D561-746x420-1.jpg?fit=746%2C420&ssl=1","jetpack_likes_enabled":true,"jetpack_sharing_enabled":true,"_links":{"self":[{"href":"https:\/\/miradordeatarfe.es\/index.php?rest_route=\/wp\/v2\/posts\/66796","targetHints":{"allow":["GET"]}}],"collection":[{"href":"https:\/\/miradordeatarfe.es\/index.php?rest_route=\/wp\/v2\/posts"}],"about":[{"href":"https:\/\/miradordeatarfe.es\/index.php?rest_route=\/wp\/v2\/types\/post"}],"author":[{"embeddable":true,"href":"https:\/\/miradordeatarfe.es\/index.php?rest_route=\/wp\/v2\/users\/1"}],"replies":[{"embeddable":true,"href":"https:\/\/miradordeatarfe.es\/index.php?rest_route=%2Fwp%2Fv2%2Fcomments&post=66796"}],"version-history":[{"count":3,"href":"https:\/\/miradordeatarfe.es\/index.php?rest_route=\/wp\/v2\/posts\/66796\/revisions"}],"predecessor-version":[{"id":66801,"href":"https:\/\/miradordeatarfe.es\/index.php?rest_route=\/wp\/v2\/posts\/66796\/revisions\/66801"}],"wp:featuredmedia":[{"embeddable":true,"href":"https:\/\/miradordeatarfe.es\/index.php?rest_route=\/wp\/v2\/media\/66798"}],"wp:attachment":[{"href":"https:\/\/miradordeatarfe.es\/index.php?rest_route=%2Fwp%2Fv2%2Fmedia&parent=66796"}],"wp:term":[{"taxonomy":"category","embeddable":true,"href":"https:\/\/miradordeatarfe.es\/index.php?rest_route=%2Fwp%2Fv2%2Fcategories&post=66796"},{"taxonomy":"post_tag","embeddable":true,"href":"https:\/\/miradordeatarfe.es\/index.php?rest_route=%2Fwp%2Fv2%2Ftags&post=66796"}],"curies":[{"name":"wp","href":"https:\/\/api.w.org\/{rel}","templated":true}]}}