{"id":66802,"date":"2024-02-03T11:00:09","date_gmt":"2024-02-03T10:00:09","guid":{"rendered":"https:\/\/miradordeatarfe.es\/?p=66802"},"modified":"2024-02-23T12:30:29","modified_gmt":"2024-02-23T11:30:29","slug":"la-maestra-del-ceip-clara-campoamor-esther-crisol-presenta-el-hada-de-los-aljibes","status":"publish","type":"post","link":"https:\/\/miradordeatarfe.es\/?p=66802","title":{"rendered":"La maestra y flamenca del CEIP Clara Campoamor Esther Crisol, presenta \u00abEL HADA DE LOS ALJIBES\u00bb"},"content":{"rendered":"<div class=\"cuerpo\">\n<div class=\"cuerpo\">\n<h3 style=\"text-align: justify;\">La maestra del CEIP CLARA CAMPOAMOR Esther Crisol, junto con Vicente M\u00e1rquez y Marta Mart\u00ednez presentan <strong>El hada de los Aljibes<\/strong>, un espect\u00e1culo did\u00e1ctico familiar con el flamenco como protagonista.\u00a0 Nueve grupos de m\u00fasica de ra\u00edz actuar\u00e1n del 8 al 11 de febrero en el festival Gran\u00e1Folk<\/h3>\n<p style=\"text-align: justify;\">Gran\u00e1Folk, Festival de M\u00fasica Folk, inaugura el calendario de festivales de Granada y provincia, ya que se celebrar\u00e1 del 8 al 11 de febrero. Consolidado ya como una de las citas imprescindibles de la agenda folk nacional, esta \u00faltima edici\u00f3n del certamen \u201cofrece una programaci\u00f3n a la altura de los grandes festivales de folk y m\u00fasica tradicional del pa\u00eds\u201d. As\u00ed lo ha afirmado el concejal de Cultura del Ayuntamiento de Granada, Juan Ram\u00f3n Ferreira, que este lunes ha presentado el evento junto a la delegada de Cultura de la Diputaci\u00f3n, Pilar Caracuel.<\/p>\n<p style=\"text-align: justify;\">Durante cuatro d\u00edas consecutivos, a la capital y a diversos municipios de la provincia, llegar\u00e1n una muestra de las canciones y m\u00fasicas tradicionales de las distintas comarcas y regiones de Espa\u00f1a, concretamente de Galicia, Arag\u00f3n, Madrid, y de las dos Castillas, La Mancha y Le\u00f3n. \u201cY por supuesto, de Andaluc\u00eda y Granada\u201d, seg\u00fan ha destacado Ferreira.<\/p>\n<p style=\"text-align: justify;\">En el festival de m\u00fasica folk de Granada de esta edici\u00f3n actuar\u00e1n <strong>nueve grupos<\/strong> de diversa procedencia, incluyendo un espect\u00e1culo de flamenco did\u00e1ctico dirigido a las familias y los m\u00e1s peque\u00f1os, que adem\u00e1s de la guitarra y el cante, incorpora t\u00edteres en su puesta en escena. Este espect\u00e1culo es una creaci\u00f3n de los granadinos Esther Crisol, Vicente M\u00e1rquez y Marta Mart\u00ednez.<\/p>\n<h4 style=\"text-align: justify;\"><a href=\"https:\/\/i0.wp.com\/miradordeatarfe.es\/wp-content\/uploads\/2024\/02\/Screenshot-2024-02-03-at-11-25-08-Entradas-para-el-VI-Festival-de-Musica-Folk-de-Granada-por-13.90-E-oferta-con-descuento-13-Ofertas-en-Granada-Oferplan-Ideal.png?ssl=1\"><img data-recalc-dims=\"1\" loading=\"lazy\" decoding=\"async\" class=\"wp-image-66912  alignleft\" src=\"https:\/\/i0.wp.com\/miradordeatarfe.es\/wp-content\/uploads\/2024\/02\/Screenshot-2024-02-03-at-11-25-08-Entradas-para-el-VI-Festival-de-Musica-Folk-de-Granada-por-13.90-E-oferta-con-descuento-13-Ofertas-en-Granada-Oferplan-Ideal.png?resize=333%2C235&#038;ssl=1\" alt=\"\" width=\"333\" height=\"235\" \/><\/a>M\u00fasica y baile por plazas de la capital<\/h4>\n<p style=\"text-align: justify;\">Los cantes y bailes de Granada estar\u00e1n presentes con la actuaci\u00f3n de la Asociaci\u00f3n de Coros y Danzas de Granada, que har\u00e1n un recorrido por cuatro plazas de la ciudad. \u201cAqu\u00ed hay que destacar y agradecer siempre la labor de esta Asociaci\u00f3n por recuperar y mantener viva nuestra tradici\u00f3n folkl\u00f3rica\u201d, ha a\u00f1adido el edil de Cultura.<\/p>\n<p style=\"text-align: justify;\">Este a\u00f1o por primera vez en el Festival se ha programado un taller participativo, en este caso de canto y percusi\u00f3n denominado \u2018Las panaderas\u2019, de Castilla y Le\u00f3n. El taller ser\u00e1 impartido por la Music\u00f3loga Mercedes Gim\u00e9nez, en la Casa Molino \u00c1ngel Ganivet.<\/p>\n<p style=\"text-align: justify;\">Y tambi\u00e9n como novedad este a\u00f1o se ha incluido una actividad denominada <strong>\u2018Encuentro con Creadores\u2019,<\/strong> un formato que har\u00e1 posible que el rockero Antonio Arias, l\u00edder carism\u00e1tico de Lagartija Nick, y Ram\u00f3n Rodr\u00edguez, m\u00fasico e investigador, del grupo folk \u2018Fandila\u2019, expliquen el proceso de creaci\u00f3n de Mawlid, un disco con instrumentaci\u00f3n e inspiraci\u00f3n folk, con letras de Al Jatib Iban, \u2018pr\u00edncipe de la literatura ar\u00e1bigo-granadina\u2019 del siglo XIII. En el encuentro se proyectar\u00e1 el video clip \u2018Hora primera\u2019. Ser\u00e1 en la Casa Molino \u00c1ngel Ganivet.<\/p>\n<p style=\"text-align: justify;\">Para el s\u00e1bado 10, en el Palacio de los Condes de Gabia, est\u00e1 prevista la grabaci\u00f3n del programa de Radio 3, RNE, La Tarata\u00f1a, espacio dirigido y presentado por el periodista Fernando I\u00f1iguez, dedicado a las m\u00fasicas tradicionales del pa\u00eds y que en esta ocasi\u00f3n girar\u00e1 sobre la tradici\u00f3n musical de la provincia de Granada.<\/p>\n<h3 style=\"text-align: justify;\">Actuaciones<\/h3>\n<p style=\"text-align: justify;\">La programaci\u00f3n musical de este a\u00f1o del Gran\u00e1Folk para la capital la abrir\u00e1 los burgaleses de Atapuerca <strong>Fet\u00e9n Fet\u00e9n<\/strong>, d\u00fao multiinstrumentista con m\u00e1s de 200 conciertos a sus espaldas en 2023. El grupo, formado por Jorge Arribas y Diego Galaz, propone un espect\u00e1culo en directo conectado a las m\u00fasicas de ra\u00edz, a nuestra esencia como pueblo y cultura. Un recorrido por los ritmos populares de la Pen\u00ednsula Ib\u00e9rica en un directo vital y en\u00e9rgico, para disfrutar escuchando y bailando melod\u00edas tradicionales y composiciones a ritmo de valses, jotas, pasodobles, charros, ruedas o seguidillas. \u2018Fet\u00e9n Fet\u00e9n\u2019 estar\u00e1 en el Auditorio La Chumbera el d\u00eda 8 jueves.<\/p>\n<p style=\"text-align: justify;\">En la provincia, el mismo jueves, los madrile\u00f1os <strong>Climent y Ballar\u00edn,<\/strong> junto a <strong>Mario Lobato,<\/strong> con formaci\u00f3n de tr\u00edo, ofrecer\u00e1n un concierto con viol\u00edn, pandereta, contrabajo y voces. Las canciones de ra\u00edz tradicional, principalmente de Castilla, incluida Madrid, y Le\u00f3n, son fuente de inspiraci\u00f3n y nexo de uni\u00f3n para la creaci\u00f3n de nuevas composiciones y armon\u00edas. Haciendo hincapi\u00e9 en la idea de \u2018menos es m\u00e1s\u2019, el sonido antiguo logra captar la atenci\u00f3n del p\u00fablico de manera extraordinaria, especialmente en espacios que facilitan la proximidad. El pasado y el presente quedan as\u00ed unidos, en una amalgama que conserva y renueva.<\/p>\n<p style=\"text-align: justify;\"><strong>Luar Na Lubre<\/strong>, el grupo m\u00e1s destacado del folk gallego, con gran repercusi\u00f3n en Espa\u00f1a y Europa, estrena su nuevo trabajo, \u2018Luar Na Lubre XX \u2018Encrucillada\u2019, el viernes en el Teatro Isabel la Cat\u00f3lica. Este disco, el vig\u00e9simo de la carrera del grupo, es un libro-disco de celebraci\u00f3n que recoge algunos de los temas m\u00e1s emblem\u00e1ticos de su repertorio con una cronolog\u00eda fotogr\u00e1fica y literaria de su dilatada historia.<\/p>\n<p style=\"text-align: justify;\">En sus 37 a\u00f1os de andadura musical, la formaci\u00f3n gallega ha vendido m\u00e1s de 350.000 ejemplares y ha recibido dos Discos de Oro, 9 Premios de la M\u00fasica y otros reconocimientos, dentro y fuera de Galicia.<\/p>\n<p style=\"text-align: justify;\">Luar Na Lubre estar\u00e1n acompa\u00f1ados por el grupo granadino <strong>Darash<\/strong>, banda nacida en el a\u00f1o 2014 a partir del encuentro de cinco m\u00fasicos granadinos de variadas influencias musicales haciendo honor a las tres culturas del Al \u00c1ndalus. Gracias a las diferentes influencias musicales de cada uno (rock, m\u00fasica celta, flamenco, m\u00fasica sefard\u00ed, \u00e1rabe, m\u00fasica turca o andalus\u00ed), comienzan un viaje entre la fusi\u00f3n y la experimentaci\u00f3n entre estos mundos. El t\u00e9rmino Darash, de etimolog\u00eda hebrea, significa \u00abla b\u00fasqueda\u00bb, concepto que reafirma la idea de unir la m\u00fasica actual con la antigua bas\u00e1ndose en el estudio y la interpretaci\u00f3n de las m\u00fasicas del Mediterr\u00e1neo.<\/p>\n<p style=\"text-align: justify;\">Y en la provincia, desde Toledo, llega <strong>Vig\u00fcela<\/strong>, un grupo nacido a mediados de los a\u00f1os 80, que en esos primeros a\u00f1os de democracia buscaron en las manifestaciones populares de su tierra, una manera de canalizar sus ansias creativas, sin tener que adoptar estilos musicales que les resultaban ajenos y que en muchos casos llegaban de fuera. \u2018Vig\u00fcela\u2019 es el primer grupo en llevar los estilos tradicionales -jota, seguidilla, fandango, son- interpretados como en su entorno natural, con una gran parte de improvisaci\u00f3n, y con un enfoque de excelencia art\u00edstica, a los escenarios profesionales internacionales de las m\u00fasicas del mundo.<\/p>\n<p style=\"text-align: justify;\"><strong>Olga y los Ministriles<\/strong> actuar\u00e1n en el Teatro Isabel la Cat\u00f3lica el s\u00e1bado. Olga Or\u00fas y Salvador Cored son dos grandes m\u00fasicos de folk procedentes de Arag\u00f3n con una larga trayectoria musical de m\u00e1s de 1.000 actuaciones y con 15 discos propios editados y otros tantos de colaboraciones con otros artistas. Ambos deciden formar el grupo \u2018Olga y los Ministriles\u2019, present\u00e1ndose ante el p\u00fablico en el Festival Internacional del Castillo de A\u00ednsa en el a\u00f1o 2009 y cosechando una excelente cr\u00edtica. Desde entonces se ha consolidado como uno de los mejores grupos de folk, habiendo realizado decenas de conciertos y participado en los mejores festivales que se programan en toda Espa\u00f1a.<\/p>\n<p style=\"text-align: justify;\">Al mediod\u00eda del s\u00e1bado 10, la Asociaci\u00f3n de <strong>Coros y Danzas de Granada<\/strong>, de manera itinerante, llevar\u00e1n los cantes y bailes por las plazas del centro de la ciudad. Concretamente, a las 11,30 actuar\u00e1n en la Fuente de las batallas; a las 12,15 en Plaza Nueva; a las 13.00 en Plaza de las Pasiegas y cerrar\u00e1n el periplo a las 13.30 en la Plaza de Bib- rambla.<\/p>\n<p style=\"text-align: justify;\">El s\u00e1bado, en la provincia, actuar\u00e1 <strong>Tahona<\/strong>, un grupo con 50 a\u00f1os de trayectoria en la m\u00fasica popular. En Castilla y Le\u00f3n la cantidad y la calidad de grupos y solistas que han seguido este movimiento es especialmente nutrido e importante y con una calidad digna de menci\u00f3n. Ha constituido la expresi\u00f3n de las ra\u00edces de una tierra que ha dado frutos en medio mundo. Uno de estos grupos es \u2018Tahona\u2019, que ha sabido navegar en este duro mundo de la cultura nada m\u00e1s y nada menos que medio siglo. En todos estos han producido \u00e1lbumes de calidad, dando su sello personal a cada grabaci\u00f3n y a cada sonido que sale de la formaci\u00f3n en directo; un directo potente y sin fisuras que muestra la calidad atesorada a lo largo de estos m\u00e1s de cincuenta a\u00f1os y todo ello sin renunciar a la rica tradici\u00f3n castellano leonesa.<\/p>\n<h4 style=\"text-align: justify;\">Espect\u00e1culo did\u00e1ctico familiar<\/h4>\n<p style=\"text-align: justify;\">Y cerrando el programa del Gran\u00e1Folk, en el teatro Isabel la Cat\u00f3lica, el domingo 11, Esther Crisol, Vicente M\u00e1rquez y Marta Mart\u00ednez presentan <strong>El hada de los Aljibes<\/strong>, un espect\u00e1culo did\u00e1ctico familiar con el flamenco como protagonista que pretende aunar elementos de historias antiguas con la libertad de la imaginaci\u00f3n del ser humano en todos sus momentos vitales. El flamenco sirve, en este caso, de recurso fundamental para dar visibilidad a algunas mujeres de diferentes disciplinas que tambi\u00e9n hicieron su aportaci\u00f3n al mundo del flamenco y de la cultura en general.<\/p>\n<p style=\"text-align: justify;\">El proyecto Gran\u00e1Folk surge con el objetivo de servir de est\u00edmulo y herramienta de difusi\u00f3n para los m\u00fasicos y grupos dedicados a la investigaci\u00f3n y recuperaci\u00f3n de las m\u00fasicas y canciones propias de algunas zonas de Espa\u00f1a y que el tiempo pr\u00e1cticamente las ha ido borrando de la memoria.<\/p>\n<p style=\"text-align: justify;\">Este certamen tiene muy presente la labor de investigaci\u00f3n y recopilaci\u00f3n que realiz\u00f3 durante varios a\u00f1os Federico Garc\u00eda Lorca -en los a\u00f1os 30 del siglo pasado- y que se plasm\u00f3 en la grabaci\u00f3n de un disco, junto a La Argentinita, en el que se recuperaban canciones populares olvidadas y que hoy forman parte del repertorio emocional de Andaluc\u00eda, pero conocido en todo el pa\u00eds. Se trata de canciones como Anda Jaleo, La Tarara o el Caf\u00e9 de Chinitas.<\/p>\n<p style=\"text-align: justify;\">Ferreira ha recordado que, en los \u00faltimos a\u00f1os, el inter\u00e9s por el folk y la m\u00fasica tradicional en Espa\u00f1a ha aumentado considerablemente, ya que diversos artistas muy reconocidos han incorporado a sus trabajos discogr\u00e1ficos y conciertos canciones populares e instrumentaci\u00f3n tradicional. Es el caso de Rozal\u00e9n o Fito y Fitipaldis, que en su \u00faltima gira incorpor\u00f3 a los burgaleses \u2018Fet\u00e9n Fet\u00e9n\u2019 como teloneros, grupo que este a\u00f1o abre la programaci\u00f3n de Gran\u00e1folk.<\/p>\n<p style=\"text-align: justify;\">Por su parte, la diputada de Cultura, Pilar Caracuel, ha se\u00f1alado que \u201ces prioridad de la Diputaci\u00f3n llevar a los municipios de la provincia espect\u00e1culos y festivales de primer nivel que se celebran en Granada. Por ello, este a\u00f1o se celebrar\u00e1n tres\u00a0<strong>conciertos en Cijuela, Gor y J\u00e9rez del Marquesado<\/strong>\u00a0paralelamente a los programados en la capital\u201d.<\/p>\n<p style=\"text-align: justify;\">Para finalizar, \u201cquiero destacar la calidad de las propuestas presentadas en esta edici\u00f3n y reiterar el apoyo de la instituci\u00f3n para que este festival se consolide como una cita anual de inter\u00e9s musical, as\u00ed como agradecer la colaboraci\u00f3n de los ayuntamientos que nos permiten extender este festival a la ciudadan\u00eda de la provincia\u201d.<\/p>\n<h3>Aqu\u00ed podr\u00e9is encontrar el enlace para las entradas y tambi\u00e9n el cartel general, de la actuaci\u00f3n de nuestra maestra de Atarfe\u00a0 ESTHER CRISOL<\/h3>\n<h3><a href=\"https:\/\/www.redentradas.com\/?entradas=el-hada-de-los-aljibes&amp;provincia=granada&amp;cpro=18&amp;eid=2716\">https:\/\/www.redentradas.com\/?entradas=el-hada-de-los-aljibes&amp;provincia=granada&amp;cpro=18&amp;eid=2716<\/a><\/h3>\n<\/div>\n<h3><a href=\"https:\/\/i0.wp.com\/miradordeatarfe.es\/wp-content\/uploads\/2024\/01\/Imagen-de-WhatsApp-2024-01-29-a-las-17.36.20_6714f2b7.jpg?ssl=1\"><img data-recalc-dims=\"1\" loading=\"lazy\" decoding=\"async\" class=\"alignnone wp-image-66804 size-full\" src=\"https:\/\/i0.wp.com\/miradordeatarfe.es\/wp-content\/uploads\/2024\/01\/Imagen-de-WhatsApp-2024-01-29-a-las-17.36.20_6714f2b7.jpg?resize=640%2C905&#038;ssl=1\" alt=\"\" width=\"640\" height=\"905\" srcset=\"https:\/\/i0.wp.com\/miradordeatarfe.es\/wp-content\/uploads\/2024\/01\/Imagen-de-WhatsApp-2024-01-29-a-las-17.36.20_6714f2b7.jpg?w=842&amp;ssl=1 842w, https:\/\/i0.wp.com\/miradordeatarfe.es\/wp-content\/uploads\/2024\/01\/Imagen-de-WhatsApp-2024-01-29-a-las-17.36.20_6714f2b7.jpg?resize=212%2C300&amp;ssl=1 212w, https:\/\/i0.wp.com\/miradordeatarfe.es\/wp-content\/uploads\/2024\/01\/Imagen-de-WhatsApp-2024-01-29-a-las-17.36.20_6714f2b7.jpg?resize=725%2C1024&amp;ssl=1 725w, https:\/\/i0.wp.com\/miradordeatarfe.es\/wp-content\/uploads\/2024\/01\/Imagen-de-WhatsApp-2024-01-29-a-las-17.36.20_6714f2b7.jpg?resize=768%2C1085&amp;ssl=1 768w\" sizes=\"auto, (max-width: 640px) 100vw, 640px\" \/><\/a><\/h3>\n<\/div>\n<div>\n<div id=\"disqus_thread\">https:\/\/www.elindependientedegranada.es\/cultura\/nueve-grupos-musica-raiz-actuaran-8-11-febrero-festival-granafolk<\/div>\n<\/div>\n","protected":false},"excerpt":{"rendered":"<p>La maestra del CEIP CLARA CAMPOAMOR Esther Crisol, junto con Vicente M\u00e1rquez y Marta Mart\u00ednez&#8230;<\/p>\n","protected":false},"author":1,"featured_media":66911,"comment_status":"closed","ping_status":"closed","sticky":false,"template":"","format":"standard","meta":{"_coblocks_attr":"","_coblocks_dimensions":"","_coblocks_responsive_height":"","_coblocks_accordion_ie_support":"","jetpack_post_was_ever_published":false,"_jetpack_newsletter_access":"","_jetpack_dont_email_post_to_subs":false,"_jetpack_newsletter_tier_id":0,"_jetpack_memberships_contains_paywalled_content":false,"_jetpack_memberships_contains_paid_content":false,"footnotes":"","jetpack_publicize_message":"","jetpack_publicize_feature_enabled":true,"jetpack_social_post_already_shared":false,"jetpack_social_options":{"image_generator_settings":{"template":"highway","default_image_id":0,"enabled":false},"version":2}},"categories":[187,10781,44],"tags":[],"class_list":["post-66802","post","type-post","status-publish","format-standard","has-post-thumbnail","hentry","category-centros-educativos","category-granada","category-noticias-de-hoy"],"jetpack_publicize_connections":[],"jetpack_featured_media_url":"https:\/\/i0.wp.com\/miradordeatarfe.es\/wp-content\/uploads\/2024\/02\/0.Esther.webp?fit=624%2C368&ssl=1","jetpack_likes_enabled":true,"jetpack_sharing_enabled":true,"_links":{"self":[{"href":"https:\/\/miradordeatarfe.es\/index.php?rest_route=\/wp\/v2\/posts\/66802","targetHints":{"allow":["GET"]}}],"collection":[{"href":"https:\/\/miradordeatarfe.es\/index.php?rest_route=\/wp\/v2\/posts"}],"about":[{"href":"https:\/\/miradordeatarfe.es\/index.php?rest_route=\/wp\/v2\/types\/post"}],"author":[{"embeddable":true,"href":"https:\/\/miradordeatarfe.es\/index.php?rest_route=\/wp\/v2\/users\/1"}],"replies":[{"embeddable":true,"href":"https:\/\/miradordeatarfe.es\/index.php?rest_route=%2Fwp%2Fv2%2Fcomments&post=66802"}],"version-history":[{"count":4,"href":"https:\/\/miradordeatarfe.es\/index.php?rest_route=\/wp\/v2\/posts\/66802\/revisions"}],"predecessor-version":[{"id":66914,"href":"https:\/\/miradordeatarfe.es\/index.php?rest_route=\/wp\/v2\/posts\/66802\/revisions\/66914"}],"wp:featuredmedia":[{"embeddable":true,"href":"https:\/\/miradordeatarfe.es\/index.php?rest_route=\/wp\/v2\/media\/66911"}],"wp:attachment":[{"href":"https:\/\/miradordeatarfe.es\/index.php?rest_route=%2Fwp%2Fv2%2Fmedia&parent=66802"}],"wp:term":[{"taxonomy":"category","embeddable":true,"href":"https:\/\/miradordeatarfe.es\/index.php?rest_route=%2Fwp%2Fv2%2Fcategories&post=66802"},{"taxonomy":"post_tag","embeddable":true,"href":"https:\/\/miradordeatarfe.es\/index.php?rest_route=%2Fwp%2Fv2%2Ftags&post=66802"}],"curies":[{"name":"wp","href":"https:\/\/api.w.org\/{rel}","templated":true}]}}