{"id":66807,"date":"2024-01-31T10:00:47","date_gmt":"2024-01-31T09:00:47","guid":{"rendered":"https:\/\/miradordeatarfe.es\/?p=66807"},"modified":"2024-01-31T11:44:11","modified_gmt":"2024-01-31T10:44:11","slug":"el-historico-super-al-que-iban-todos-los-granadinos-fue-la-primera-gran-superficie","status":"publish","type":"post","link":"https:\/\/miradordeatarfe.es\/?p=66807","title":{"rendered":"El hist\u00f3rico s\u00faper al que iban todos los granadinos: \u00abFue la primera gran superficie\u00bb"},"content":{"rendered":"<h2 class=\"v-a-sub-t\" style=\"text-align: justify;\">Hipergranada, el primer gran supermercado de la provincia de Granada, fue construido en el a\u00f1o 1979 en plena Vega y sin licencias<\/h2>\n<div class=\"v-mdl-ath__c v-mdl-ath__c--1\" style=\"text-align: justify;\">\n<div class=\"v-mdl-ath__inf\">\u00a0<\/div>\n<\/div>\n<p class=\"v-p\" style=\"text-align: justify;\">La ciudad de Granada, al igual que su \u00e1rea metropolitana, ha cambiado mucho durante los \u00faltimos a\u00f1os. Tanto que algunas zonas llegan a ser irreconocibles si las comparamos con hace solo algunas d\u00e9cadas. Y aunque hay algunas cosas que se mantienen intactas hay otras que ya no est\u00e1n, como el edificio de Hipergranada, el primer gran hipermercado de Granada que fue construido en 1979 y que estuvo rodeado de pol\u00e9mica.<\/p>\n<p class=\"v-p\" style=\"text-align: justify;\">Un establecimiento que Francisco Ariza, responsable de la cuenta Granada Old Pics en la red social X, ha querido acercar a sus seguidores en su \u00faltima publicaci\u00f3n, donde comparte una imagen en blanco y negro de Hipergranada y otra actual en la que muestra el lugar en el que se encontraba este gran comercio.<\/p>\n<p class=\"v-p\" style=\"text-align: justify;\">\u00abSi alguna vez hab\u00e9is comprado en este sitio seguro que pein\u00e1is canas. La primera gran superficie tal y como se concibe hoy en d\u00eda\u00bb, se\u00f1ala en su publicaci\u00f3n Francisco, que a\u00f1ade que fue \u00abla primera vez que se us\u00f3 en Granada un carrito de la compra\u00bb, adem\u00e1s de construirse en plena Vega de manera ilegal, lo que propici\u00f3 que fuera demolido a\u00f1os despu\u00e9s.<\/p>\n<div class=\"v-c-cmp v-c-cmp--t1 v-c-cmp--ab-xs\" style=\"text-align: justify;\">\n<div class=\"v-cmp-smy\">\n<article class=\"v-a v-a--cmp-smy \">\n<div class=\"v-a-info-c\">\n<h3 class=\"v-a-t\">\u00abEra muy novedoso porque fue el primer sitio que trajo el concepto actual de carros de la compra, aparcamientos y estanter\u00edas llenas de productos\u00bb Francisco Ariza (Responsable de Granada Old Pics)<\/h3>\n<\/div>\n<\/article>\n<\/div>\n<\/div>\n<p class=\"v-p\" style=\"text-align: justify;\">Impulsado por alrededor de 150 cooperativistas, Hipergranada se ubicaba entre las carreteras de Badajoz y M\u00e1laga y fue construido sin licencia de construcci\u00f3n ni apertura. Adem\u00e1s, se alzaba en terrenos calificados como suelo agr\u00edcola de protecci\u00f3n oficial, motivo por el que solo abri\u00f3 sus puertas, de manera intermitente, hasta 1985, a\u00f1o en el que fue su cierre definitivo. Sin embargo, no ser\u00eda hasta algo m\u00e1s de 20 a\u00f1os m\u00e1s tarde, hasta 2006, cuando ser\u00eda demolido.<\/p>\n<div class=\"v-c-cmp \" style=\"text-align: justify;\">\n<div class=\"twitter-tweet twitter-tweet-rendered\"><a href=\"https:\/\/i0.wp.com\/miradordeatarfe.es\/wp-content\/uploads\/2024\/01\/Screenshot-2024-01-29-at-20-20-04-El-historico-super-al-que-iban-todos-los-granadinos-Fue-la-primera-gran-superficie.png?ssl=1\"><img data-recalc-dims=\"1\" loading=\"lazy\" decoding=\"async\" class=\"alignnone wp-image-66808 \" src=\"https:\/\/i0.wp.com\/miradordeatarfe.es\/wp-content\/uploads\/2024\/01\/Screenshot-2024-01-29-at-20-20-04-El-historico-super-al-que-iban-todos-los-granadinos-Fue-la-primera-gran-superficie.png?resize=640%2C665&#038;ssl=1\" alt=\"\" width=\"640\" height=\"665\" srcset=\"https:\/\/i0.wp.com\/miradordeatarfe.es\/wp-content\/uploads\/2024\/01\/Screenshot-2024-01-29-at-20-20-04-El-historico-super-al-que-iban-todos-los-granadinos-Fue-la-primera-gran-superficie.png?w=556&amp;ssl=1 556w, https:\/\/i0.wp.com\/miradordeatarfe.es\/wp-content\/uploads\/2024\/01\/Screenshot-2024-01-29-at-20-20-04-El-historico-super-al-que-iban-todos-los-granadinos-Fue-la-primera-gran-superficie.png?resize=289%2C300&amp;ssl=1 289w\" sizes=\"auto, (max-width: 640px) 100vw, 640px\" \/><\/a><\/div>\n<\/div>\n<p class=\"v-p\" style=\"text-align: justify;\">\u00abRecuerdo que yo de peque\u00f1o fui all\u00ed cuando ten\u00eda 6 o 7 a\u00f1os. Era muy novedoso porque fue el primer sitio que trajo el concepto actual de carros de la compra, aparcamientos y estanter\u00edas llenas de productos\u00bb, explica Francisco. La publicaci\u00f3n en X se ha viralizado, con m\u00e1s de 14.000 reproducciones en poco m\u00e1s de 24 horas y un mont\u00f3n de comentarios curiosos como el de la usuaria Carmen Robles, que cuenta como fue a la inauguraci\u00f3n y participaron en el sorteo de un carro de la compra lleno.<\/p>\n<p class=\"v-p\" style=\"text-align: justify;\">\u00abPoco tiempo dur\u00f3, l\u00e1stima que no hicieran las cosas bien porque era buen sitio\u00bb, a\u00f1ade el usuario Juan R\u00edos Valero. Mientras que Poniente explica como hace poco su madre le contaba que \u00abiban desde el pueblo a comprar con sus amigas\u00bb. \u00abEs una imagen con muchas historias\u00bb, cuenta Francisco Ariza, que recuerda que el edificio pod\u00eda verse desde la autov\u00eda tapiado, ya que estuvo cerrado varios a\u00f1os antes de ser derribado.<\/p>\n<p style=\"text-align: justify;\"><strong>Alberto Flores<\/strong><\/p>\n<p style=\"text-align: justify;\"><span class=\"v-fc__text\">FOTO: Imagen de Hipergranada.<\/span> <span class=\"v-fc__ath\">Granada Old Pics<\/span><\/p>\n<p style=\"text-align: justify;\">https:\/\/www.ideal.es\/granada\/historico-super-iban-granadinos-primera-gran-superficie-20240129120544-nt.html<\/p>\n<article class=\"v-a v-a--d v-a--d-bs v-a--p-b\">\n<div class=\"v-a-info-c \">\n<h2 class=\"v-a-sub-t\">\u00a0<\/h2>\n<\/div>\n<\/article>\n<div class=\"v-d v-d--ab-c v-d--bs\">\n<div class=\"v-mdl-ath \" data-voc-component=\"viewport-not-visible\">\n<div class=\"v-mdl-ath__c v-mdl-ath__c--1\">\n<div class=\"v-mdl-ath__inf\">\n<p class=\"v-mdl-ath__p v-mdl-ath__p--2\" style=\"text-align: justify;\">\u00a0<\/p>\n<\/div>\n<\/div>\n<\/div>\n<\/div>\n","protected":false},"excerpt":{"rendered":"<p>Hipergranada, el primer gran supermercado de la provincia de Granada, fue construido en el a\u00f1o&#8230;<\/p>\n","protected":false},"author":1,"featured_media":66809,"comment_status":"closed","ping_status":"closed","sticky":false,"template":"","format":"standard","meta":{"_coblocks_attr":"","_coblocks_dimensions":"","_coblocks_responsive_height":"","_coblocks_accordion_ie_support":"","jetpack_post_was_ever_published":false,"_jetpack_newsletter_access":"","_jetpack_dont_email_post_to_subs":false,"_jetpack_newsletter_tier_id":0,"_jetpack_memberships_contains_paywalled_content":false,"_jetpack_memberships_contains_paid_content":false,"footnotes":"","jetpack_publicize_message":"","jetpack_publicize_feature_enabled":true,"jetpack_social_post_already_shared":true,"jetpack_social_options":{"image_generator_settings":{"template":"highway","default_image_id":0,"enabled":false},"version":2}},"categories":[1161,10781,44,6937],"tags":[],"class_list":["post-66807","post","type-post","status-publish","format-standard","has-post-thumbnail","hentry","category-ciudadania","category-granada","category-noticias-de-hoy","category-sociedad"],"jetpack_publicize_connections":[],"jetpack_featured_media_url":"https:\/\/i0.wp.com\/miradordeatarfe.es\/wp-content\/uploads\/2024\/01\/historico-super-granadinos-kHfE-U2101374160934d3G-1200x840%40Ideal.webp?fit=1200%2C840&ssl=1","jetpack_likes_enabled":true,"jetpack_sharing_enabled":true,"_links":{"self":[{"href":"https:\/\/miradordeatarfe.es\/index.php?rest_route=\/wp\/v2\/posts\/66807","targetHints":{"allow":["GET"]}}],"collection":[{"href":"https:\/\/miradordeatarfe.es\/index.php?rest_route=\/wp\/v2\/posts"}],"about":[{"href":"https:\/\/miradordeatarfe.es\/index.php?rest_route=\/wp\/v2\/types\/post"}],"author":[{"embeddable":true,"href":"https:\/\/miradordeatarfe.es\/index.php?rest_route=\/wp\/v2\/users\/1"}],"replies":[{"embeddable":true,"href":"https:\/\/miradordeatarfe.es\/index.php?rest_route=%2Fwp%2Fv2%2Fcomments&post=66807"}],"version-history":[{"count":2,"href":"https:\/\/miradordeatarfe.es\/index.php?rest_route=\/wp\/v2\/posts\/66807\/revisions"}],"predecessor-version":[{"id":66811,"href":"https:\/\/miradordeatarfe.es\/index.php?rest_route=\/wp\/v2\/posts\/66807\/revisions\/66811"}],"wp:featuredmedia":[{"embeddable":true,"href":"https:\/\/miradordeatarfe.es\/index.php?rest_route=\/wp\/v2\/media\/66809"}],"wp:attachment":[{"href":"https:\/\/miradordeatarfe.es\/index.php?rest_route=%2Fwp%2Fv2%2Fmedia&parent=66807"}],"wp:term":[{"taxonomy":"category","embeddable":true,"href":"https:\/\/miradordeatarfe.es\/index.php?rest_route=%2Fwp%2Fv2%2Fcategories&post=66807"},{"taxonomy":"post_tag","embeddable":true,"href":"https:\/\/miradordeatarfe.es\/index.php?rest_route=%2Fwp%2Fv2%2Ftags&post=66807"}],"curies":[{"name":"wp","href":"https:\/\/api.w.org\/{rel}","templated":true}]}}