{"id":66825,"date":"2024-01-30T10:16:11","date_gmt":"2024-01-30T09:16:11","guid":{"rendered":"https:\/\/miradordeatarfe.es\/?p=66825"},"modified":"2024-01-30T10:16:11","modified_gmt":"2024-01-30T09:16:11","slug":"los-records-del-turismo","status":"publish","type":"post","link":"https:\/\/miradordeatarfe.es\/?p=66825","title":{"rendered":"Los r\u00e9cords del turismo"},"content":{"rendered":"<h3 style=\"text-align: justify;\">Su importancia en nuestra econom\u00eda obliga a no morir de \u00e9xito y a anticiparse a la evoluci\u00f3n del sector.<\/h3>\n<p style=\"text-align: justify;\">Espa\u00f1a sigue sumando cifras positivas de turismo, <a href=\"http:\/\/t.newsletter.elpais.com\/r\/?id=h7ecc16fa,c4bd32c,4c84ade&amp;p1=adelantodeopinion_2024.01.28_2\" target=\"_blank\" rel=\"noopener\" data-saferedirecturl=\"https:\/\/www.google.com\/url?q=http:\/\/t.newsletter.elpais.com\/r\/?id%3Dh7ecc16fa,c4bd32c,4c84ade%26p1%3Dadelantodeopinion_2024.01.28_2&amp;source=gmail&amp;ust=1706674635480000&amp;usg=AOvVaw0RjrkMYexgXn6zaeSWROrX\">una industria que supone ya el 12,8% del PIB nacional,<\/a> el mayor valor de la serie hist\u00f3rica, lo que supone 186.596 millones de euros, seg\u00fan la patronal Exceltur. Superada la pandemia, el pa\u00eds recibi\u00f3 el a\u00f1o pasado m\u00e1s de 84 millones de visitantes extranjeros, seg\u00fan datos del Gobierno que el INE har\u00e1 oficiales este viernes. Son dos r\u00e9cords absolutos al que podr\u00eda sumarse rebasar por vez primera a Francia como el pa\u00eds m\u00e1s visitado del mundo. Es precisamente la bonanza de estos n\u00fameros la que hace m\u00e1s necesario que nunca reflexionar sobre la sostenibilidad de un sector cuyo principal reto pasa por no morir de \u00e9xito.<\/p>\n<p style=\"text-align: justify;\">\u200cLa propia industria, reunida<a href=\"http:\/\/t.newsletter.elpais.com\/r\/?id=h7ecc16fa,c4bd32c,4c84adf&amp;p1=adelantodeopinion_2024.01.28_2\" target=\"_blank\" rel=\"noopener\" data-saferedirecturl=\"https:\/\/www.google.com\/url?q=http:\/\/t.newsletter.elpais.com\/r\/?id%3Dh7ecc16fa,c4bd32c,4c84adf%26p1%3Dadelantodeopinion_2024.01.28_2&amp;source=gmail&amp;ust=1706674635480000&amp;usg=AOvVaw0xrh_BOO49Rp3AU0q_wre7\"> la semana pasada en Fitur<\/a> \u2014una de las mayores ferias sectoriales del mundo\u2014 es consciente de que no se puede medir el triunfo solo por el volumen de visitantes si ello no aporta mayor valor a\u00f1adido. En ocasiones, de hecho, redunda en perjuicio de las comunidades locales y de su bienestar. La recuperaci\u00f3n despu\u00e9s de la crisis de la covid ha implicado un creciente descontento social en las zonas m\u00e1s saturadas, principalmente playas, localidades costeras y algunas grandes ciudades, con destinos que se encuentran claramente al l\u00edmite de su capacidad. Regular mejor los pisos tur\u00edsticos resulta en este sentido inevitable: el a\u00f1o pasado aumentaron en 15.000 las plazas de alquiler de este tipo en las 25 principales urbes espa\u00f1olas.<\/p>\n<p style=\"text-align: justify;\">\u200cPedir una mejor regulaci\u00f3n y ser conscientes de los l\u00edmites no implica alentar la turismofobia, sino contribuir a una mejora del sector que redundar\u00e1 en beneficio de todos. La investigaci\u00f3n que Turespa\u00f1a pondr\u00e1 en marcha este a\u00f1o, con 26.000 encuestas, servir\u00e1 para conocer mejor el grado de aceptaci\u00f3n o rechazo de los espa\u00f1oles ante el turismo masivo. Los ciudadanos tienen que formar parte de un \u00e9xito que por su naturaleza es colectivo. Por otro lado, datos como que las visitas se hayan repartido m\u00e1s a lo largo del a\u00f1o \u2014un avance hacia una mayor y deseable desestacionalizaci\u00f3n\u2014 o los buenos resultados de algunos de los principales museos, r\u00e9cord del Prado incluido, muestran todas las posibilidades que existen.<\/p>\n<p style=\"text-align: justify;\">\u200cAlgunos expertos proponen medir el turismo por la calidad del empleo que genera. La mano de obra y su formaci\u00f3n es otro desaf\u00edo de una industria cuyas empresas tienen problemas para encontrar trabajadores en un porcentaje del 42,5%, cifra que llega al 55% en la hosteler\u00eda, seg\u00fan un reciente estudio del Banco de Espa\u00f1a. Pero ese empleo no puede ser precario y ha de disfrutar de unas condiciones laborales y salariales dignas. Junto a ello, es preciso reducir la temporalidad y la alta rotaci\u00f3n y doblar el esfuerzo para retener talento.<\/p>\n<p style=\"text-align: justify;\">\u200cEspa\u00f1a es el cuarto pa\u00eds de la UE en el que el turismo representa un mayor porcentaje de la econom\u00eda. La diversificaci\u00f3n en un mundo cada vez m\u00e1s complejo y tecnol\u00f3gicamente avanzado resulta imprescindible, pero Espa\u00f1a no puede dar la espalda a su principal motor de crecimiento: supuso el 70,8% del aumento de la econom\u00eda nacional el a\u00f1o pasado. Las perspectivas son todav\u00eda mejores para este a\u00f1o, en el que se podr\u00edan superar por vez primera los 200.000 millones de PIB tur\u00edstico (con un crecimiento del 170,8% este siglo). Pero mantener activo ese motor no debe hacerse a cualquier precio, y fiarlo todo a la cantidad de turistas no es la soluci\u00f3n.<\/p>\n<p>EL PAIS<\/p>\n<p>FOTO: Ambiente en la feria de turismo Fitur, este domingo en Madrid.<span class=\"a_m_m\">FERNANDO VILLAR (EFE)<\/span><\/p>\n<p>https:\/\/elpais.com\/opinion\/2024-01-29\/los-records-del-turismo.html<\/p>\n","protected":false},"excerpt":{"rendered":"<p>Su importancia en nuestra econom\u00eda obliga a no morir de \u00e9xito y a anticiparse a&#8230;<\/p>\n","protected":false},"author":1,"featured_media":66826,"comment_status":"closed","ping_status":"closed","sticky":false,"template":"","format":"standard","meta":{"_coblocks_attr":"","_coblocks_dimensions":"","_coblocks_responsive_height":"","_coblocks_accordion_ie_support":"","jetpack_post_was_ever_published":false,"_jetpack_newsletter_access":"","_jetpack_dont_email_post_to_subs":false,"_jetpack_newsletter_tier_id":0,"_jetpack_memberships_contains_paywalled_content":false,"_jetpack_memberships_contains_paid_content":false,"footnotes":"","jetpack_publicize_message":"","jetpack_publicize_feature_enabled":true,"jetpack_social_post_already_shared":true,"jetpack_social_options":{"image_generator_settings":{"template":"highway","default_image_id":0,"enabled":false},"version":2}},"categories":[10781,44,6937],"tags":[],"class_list":["post-66825","post","type-post","status-publish","format-standard","has-post-thumbnail","hentry","category-granada","category-noticias-de-hoy","category-sociedad"],"jetpack_publicize_connections":[],"jetpack_featured_media_url":"https:\/\/i0.wp.com\/miradordeatarfe.es\/wp-content\/uploads\/2024\/01\/Screenshot-2024-01-30-at-10-14-35-Los-records-del-turismo.png?fit=436%2C336&ssl=1","jetpack_likes_enabled":true,"jetpack_sharing_enabled":true,"_links":{"self":[{"href":"https:\/\/miradordeatarfe.es\/index.php?rest_route=\/wp\/v2\/posts\/66825","targetHints":{"allow":["GET"]}}],"collection":[{"href":"https:\/\/miradordeatarfe.es\/index.php?rest_route=\/wp\/v2\/posts"}],"about":[{"href":"https:\/\/miradordeatarfe.es\/index.php?rest_route=\/wp\/v2\/types\/post"}],"author":[{"embeddable":true,"href":"https:\/\/miradordeatarfe.es\/index.php?rest_route=\/wp\/v2\/users\/1"}],"replies":[{"embeddable":true,"href":"https:\/\/miradordeatarfe.es\/index.php?rest_route=%2Fwp%2Fv2%2Fcomments&post=66825"}],"version-history":[{"count":1,"href":"https:\/\/miradordeatarfe.es\/index.php?rest_route=\/wp\/v2\/posts\/66825\/revisions"}],"predecessor-version":[{"id":66827,"href":"https:\/\/miradordeatarfe.es\/index.php?rest_route=\/wp\/v2\/posts\/66825\/revisions\/66827"}],"wp:featuredmedia":[{"embeddable":true,"href":"https:\/\/miradordeatarfe.es\/index.php?rest_route=\/wp\/v2\/media\/66826"}],"wp:attachment":[{"href":"https:\/\/miradordeatarfe.es\/index.php?rest_route=%2Fwp%2Fv2%2Fmedia&parent=66825"}],"wp:term":[{"taxonomy":"category","embeddable":true,"href":"https:\/\/miradordeatarfe.es\/index.php?rest_route=%2Fwp%2Fv2%2Fcategories&post=66825"},{"taxonomy":"post_tag","embeddable":true,"href":"https:\/\/miradordeatarfe.es\/index.php?rest_route=%2Fwp%2Fv2%2Ftags&post=66825"}],"curies":[{"name":"wp","href":"https:\/\/api.w.org\/{rel}","templated":true}]}}