{"id":66843,"date":"2024-02-03T10:47:20","date_gmt":"2024-02-03T09:47:20","guid":{"rendered":"https:\/\/miradordeatarfe.es\/?p=66843"},"modified":"2024-02-03T11:14:47","modified_gmt":"2024-02-03T10:14:47","slug":"el-enigma-historico-de-atarfe-la-ermita-de-los-tres-juanes","status":"publish","type":"post","link":"https:\/\/miradordeatarfe.es\/?p=66843","title":{"rendered":"El enigma hist\u00f3rico de Atarfe: la Ermita de los Tres Juanes"},"content":{"rendered":"<h3 class=\"voc-header__logo\" style=\"text-align: justify;\">Se erigi\u00f3 en los a\u00f1os cuarenta del siglo XX por iniciativa de un particular pero nunca se sacraliz\u00f3 porque las obras no llegaron a terminarse<\/h3>\n<div class=\"voc-wrapper\" style=\"text-align: justify;\">\n<div class=\"voc-container\">\n<div class=\"voc-grid\">\n<div class=\"voc-grid__col\">\n<article class=\"voc-d__article\">\n<div class=\"voc-article-container\">\n<div class=\"voc-article voc-article--detail voc-article--detail-base \">\n<div class=\"voc-info-container\">\n<p class=\"voc-subtitle\">Ahora alberga actividades sociales y culturales y es adem\u00e1s un mirador impresionante desde el que se ven Granada y m\u00e1s de cuarenta pueblos de los alrededores<\/p>\n<\/div>\n<\/div>\n<\/div>\n<\/article>\n<\/div>\n<\/div>\n<\/div>\n<\/div>\n<p class=\"voc-p\" style=\"text-align: justify;\">En lo alto del Cerro del Castillejo, en <strong>Atarfe<\/strong> (Granada) hay una ermita que llaman de Los Tres Juanes pero donde nunca se ha oficiado una misa, ni se ha celebrado un bautizo o una primera comuni\u00f3n. Se levant\u00f3 en la d\u00e9cada de los cuarenta del siglo XX pero nunca ha sido sacralizada. \u00bfPor qu\u00e9?<\/p>\n<p class=\"voc-p\" style=\"text-align: justify;\">Ser\u00eda f\u00e1cil responder diciendo que nunca se termin\u00f3, pero eso es incompleto y adem\u00e1s elude una historia que merece ser contada, algo que se encarga de hacer un <strong>Jos\u00e9 Enrique Granados<\/strong>, bi\u00f3logo pero tambi\u00e9n experto en la historia de este pueblo granadino, de m\u00e1s de 18.000 habitantes y que dista s\u00f3lo diez kil\u00f3metros de la capital.<\/p>\n<p class=\"voc-p\" style=\"text-align: justify;\">La idea de levantar all\u00ed una ermita se le ocurri\u00f3 a <strong>Juan de Dios S\u00e1nchez Pino<\/strong>, un hombre muy religioso que en 1932 hab\u00eda encontrado -no en Atarfe, lejos de all\u00ed- una imagen de San Juan Bautista datada en el siglo XVI. Seis a\u00f1os m\u00e1s tarde, sus cuatro hijos jugaban en su casa con algo que no sab\u00edan que era una granada y que de pronto estall\u00f3&#8230; sin causarles apenas da\u00f1o.<\/p>\n<p class=\"voc-p\" style=\"text-align: justify;\">El padre entendi\u00f3 que hab\u00eda sido una intervenci\u00f3n divina, se puso en contacto con <strong>Enrique S\u00e1nchez Molinero<\/strong>, que era el propietario de una porci\u00f3n del cerro, y le convenci\u00f3 para que all\u00ed se edificara un templo en honor de <strong>San Juan Bautista<\/strong> y tambi\u00e9n de<strong> San Juan Evangelista<\/strong> y de <strong>San Juan de Dios<\/strong>.<\/p>\n<div class=\"voc-c-container\" style=\"text-align: justify;\">\n<div class=\"voc-article-container\">\n<div class=\"voc-article voc-article--c-media voc-article--c-media-graphic\">\n<div class=\"voc-img-container voc-img-container--fw-xs\">\n<figure class=\"voc-img-figure\">\n<div class=\"voc-img-link\"><img data-recalc-dims=\"1\" decoding=\"async\" class=\"i-amphtml-fill-content i-amphtml-replaced-content alignleft\" src=\"https:\/\/i0.wp.com\/s3.abcstatics.com\/abc\/sevilla\/multimedia\/viajar\/2024\/01\/26\/construccin-U46261307371reh-760x427%40abc.jpg?w=640&#038;ssl=1\" alt=\"Las obras de la ermita estuvieron paralizadas casi cuarenta a\u00f1os\" \/><\/div>\n<h5 class=\"voc-figcaption-container\"><span class=\"voc-figcaption voc-figcaption--text\"> Las obras de la ermita estuvieron paralizadas casi cuarenta a\u00f1os <\/span> <span class=\"voc-figcaption voc-figcaption--author\"> abc <\/span><\/h5>\n<\/figure>\n<\/div>\n<\/div>\n<\/div>\n<\/div>\n<p class=\"voc-p\" style=\"text-align: justify;\">Juan de Dios S\u00e1nchez no era un hombre acaudalado, as\u00ed que para que la obra avanzara empez\u00f3 a pedir dinero a los atarfe\u00f1os y a cualquiera que estuviera interesado. Hubo bastantes donaciones, pero la ermita <strong>no termin\u00f3 de hacerse<\/strong> por falta de fondos. Qued\u00f3 abandonada.<\/p>\n<p class=\"voc-p\" style=\"text-align: justify;\">Entre los a\u00f1os cincuenta y finales de los ochenta, su \u00fanico uso fue servir de almac\u00e9n para que unos canteros que trabajaban en la zona almacenaran all\u00ed dentro algunos materiales. Languideci\u00f3 la ermita hasta que, en 1990, el <strong>Ayuntamiento de Atarfe<\/strong> se hizo cargo del terreno y consigui\u00f3 del Ministerio de Trabajo una subvenci\u00f3n de 300 millones de pesetas para que los alumnos de una escuela taller local rehabilitaran el edificio.<\/p>\n<p class=\"voc-p\" style=\"text-align: justify;\">Pocos a\u00f1os despu\u00e9s, la ermita qued\u00f3 renovada y con el aspecto que ahora presenta, rodeada de un bonito jard\u00edn, pero nunca se ha usado con fines religiosos. Cuentan algunas lenguas en Atarfe que quisieron que se encargara de ella un cura que muri\u00f3 antes de poder emprender la tarea y que luego pas\u00f3 lo mismo con un segundo sacerdote al que encomendaron la misma labor, con lo que ya no quedaron m\u00e1s ganas de buscar a un tercero. Pero ni Jos\u00e9 Enrique Granados ni<strong> Francisco Rodr\u00edguez Quesada<\/strong>, exalcalde de Atarfe y persona vinculada con el \u00e1mbito religioso, dan cr\u00e9dito a lo que seguramente no son m\u00e1s que bulos.<\/p>\n<p class=\"voc-p\" style=\"text-align: justify;\">\u00abS\u00ed me parece recordar que hubo un decreto para sacralizar el recinto pero al final aquello no se hizo\u00bb, afirma Rodr\u00edguez Quesada, mientras que Granados cree que, si no ha tenido ya un uso como templo, es \u00abdif\u00edcil\u00bb que lo tenga en el futuro. Sin embargo, no por eso se le va a dejar de llamar ermita. \u00abCreo que ya es algo que est\u00e1 <strong>en nuestro acervo cultural<\/strong>\u00ab, opina.<\/p>\n<div class=\"voc-c-container\" style=\"text-align: justify;\">\n<div class=\"voc-article-container\">\n<div class=\"voc-article voc-article--c-media voc-article--c-media-graphic\">\n<div class=\"voc-img-container voc-img-container--fw-xs\">\n<figure class=\"voc-img-figure\">\n<div class=\"voc-img-link\"><img data-recalc-dims=\"1\" decoding=\"async\" class=\"i-amphtml-fill-content i-amphtml-replaced-content alignright\" src=\"https:\/\/i0.wp.com\/s3.abcstatics.com\/abc\/sevilla\/multimedia\/viajar\/2024\/01\/26\/Ideal-U28183367723VNM-760x427%40abc.jpg?w=640&#038;ssl=1\" alt=\"La ermita de los Tres Juanes est\u00e1 en un entorno privilegiado\" \/><\/div>\n<h5 class=\"voc-figcaption-container\"><span class=\"voc-figcaption voc-figcaption--text\">\u00a0\u00a0\u00a0\u00a0\u00a0 La ermita de los Tres Juanes est\u00e1 en un entorno privilegiado <\/span> <span class=\"voc-figcaption voc-figcaption--author\"> ideal <\/span><\/h5>\n<\/figure>\n<\/div>\n<\/div>\n<\/div>\n<\/div>\n<p class=\"voc-p\" style=\"text-align: justify;\">Dentro hay, eso s\u00ed, <strong>un museo de usos y costumbres<\/strong> de Atarfe, que incluye elementos geol\u00f3gicos encontrados en la zona, fotos antiguas y tambi\u00e9n de aves que han pasado por el lugar&#8230; Tambi\u00e9n se hacen all\u00ed actividades culturales y bodas civiles y en las proximidades hubo una granja de avestruces.<\/p>\n<p class=\"voc-p\" style=\"text-align: justify;\">Persiste, y es uno de los imanes del cerro, un <strong>restaurante<\/strong> de esos donde se puede quedar bastante bien. Se llama, para no despistar a nadie, Ermita de los Tres Juanes. Y un poco m\u00e1s abajo, en el lago, se organiza todos los veranos uno de los <strong>festivales de jazz<\/strong> m\u00e1s afamados de la provincia.<\/p>\n<p class=\"voc-p\" style=\"text-align: justify;\">Al margen de enigmas y presuntos milagros, es un hecho incontestable que el cerro donde est\u00e1 la ermita es un lugar digno de ver. Desde all\u00ed se divisa no s\u00f3lo Granada sino tambi\u00e9n otros<strong> cuarenta pueblos<\/strong>, aproximadamente. Es un mirador fant\u00e1stico donde pasar las horas muertas distinguiendo cu\u00e1l es cu\u00e1l.<\/p>\n<p style=\"text-align: justify;\"><strong>Guillermo Ortega<\/strong><\/p>\n<div class=\"voc-article-container\">\n<div class=\"voc-article voc-article--detail voc-article--detail-base \">\n<div class=\"voc-img-container voc-img-container voc-img-container--fw-xs\">\n<figure class=\"voc-img-figure\">\n<p class=\"voc-figcaption-container\"><span class=\"voc-figcaption voc-figcaption--text\">FOTO: La ermita, en imagen de la p\u00e1gina de FB Gacetilla y Curiosidades Elvirenses. Autor: Juan Manuel Mar\u00edn Escribano.<\/span> <span class=\"voc-figcaption voc-figcaption--author\">abc<\/span><\/p>\n<\/figure>\n<\/div>\n<\/div>\n<\/div>\n<div class=\"voc-d \">\n<section class=\"voc-author\">\n<div class=\"voc-author__item voc-author__item--1\">\n<div class=\"voc-author__container\">\n<div class=\"voc-author__subitem voc-author__subitem--1\">\n<p>https:\/\/sevilla.abc.es\/viajar\/enigma-historico-atarfe-ermita-tres-juanes-20240129102748-nts_amp.html<\/p>\n<\/div>\n<\/div>\n<\/div>\n<\/section>\n<\/div>\n","protected":false},"excerpt":{"rendered":"<p>Se erigi\u00f3 en los a\u00f1os cuarenta del siglo XX por iniciativa de un particular pero&#8230;<\/p>\n","protected":false},"author":1,"featured_media":66844,"comment_status":"closed","ping_status":"closed","sticky":false,"template":"","format":"standard","meta":{"_coblocks_attr":"","_coblocks_dimensions":"","_coblocks_responsive_height":"","_coblocks_accordion_ie_support":"","jetpack_post_was_ever_published":false,"_jetpack_newsletter_access":"","_jetpack_dont_email_post_to_subs":false,"_jetpack_newsletter_tier_id":0,"_jetpack_memberships_contains_paywalled_content":false,"_jetpack_memberships_contains_paid_content":false,"footnotes":"","jetpack_publicize_message":"","jetpack_publicize_feature_enabled":true,"jetpack_social_post_already_shared":true,"jetpack_social_options":{"image_generator_settings":{"template":"highway","default_image_id":0,"enabled":false},"version":2}},"categories":[2,1225,186,44],"tags":[],"class_list":["post-66843","post","type-post","status-publish","format-standard","has-post-thumbnail","hentry","category-atarfe","category-ha-de-atarfe","category-instituciones","category-noticias-de-hoy"],"jetpack_publicize_connections":[],"jetpack_featured_media_url":"https:\/\/i0.wp.com\/miradordeatarfe.es\/wp-content\/uploads\/2024\/01\/ermita-R0C8JVuAeBhX6yBoKUdc4UI-1200x840%40abc.webp?fit=1200%2C840&ssl=1","jetpack_likes_enabled":true,"jetpack_sharing_enabled":true,"_links":{"self":[{"href":"https:\/\/miradordeatarfe.es\/index.php?rest_route=\/wp\/v2\/posts\/66843","targetHints":{"allow":["GET"]}}],"collection":[{"href":"https:\/\/miradordeatarfe.es\/index.php?rest_route=\/wp\/v2\/posts"}],"about":[{"href":"https:\/\/miradordeatarfe.es\/index.php?rest_route=\/wp\/v2\/types\/post"}],"author":[{"embeddable":true,"href":"https:\/\/miradordeatarfe.es\/index.php?rest_route=\/wp\/v2\/users\/1"}],"replies":[{"embeddable":true,"href":"https:\/\/miradordeatarfe.es\/index.php?rest_route=%2Fwp%2Fv2%2Fcomments&post=66843"}],"version-history":[{"count":1,"href":"https:\/\/miradordeatarfe.es\/index.php?rest_route=\/wp\/v2\/posts\/66843\/revisions"}],"predecessor-version":[{"id":66845,"href":"https:\/\/miradordeatarfe.es\/index.php?rest_route=\/wp\/v2\/posts\/66843\/revisions\/66845"}],"wp:featuredmedia":[{"embeddable":true,"href":"https:\/\/miradordeatarfe.es\/index.php?rest_route=\/wp\/v2\/media\/66844"}],"wp:attachment":[{"href":"https:\/\/miradordeatarfe.es\/index.php?rest_route=%2Fwp%2Fv2%2Fmedia&parent=66843"}],"wp:term":[{"taxonomy":"category","embeddable":true,"href":"https:\/\/miradordeatarfe.es\/index.php?rest_route=%2Fwp%2Fv2%2Fcategories&post=66843"},{"taxonomy":"post_tag","embeddable":true,"href":"https:\/\/miradordeatarfe.es\/index.php?rest_route=%2Fwp%2Fv2%2Ftags&post=66843"}],"curies":[{"name":"wp","href":"https:\/\/api.w.org\/{rel}","templated":true}]}}