{"id":66846,"date":"2024-01-31T11:00:43","date_gmt":"2024-01-31T10:00:43","guid":{"rendered":"https:\/\/miradordeatarfe.es\/?p=66846"},"modified":"2024-01-31T11:58:19","modified_gmt":"2024-01-31T10:58:19","slug":"miguel-rios-20-anos-de-caminoescrito-por-jose-miguel-diaz-en-el-ano1983","status":"publish","type":"post","link":"https:\/\/miradordeatarfe.es\/?p=66846","title":{"rendered":"\u00abMIGUEL RIOS 20 A\u00d1OS DE CAMINO\u00bbescrito por el atarfe\u00f1o Jos\u00e9 Miguel D\u00edaz en el a\u00f1o1983"},"content":{"rendered":"<h3 style=\"text-align: justify;\">El d\u00eda 9 tuvimos la ocasi\u00f3n de ver en directo el espect\u00faclo de Miguel Rios, 2EL ROCK DE UNA NOCHE DE VERANO\u00bb, en el que adem\u00e1s del propio Miguel Rios\u00a0 actuaba LUZ CASAL\u00a0 Y LE\u00d1O en la parte musical ,\u00a0 y los BORDINI, como espect\u00e1culo complementario.<\/h3>\n<p style=\"text-align: justify;\">Pero como creo que sobre este espect\u00e1culo ya lo sabemos todo, ya que el que no tuvo la suerte de verlo, bien por falta de pelas o porque simplemente pas\u00f3 de mogollones, algo habr\u00e1 le\u00eddo y os aseguro que con bastante sensacionalismo en la prensa, yo me voy a limitar a contaros algo sobre la obra de este hombre, que si no es elke mejor, para mi s\u00ed que es el que m\u00e1s ha luchado por sentar las bases del rock en nuestro m\u00edsero (musicalmente hablando) pa\u00eds.<\/p>\n<p style=\"text-align: justify;\">Miguel Rios nace en Granada el 7 de junio de 1944. Pas\u00f3 su infancia en el\u00a0 Cercado bajo de Cartuja y estuvo hasta los quince a\u00f1os en los Salesianos. A los diecis\u00e9is gana un concurso en Radio Granada y ah\u00ed comienza su carrera como cantante, la cual alterna con el trabajo en una f\u00e1brica de tejidos. Un a\u00f1o mas tarde se traslada a Madrid donde empieza a participar en los festivales dominicales del Price, cantando versiones en castellano de algunos rock famosos y otras canciones propias: <em>Popolitos, El twis del reloj<\/em> y otras horteradas\u00a0 que la casa de discos le obligaba a grabar, todo esto con el nombre de<strong> Mike Rios. En 1964 cambia Mike por Migue<\/strong>l y vienen \u00e9xitos como \u00ab<em> Yo s\u00f3lo soy un hombre\u00bb \u00bb Vuelvo a Granada\u00bb o \u00bb El rio\u00bb.<\/em><\/p>\n<p style=\"text-align: justify;\"><a href=\"https:\/\/i0.wp.com\/miradordeatarfe.es\/wp-content\/uploads\/2024\/01\/Screenshot-2024-01-31-at-11-38-36-Miguel-Rios-en-el-objetivo.png?ssl=1\"><img data-recalc-dims=\"1\" loading=\"lazy\" decoding=\"async\" class=\"size-medium wp-image-66850 alignleft\" src=\"https:\/\/i0.wp.com\/miradordeatarfe.es\/wp-content\/uploads\/2024\/01\/Screenshot-2024-01-31-at-11-38-36-Miguel-Rios-en-el-objetivo.png?resize=300%2C267&#038;ssl=1\" alt=\"\" width=\"300\" height=\"267\" srcset=\"https:\/\/i0.wp.com\/miradordeatarfe.es\/wp-content\/uploads\/2024\/01\/Screenshot-2024-01-31-at-11-38-36-Miguel-Rios-en-el-objetivo.png?resize=300%2C267&amp;ssl=1 300w, https:\/\/i0.wp.com\/miradordeatarfe.es\/wp-content\/uploads\/2024\/01\/Screenshot-2024-01-31-at-11-38-36-Miguel-Rios-en-el-objetivo.png?resize=768%2C685&amp;ssl=1 768w, https:\/\/i0.wp.com\/miradordeatarfe.es\/wp-content\/uploads\/2024\/01\/Screenshot-2024-01-31-at-11-38-36-Miguel-Rios-en-el-objetivo.png?w=811&amp;ssl=1 811w\" sizes=\"auto, (max-width: 300px) 100vw, 300px\" \/><\/a>Entre\u00a0 1967 y 1969 graba su primer LP\u00a0 (<span style=\"font-size: 8pt;\"><em>Un <b>LP<\/b>\u200b o <b>elep\u00e9<\/b>\u200b del <a title=\"Idioma ingl\u00e9s\" href=\"https:\/\/es.wikipedia.org\/wiki\/Idioma_ingl%C3%A9s\">ingl\u00e9s<\/a> <b>long play<\/b>)<\/em><\/span>, tambi\u00e9n llamado <b>disco de larga duraci\u00f3n<\/b>,titulado <em>\u00abMIRA HACIA TI\u00bb <\/em>que era una recopilaci\u00f3n de las canciones que ya hab\u00edan salido en sencillo.<\/p>\n<p style=\"text-align: justify;\">En 1060 sale su segundo LP\u00a0<strong> \u00ab<em>DESPIERTA\u00bb <\/em><\/strong>que ya era algo m\u00e1s que una sucesi\u00f3n de canciones, y que grab\u00f3 con el grupo ingl\u00e9s <em>\u00abTHE END\u00bb<\/em>, fue producido por el bajista de lo<em>s<strong> STONES, Bill Wyman.<\/strong><\/em><\/p>\n<p style=\"text-align: justify;\">Pero el gran \u00e9xito de Miguel llegar\u00eda en 1970 con su <strong>\u00bb HIMNO A LA ALEGR\u00edA\u00bb<\/strong> ( A song of joy) perteneciente al \u00faltimo movimiento de la Novena Sinfon\u00eda de Beethoven, adapatado para \u00e9l por <em>Waldo de los Rios<\/em> y que ser\u00eda n\u00famero 1 en <em>Alemania, Suiza, Malasia, Portugal, Australia, Israel, Canad\u00e1 y Nueva Zelanda<\/em>; En Espa\u00f1a se quedar\u00eda con el n\u00famero 3 en Estados Unidos en el nueve y en Inglaterra en el diecis\u00e9is; adem\u00e1s de recibir una larga lista de premios. Esta canci\u00f3n pertenece a su LP<strong> \u00abUNIDOS\u00bb<\/strong> que es uno de los mejores de su discograf\u00eda.<\/p>\n<p style=\"text-align: justify;\">En Abril de 1972 graba sus <strong>\u00abCONCIERTOS DE ROCK Y AMOR\u00bb<\/strong> LP en directo que seria uno de los primeros en nuestro pais de estas caracter\u00edsticas. En 1973 Hispavox edita \u00bb LO MEJOR DE MIGUEL RIOS\u00bb un excelente disco con lo mejor de \u00e9l hasta el momento.<\/p>\n<p style=\"text-align: justify;\"><strong>\u00bb MEMORIAS DE UN SER HUMANO\u00bb <\/strong>es el t\u00edtulo de su siguiente LP y que sale a la luz en 1974. Este disco creo que es fundamental\u00a0 porque ya se ve el principio de su carrera como autor y cantante, ya que todo lo anterior lo hab\u00eda hecho en colaboraci\u00f3n con m\u00fasicos como Fernando Arbex o Teddy Bautista. Un a\u00f1o despu\u00e9s deja Hispavoz y graba su primer LP con Polydor, era un relato de ciencia-ficci\u00f3n titulado <strong>\u00abLA HUERTA AT\u00d3MICA\u00bb <\/strong>y fue el disco mejor grabado hasta el momento en nuestro pais.<\/p>\n<p style=\"text-align: justify;\">En 1977 sale el maravilloso <strong>\u00abAL-ANDALUS\u00bb, <\/strong>donde Miguel demuestra que se pueda salir de la monoton\u00eda y hacer algo diferente sin copiar la m\u00fasica inglesa o americana. Este disco ser\u00eda pionero de lo que despu\u00e9s se llamo rock andaluz. Entre diciembre de 1979 y enero de 1980, Miguel graba su nuevo LP <strong>\u00abLOS VIEJOS ROCKEROS NUNCA MUEREN\u00bb<\/strong>. donde rinde un homenaje al Rock &amp; Roll de siempre y en el cual incluye la canci\u00f3n <em>\u00bb UN CABALLO LLAMADO MUERTE\u00bb.<\/em><strong><br \/>\n<\/strong><\/p>\n<p style=\"text-align: justify;\">Ya en 1980 comienza la d\u00e9cada con el mejor disco hasta el momento y, para mi, el mejor de su carrera hasta hoy: \u00ab<strong>ROCKANROLL BUMERANG\u00bb<\/strong> en el que colabora el guitarra Salvador y que contiene canciones tan importantes como \u00bb NUEVA OLA\u00bb, \u00abSANTA LUCIA\u00bb , \u00abEL LABERINTO\u00bb O \u00bb EL SUE\u00d1O ESPACIAL \u00ab.<\/p>\n<p style=\"text-align: justify;\">\u00abEXTRA\u00d1OS EN EL ESCAPARATE\u00bb es su siguiente trabajo que sale en 1981 y sin llegar a la altura del anterio, es un excelente disco.<\/p>\n<p style=\"text-align: justify;\"><a href=\"https:\/\/i0.wp.com\/miradordeatarfe.es\/wp-content\/uploads\/2024\/01\/67149_409305242471954_820848382_n.jpg?ssl=1\"><img data-recalc-dims=\"1\" loading=\"lazy\" decoding=\"async\" class=\"size-medium wp-image-66849 alignleft\" src=\"https:\/\/i0.wp.com\/miradordeatarfe.es\/wp-content\/uploads\/2024\/01\/67149_409305242471954_820848382_n.jpg?resize=300%2C255&#038;ssl=1\" alt=\"\" width=\"300\" height=\"255\" srcset=\"https:\/\/i0.wp.com\/miradordeatarfe.es\/wp-content\/uploads\/2024\/01\/67149_409305242471954_820848382_n.jpg?resize=300%2C255&amp;ssl=1 300w, https:\/\/i0.wp.com\/miradordeatarfe.es\/wp-content\/uploads\/2024\/01\/67149_409305242471954_820848382_n.jpg?resize=768%2C653&amp;ssl=1 768w, https:\/\/i0.wp.com\/miradordeatarfe.es\/wp-content\/uploads\/2024\/01\/67149_409305242471954_820848382_n.jpg?w=960&amp;ssl=1 960w\" sizes=\"auto, (max-width: 300px) 100vw, 300px\" \/><\/a>En 1982 y acompa\u00f1ado de excelentes m\u00fasicos graba el doble en directo <strong>\u00abROCK &amp;RIOS\u00bb.<\/strong> Creo que todo lo que diga de \u00e9l ya lo sabr\u00e9is porque, sin duda, ha sido el disco m\u00e1s escuchado a lo largo del a\u00f1o, pero os voy a decir los m\u00fasicos que intervinieron con \u00e9l: a la guitarra JOHN PARSON, PACO PALACIOS, SALVADOR Y ANTONIO G\u00aa DE DIEGO; al bajo TATO G\u00d3MEZ; a la bater\u00eda\u00a0 MARIO ARGANDO\u00d1A y SERGIO CASTILLO;\u00a0 y a los teclados MARIANO D\u00cdAZ y el que fue teclista de FOCUS , THIJS VAN LEEZ.<\/p>\n<p style=\"text-align: justify;\">Ya este a\u00f1o, Miguel se va a Alemania y graba su LP \u00abEL ROCK DE UNA NOCHE DE VERANO\u00bb, que sigue la l\u00ednea de los anteriores y en la grabaci\u00f3n colabora la misma gente, pr\u00e1cticamente que en ROCK &amp; Rios . Eso si, suena potente gracias a su buena grabaci\u00f3n pero por lo dem\u00e1s, creo que ha habido poca evoluci\u00f3n.<\/p>\n<p style=\"text-align: justify;\"><strong>Jos\u00e9 Miguel D\u00edaz<\/strong><\/p>\n<h3 style=\"text-align: justify;\">PUBLICADO EN LA REVISTA LOCAL DE INFORMACI\u00d3N Y OPINI\u00d3N DE ATARFE<strong> \u00abALTERNATIVA\u00bb<\/strong> N\u00ba 2 DE JULIO DE 1983<\/h3>\n<p style=\"text-align: justify;\">\u00a0FOTOS DE LA DISCOGRAF\u00cdA DE MIGUEL RIOS. las publicadas en la revista Alternativas est\u00e1n muy deterioradas.<\/p>\n<p><a href=\"https:\/\/i0.wp.com\/miradordeatarfe.es\/wp-content\/uploads\/2024\/01\/IMG_20240131_113351-scaled.jpg?ssl=1\"><img data-recalc-dims=\"1\" loading=\"lazy\" decoding=\"async\" class=\"alignnone wp-image-66853 size-full\" src=\"https:\/\/i0.wp.com\/miradordeatarfe.es\/wp-content\/uploads\/2024\/01\/IMG_20240131_113351-scaled.jpg?resize=640%2C971&#038;ssl=1\" alt=\"\" width=\"640\" height=\"971\" srcset=\"https:\/\/i0.wp.com\/miradordeatarfe.es\/wp-content\/uploads\/2024\/01\/IMG_20240131_113351-scaled.jpg?w=1688&amp;ssl=1 1688w, https:\/\/i0.wp.com\/miradordeatarfe.es\/wp-content\/uploads\/2024\/01\/IMG_20240131_113351-scaled.jpg?resize=198%2C300&amp;ssl=1 198w, https:\/\/i0.wp.com\/miradordeatarfe.es\/wp-content\/uploads\/2024\/01\/IMG_20240131_113351-scaled.jpg?resize=675%2C1024&amp;ssl=1 675w, https:\/\/i0.wp.com\/miradordeatarfe.es\/wp-content\/uploads\/2024\/01\/IMG_20240131_113351-scaled.jpg?resize=768%2C1164&amp;ssl=1 768w, https:\/\/i0.wp.com\/miradordeatarfe.es\/wp-content\/uploads\/2024\/01\/IMG_20240131_113351-scaled.jpg?resize=1013%2C1536&amp;ssl=1 1013w, https:\/\/i0.wp.com\/miradordeatarfe.es\/wp-content\/uploads\/2024\/01\/IMG_20240131_113351-scaled.jpg?resize=1351%2C2048&amp;ssl=1 1351w, https:\/\/i0.wp.com\/miradordeatarfe.es\/wp-content\/uploads\/2024\/01\/IMG_20240131_113351-scaled.jpg?resize=1024%2C1553&amp;ssl=1 1024w, https:\/\/i0.wp.com\/miradordeatarfe.es\/wp-content\/uploads\/2024\/01\/IMG_20240131_113351-scaled.jpg?resize=1320%2C2001&amp;ssl=1 1320w\" sizes=\"auto, (max-width: 640px) 100vw, 640px\" \/><\/a><\/p>\n<p style=\"text-align: justify;\">\u00a0<\/p>\n","protected":false},"excerpt":{"rendered":"<p>El d\u00eda 9 tuvimos la ocasi\u00f3n de ver en directo el espect\u00faclo de Miguel Rios,&#8230;<\/p>\n","protected":false},"author":1,"featured_media":66848,"comment_status":"closed","ping_status":"closed","sticky":false,"template":"","format":"standard","meta":{"_coblocks_attr":"","_coblocks_dimensions":"","_coblocks_responsive_height":"","_coblocks_accordion_ie_support":"","jetpack_post_was_ever_published":false,"_jetpack_newsletter_access":"","_jetpack_dont_email_post_to_subs":false,"_jetpack_newsletter_tier_id":0,"_jetpack_memberships_contains_paywalled_content":false,"_jetpack_memberships_contains_paid_content":false,"footnotes":"","jetpack_publicize_message":"","jetpack_publicize_feature_enabled":true,"jetpack_social_post_already_shared":true,"jetpack_social_options":{"image_generator_settings":{"template":"highway","default_image_id":0,"enabled":false},"version":2}},"categories":[1161,10781,44,6937],"tags":[],"class_list":["post-66846","post","type-post","status-publish","format-standard","has-post-thumbnail","hentry","category-ciudadania","category-granada","category-noticias-de-hoy","category-sociedad"],"jetpack_publicize_connections":[],"jetpack_featured_media_url":"https:\/\/i0.wp.com\/miradordeatarfe.es\/wp-content\/uploads\/2024\/01\/1983-001-2.jpg?fit=400%2C235&ssl=1","jetpack_likes_enabled":true,"jetpack_sharing_enabled":true,"_links":{"self":[{"href":"https:\/\/miradordeatarfe.es\/index.php?rest_route=\/wp\/v2\/posts\/66846","targetHints":{"allow":["GET"]}}],"collection":[{"href":"https:\/\/miradordeatarfe.es\/index.php?rest_route=\/wp\/v2\/posts"}],"about":[{"href":"https:\/\/miradordeatarfe.es\/index.php?rest_route=\/wp\/v2\/types\/post"}],"author":[{"embeddable":true,"href":"https:\/\/miradordeatarfe.es\/index.php?rest_route=\/wp\/v2\/users\/1"}],"replies":[{"embeddable":true,"href":"https:\/\/miradordeatarfe.es\/index.php?rest_route=%2Fwp%2Fv2%2Fcomments&post=66846"}],"version-history":[{"count":5,"href":"https:\/\/miradordeatarfe.es\/index.php?rest_route=\/wp\/v2\/posts\/66846\/revisions"}],"predecessor-version":[{"id":66854,"href":"https:\/\/miradordeatarfe.es\/index.php?rest_route=\/wp\/v2\/posts\/66846\/revisions\/66854"}],"wp:featuredmedia":[{"embeddable":true,"href":"https:\/\/miradordeatarfe.es\/index.php?rest_route=\/wp\/v2\/media\/66848"}],"wp:attachment":[{"href":"https:\/\/miradordeatarfe.es\/index.php?rest_route=%2Fwp%2Fv2%2Fmedia&parent=66846"}],"wp:term":[{"taxonomy":"category","embeddable":true,"href":"https:\/\/miradordeatarfe.es\/index.php?rest_route=%2Fwp%2Fv2%2Fcategories&post=66846"},{"taxonomy":"post_tag","embeddable":true,"href":"https:\/\/miradordeatarfe.es\/index.php?rest_route=%2Fwp%2Fv2%2Ftags&post=66846"}],"curies":[{"name":"wp","href":"https:\/\/api.w.org\/{rel}","templated":true}]}}