{"id":66859,"date":"2024-02-02T10:05:13","date_gmt":"2024-02-02T09:05:13","guid":{"rendered":"https:\/\/miradordeatarfe.es\/?p=66859"},"modified":"2024-02-02T10:54:21","modified_gmt":"2024-02-02T09:54:21","slug":"entre-perros-y-gatos-por-juan-de-dios-villaniueva","status":"publish","type":"post","link":"https:\/\/miradordeatarfe.es\/?p=66859","title":{"rendered":"\u00abEntre perros y gatos\u00bb por Juan de Dios Villanueva"},"content":{"rendered":"<h3 class=\"v-p\" style=\"text-align: justify;\">Debi\u00f3 generarle gran satisfacci\u00f3n y un enorme sosiego a la mano que verti\u00f3 veneno en una urbanizaci\u00f3n granadina.<\/h3>\n<p class=\"v-p\" style=\"text-align: justify;\">Veneno en el comedero de gatos que se alimentaban y viv\u00edan en ella, sin hacer m\u00e1s da\u00f1o que su presencia. Hay gentes que viven en la Edad Media, que a\u00fan no han comprendido el valor de la vida, que no entienden que no estamos solos aqu\u00ed, que ellos son solo habitantes sin m\u00e1s derechos que los dem\u00e1s. Gentes que deciden coger matarratas y verterlo en la comida que otros dejan para los gatos que acuden hasta los comederos, que caminan silenciosamente entre nosotros y que ni roban ni enga\u00f1an ni quitan nuestro tiempo con sandeces. Y los matan, hacen que sus \u00f3rganos revienten y mueran porque, para estas gentes, estos animales no tienen derecho a la vida entre nosotros; y ellas, estas gentes, tienen derecho a matarlos, caiga el que caiga, tenga due\u00f1o o sea libre, ma\u00falle o calle.<\/p>\n<p class=\"v-p\" style=\"text-align: justify;\">Vivimos tiempos en los que aquello que no produce no tiene importancia. El ministro Wert dijo que hay que estudiar lo que d\u00e9 riqueza, m\u00e1s o menos, y hay quienes piensan que solo debe permitirse la vida a quienes nos dan algo de provecho seg\u00fan sus propios valores. Y as\u00ed, nos encontramos con asesinos de animales que conviven con nosotros, o asistimos tranquilamente al cierre de la Sociedad Protectora de animales y plantas de Granada definitivamente en las instalaciones cedidas por la Diputaci\u00f3n de Granada en Fuentevaqueros, por motivos de reforma el pr\u00f3ximo 20 de febrero. Esos perros tienen un oscuro futuro, pero no importa, no son ni carreteras ni pantanos ni votan. En este caso, solo son perros ajenos.<\/p>\n<p>publicado: https:\/\/www.ideal.es\/opinion\/juan-de-dios-villanueva-roa-perros-gatos-20240131001717-nt.html<\/p>\n<p>FOTO: https:\/\/fundacioncadisla.com\/project\/parque-pipi-can\/parque-pipi-can\/<\/p>\n","protected":false},"excerpt":{"rendered":"<p>Debi\u00f3 generarle gran satisfacci\u00f3n y un enorme sosiego a la mano que verti\u00f3 veneno en&#8230;<\/p>\n","protected":false},"author":1,"featured_media":66860,"comment_status":"closed","ping_status":"closed","sticky":false,"template":"","format":"standard","meta":{"_coblocks_attr":"","_coblocks_dimensions":"","_coblocks_responsive_height":"","_coblocks_accordion_ie_support":"","jetpack_post_was_ever_published":false,"_jetpack_newsletter_access":"","_jetpack_dont_email_post_to_subs":false,"_jetpack_newsletter_tier_id":0,"_jetpack_memberships_contains_paywalled_content":false,"_jetpack_memberships_contains_paid_content":false,"footnotes":"","jetpack_publicize_message":"","jetpack_publicize_feature_enabled":true,"jetpack_social_post_already_shared":false,"jetpack_social_options":{"image_generator_settings":{"template":"highway","default_image_id":0,"enabled":false},"version":2}},"categories":[1161,10781,9772,44,6937],"tags":[],"class_list":["post-66859","post","type-post","status-publish","format-standard","has-post-thumbnail","hentry","category-ciudadania","category-granada","category-opinion-de-juan-de-dios-villanueva","category-noticias-de-hoy","category-sociedad"],"jetpack_publicize_connections":[],"jetpack_featured_media_url":"https:\/\/i0.wp.com\/miradordeatarfe.es\/wp-content\/uploads\/2024\/01\/Parque-Pipi-Can-300x200-1.jpg?fit=300%2C200&ssl=1","jetpack_likes_enabled":true,"jetpack_sharing_enabled":true,"_links":{"self":[{"href":"https:\/\/miradordeatarfe.es\/index.php?rest_route=\/wp\/v2\/posts\/66859","targetHints":{"allow":["GET"]}}],"collection":[{"href":"https:\/\/miradordeatarfe.es\/index.php?rest_route=\/wp\/v2\/posts"}],"about":[{"href":"https:\/\/miradordeatarfe.es\/index.php?rest_route=\/wp\/v2\/types\/post"}],"author":[{"embeddable":true,"href":"https:\/\/miradordeatarfe.es\/index.php?rest_route=\/wp\/v2\/users\/1"}],"replies":[{"embeddable":true,"href":"https:\/\/miradordeatarfe.es\/index.php?rest_route=%2Fwp%2Fv2%2Fcomments&post=66859"}],"version-history":[{"count":2,"href":"https:\/\/miradordeatarfe.es\/index.php?rest_route=\/wp\/v2\/posts\/66859\/revisions"}],"predecessor-version":[{"id":66909,"href":"https:\/\/miradordeatarfe.es\/index.php?rest_route=\/wp\/v2\/posts\/66859\/revisions\/66909"}],"wp:featuredmedia":[{"embeddable":true,"href":"https:\/\/miradordeatarfe.es\/index.php?rest_route=\/wp\/v2\/media\/66860"}],"wp:attachment":[{"href":"https:\/\/miradordeatarfe.es\/index.php?rest_route=%2Fwp%2Fv2%2Fmedia&parent=66859"}],"wp:term":[{"taxonomy":"category","embeddable":true,"href":"https:\/\/miradordeatarfe.es\/index.php?rest_route=%2Fwp%2Fv2%2Fcategories&post=66859"},{"taxonomy":"post_tag","embeddable":true,"href":"https:\/\/miradordeatarfe.es\/index.php?rest_route=%2Fwp%2Fv2%2Ftags&post=66859"}],"curies":[{"name":"wp","href":"https:\/\/api.w.org\/{rel}","templated":true}]}}