{"id":66862,"date":"2024-02-03T10:12:25","date_gmt":"2024-02-03T09:12:25","guid":{"rendered":"https:\/\/miradordeatarfe.es\/?p=66862"},"modified":"2024-01-31T12:19:05","modified_gmt":"2024-01-31T11:19:05","slug":"el-moma-en-granada","status":"publish","type":"post","link":"https:\/\/miradordeatarfe.es\/?p=66862","title":{"rendered":"El MoMa en Granada"},"content":{"rendered":"<article class=\"v-a v-a--d v-a--d-rpg v-a--p-b\">\n<div class=\"v-a-info-c \">\n<h3 class=\"v-a-sub-t\" style=\"text-align: justify;\">El Centro Cultural CajaGranada recopila una treintena de obras de algunos de los artistas m\u00e1s cotizados y creadores de tendencias del siglo XX como Warhol, T\u00e1pies, Barcel\u00f3 o Romero de Torres<\/h3>\n<\/div>\n<\/article>\n<p class=\"v-p\" style=\"text-align: justify;\">Nueva York. A\u00f1o 1963. En la quinta planta de un edificio de la calle 47 la luz nunca se apagaba. Ni durante el d\u00eda ni durante la noche. All\u00ed, en ese estudio, Andy Warhol, el artista de moda del momento \u2013y de otros muchos momentos posteriores\u2013, produc\u00eda a pleno rendimiento rodeado de una &#8216;troupe&#8217; de estrellas del porno, transformistas, bohemios&#8230; Es imposible saber cu\u00e1ntas obras fabric\u00f3 en la Factory, que as\u00ed se llamaba el taller, pero lo que s\u00ed se sabe es que aquellas litograf\u00edas y serigraf\u00edas luego multiplicaban su valor, hac\u00edan rico a Warhol y llegaban a manos de coleccionistas de todo el mundo.<\/p>\n<p class=\"v-p\" style=\"text-align: justify;\">Ahora, cuatro de aquellas obras se pueden ver en el Centro Cultural CajaGranada en la que es, probablemente, la mejor exposici\u00f3n de arte contempor\u00e1neo que ha aterrizado en Granada en las \u00faltimas d\u00e9cadas. B\u00e1sicamente porque todos los autores que conforman esta muestra, organizada por CajaGranada Fundaci\u00f3n y Fundaci\u00f3n Cajasol, marcaron tendencia en Europa y Estados Unidos en la segunda mitad del siglo XX.<\/p>\n<div class=\"v-c-cmp \" style=\"text-align: justify;\">\n<div class=\"v-d-cmp-m\">\n<article class=\"v-a v-a--cmp-m \">\n<div class=\"v-a-img-c v-a-img-c--fw-xs\">\n<figure class=\"v-a-fig\"><img data-recalc-dims=\"1\" loading=\"lazy\" decoding=\"async\" class=\"v-a-img lzld\" src=\"https:\/\/i0.wp.com\/s3.ppllstatics.com\/ideal\/www\/multimedia\/2024\/01\/11\/expo%20cajagranada%20%288%29.jpg?resize=640%2C448&#038;ssl=1\" alt=\"Observando 'Love' Robert Indiana.\" width=\"640\" height=\"448\" data-voc-vtm-id=\"in-text-traffic\" \/><figcaption class=\"v-fc\"><span class=\"v-fc__text\"> Observando &#8216;Love&#8217; Robert Indiana. <\/span> <span class=\"v-fc__ath\"> JORGE PASTOR <\/span><\/figcaption><\/figure>\n<\/div>\n<\/article>\n<\/div>\n<\/div>\n<p class=\"v-p\" style=\"text-align: justify;\">No es ninguna exageraci\u00f3n. No hay m\u00e1s que echarle un vistazo a la n\u00f3mina de creadores o, en su defecto, a las cifras de mercado que se barajan cuando algunos de estos tesoros se venden en una casa de subastas. La cotizaci\u00f3n del alem\u00e1n Sigmar Polke, del que se pueden ver un par de cuadros ahora en el Centro Cultural CajaGranada, supera los quince millones de euros, para que se hagan una idea. Una selecci\u00f3n, procedente toda de prestadores privados, que ha sido posible gracias al comisariado de Pepe Cobo, uno de los galeristas m\u00e1s reputados y con m\u00e1s larga trayectoria de Espa\u00f1a. Solo profesionales como \u00e9l pueden acceder a este tipo de joyas que ahora se pueden disfrutar en Granada.<\/p>\n<div class=\"v-c-cmp \" style=\"text-align: justify;\">\n<div class=\"v-d-cmp-m\">\n<article class=\"v-a v-a--cmp-m \">\n<div class=\"v-a-img-c v-a-img-c--fw-xs\">\n<figure class=\"v-a-fig\"><img data-recalc-dims=\"1\" loading=\"lazy\" decoding=\"async\" class=\"v-a-img lzld\" src=\"https:\/\/i0.wp.com\/s1.ppllstatics.com\/ideal\/www\/multimedia\/2024\/01\/11\/expo%20cajagranada%20%284%29.jpg?resize=640%2C448&#038;ssl=1\" alt=\"'Fuensanta' se utiliz\u00f3 para ilustrar los antiguos billetes de cien pesetas.\" width=\"640\" height=\"448\" data-voc-vtm-id=\"in-text-traffic\" \/><figcaption class=\"v-fc\"><span class=\"v-fc__text\"> &#8216;Fuensanta&#8217; se utiliz\u00f3 para ilustrar los antiguos billetes de cien pesetas. <\/span> <span class=\"v-fc__ath\"> JORGE PASTOR <\/span><\/figcaption><\/figure>\n<\/div>\n<\/article>\n<\/div>\n<\/div>\n<p class=\"v-p\" style=\"text-align: justify;\">Volvamos a Warhol. &#8216;Obras contempor\u00e1neas en colecciones privadas&#8217;, que as\u00ed se llama la &#8216;criatura&#8217; \u2013se podr\u00e1 visitar hasta el 31 de marzo\u2013, est\u00e1 presidida por uno de los famosos autorretratos de Andy. En este caso, uno en tonos azules y blancos con la mano abierta cubriendo parcialmente su boca. Al lado, un par de obritas con sus m\u00edticas flores. Y enfrente, en el espacio titulado &#8216;Mujeres&#8217;, una de sus famosas Marilyn cuadruplicada, como si se tratara del negativo de una foto. Monroe fue uno de sus personajes fetiche.<\/p>\n<div class=\"v-c-cmp \" style=\"text-align: justify;\">\n<div class=\"v-d-cmp-m\">\n<article class=\"v-a v-a--cmp-m \">\n<div class=\"v-a-img-c v-a-img-c--fw-xs\">\n<figure class=\"v-a-fig\"><img data-recalc-dims=\"1\" loading=\"lazy\" decoding=\"async\" class=\"v-a-img lzld\" src=\"https:\/\/i0.wp.com\/s2.ppllstatics.com\/ideal\/www\/multimedia\/2024\/01\/11\/expo%20cajagranada%20%285%29.jpg?resize=640%2C448&#038;ssl=1\" alt=\"Una de las obras de Polke expuestas.\" width=\"640\" height=\"448\" data-voc-vtm-id=\"in-text-traffic\" \/><figcaption class=\"v-fc\"><span class=\"v-fc__text\"> Una de las obras de Polke expuestas. <\/span> <span class=\"v-fc__ath\"> JORGE PASTOR <\/span><\/figcaption><\/figure>\n<\/div>\n<\/article>\n<\/div>\n<\/div>\n<p class=\"v-p\" style=\"text-align: justify;\">Aunque gran parte de las pinturas que conforman &#8216;Obras contempor\u00e1neas en colecciones privadas&#8217; son abstractas, tambi\u00e9n hay mucho de figurativo. Y muy interesante. Podr\u00e1n observar, por ejemplo, tres \u00f3leos de Julio Romero de Torres. Entre ellos, &#8216;Fuensanta&#8217;, el retrato de la guapa cordobesa que ilustr\u00f3 los billetes de cien pesetas. La modelo ten\u00eda 16 a\u00f1os y se llamaba Mar\u00eda Teresa L\u00f3pez Gonz\u00e1lez. Aunque el Julio Romero de Torres que m\u00e1s llama la atenci\u00f3n es la exuberante &#8216;Primavera&#8217;, donde Elo\u00edsa Mu\u00f1iz &#8216;Amaratina&#8217; y Sara Cecades posan una recostada \u2013recuerda a &#8216;La maja desnuda&#8217; de Goya\u2013 y otra abrazando una fuente donde rebosa la fruta.<\/p>\n<div class=\"v-c-cmp \" style=\"text-align: justify;\">\n<div class=\"v-d-cmp-m\">\n<article class=\"v-a v-a--cmp-m \">\n<div class=\"v-a-img-c v-a-img-c--fw-xs\">\n<figure class=\"v-a-fig\"><img data-recalc-dims=\"1\" loading=\"lazy\" decoding=\"async\" class=\"v-a-img lzld\" src=\"https:\/\/i0.wp.com\/s2.ppllstatics.com\/ideal\/www\/multimedia\/2024\/01\/11\/expo%20cajagranada%20%2810%29.jpg?resize=640%2C448&#038;ssl=1\" alt=\"Obra de T\u00e1pies que se expone en el Centro Cultural CajaGranada.\" width=\"640\" height=\"448\" data-voc-vtm-id=\"in-text-traffic\" \/><figcaption class=\"v-fc\"><span class=\"v-fc__text\"> Obra de T\u00e1pies que se expone en el Centro Cultural CajaGranada. <\/span> <span class=\"v-fc__ath\"> JORGE PASTOR <\/span><\/figcaption><\/figure>\n<\/div>\n<\/article>\n<\/div>\n<\/div>\n<p class=\"v-p\" style=\"text-align: justify;\">Miguel Arjona, responsable de Exposiciones Temporales de CajaGranada Fundaci\u00f3n, explica que esta &#8216;Primavera&#8217; tiene \u00abuna composici\u00f3n cl\u00e1sica en Julio Romero de Torres, jugando con el equilibrio del paisaje y la arquitectura\u00bb. \u00abHay mucho dibujo; todo es muy can\u00f3nico\u00bb, subraya Arjona.<\/p>\n<div class=\"v-c-cmp v-n-mrg\" style=\"text-align: justify;\">\n<h3 class=\"v-cmp-suh\">Cuatro secciones<\/h3>\n<\/div>\n<p class=\"v-p\" style=\"text-align: justify;\">&#8216;Obras contempor\u00e1neas en colecciones privadas&#8217; se divide en cuatro secciones en las que tienen cabida m\u00faltiples corrientes. Para ello se ha dividido la sala en cuatro zonas diferenciadas con cuatro colores.<\/p>\n<div class=\"v-c-cmp v-c-cmp--sm\" style=\"text-align: justify;\">\n<div class=\"v-d-cmp-cmb\">\n<figure class=\"v-d-cmp-cmb__fig\">\n<div class=\"v-d-cmp-cmb__c\"><a href=\"https:\/\/i0.wp.com\/miradordeatarfe.es\/wp-content\/uploads\/2024\/02\/Screenshot-2024-01-31-at-12-17-14-El-MoMa-en-Granada.png?ssl=1\"><img data-recalc-dims=\"1\" loading=\"lazy\" decoding=\"async\" class=\"alignnone wp-image-66866 size-full\" src=\"https:\/\/i0.wp.com\/miradordeatarfe.es\/wp-content\/uploads\/2024\/02\/Screenshot-2024-01-31-at-12-17-14-El-MoMa-en-Granada.png?resize=640%2C700&#038;ssl=1\" alt=\"\" width=\"640\" height=\"700\" srcset=\"https:\/\/i0.wp.com\/miradordeatarfe.es\/wp-content\/uploads\/2024\/02\/Screenshot-2024-01-31-at-12-17-14-El-MoMa-en-Granada.png?w=647&amp;ssl=1 647w, https:\/\/i0.wp.com\/miradordeatarfe.es\/wp-content\/uploads\/2024\/02\/Screenshot-2024-01-31-at-12-17-14-El-MoMa-en-Granada.png?resize=274%2C300&amp;ssl=1 274w\" sizes=\"auto, (max-width: 640px) 100vw, 640px\" \/><\/a><\/div>\n<\/figure>\n<\/div>\n<\/div>\n<div class=\"v-c-cmp v-c-cmp--sm\" style=\"text-align: justify;\">\n<div class=\"v-d-cmp-cmb\">\n<figure class=\"v-d-cmp-cmb__fig\"><figcaption class=\"v-fc\"><span class=\"v-fc__text\"> La exposici\u00f3n se podr\u00e1 ver hasta finales de marzo. <\/span> <span class=\"v-fc__ath\"> JORGE PASTOR <\/span><\/figcaption><\/figure>\n<\/div>\n<\/div>\n<p class=\"v-p\" style=\"text-align: justify;\">En la Amarilla, centrada en el Arte Pop, destacan nombres como los de Andy Warhol, Robert Rauschemberg, Edward Ruscha y Gerhard Richter. En la Verde, titulada &#8216;Mujer, del Simbolismo al Pop&#8217;, se han incluido trabajos de Julio Romero de Torres, Robert Indiana \u2013el famoso &#8216;Love&#8217;\u2013 y Warhol. En la Marr\u00f3n, sobre &#8216;Expresionismo Figurativo e Informalismo&#8217;, se ha incluido a Antoni T\u00e1pies y Miquel Barcel\u00f3, dos de los maestros m\u00e1s celebrados del arte espa\u00f1ol de siglo XX y XXI. Ambos est\u00e1n representados por piezas muy importantes en di\u00e1logo con el trabajo de la alemana Rosemarie Trockel. Y por \u00faltimo, en la Gris, dedicada al &#8216;Minimalismo&#8217;, encontramos obras de Sol Lewitt, Dan Flavin, Robert Mangold y Josef Alberts que ejemplifican ese camino de depuraci\u00f3n y b\u00fasqueda de lo esencial.<\/p>\n<div class=\"v-c-cmp \" style=\"text-align: justify;\">\n<div class=\"v-d-cmp-m\">\n<article class=\"v-a v-a--cmp-m \">\n<div class=\"v-a-img-c v-a-img-c--fw-xs\">\n<figure class=\"v-a-fig\"><img data-recalc-dims=\"1\" loading=\"lazy\" decoding=\"async\" class=\"v-a-img lzld\" src=\"https:\/\/i0.wp.com\/s1.ppllstatics.com\/ideal\/www\/multimedia\/2024\/01\/11\/expo%20cajagranada%20%289%29.jpg?resize=640%2C448&#038;ssl=1\" alt=\"Instalaci\u00f3n de Sol Lewitt.\" width=\"640\" height=\"448\" data-voc-vtm-id=\"in-text-traffic\" \/><figcaption class=\"v-fc\"><span class=\"v-fc__text\"> Instalaci\u00f3n de Sol Lewitt. <\/span> <span class=\"v-fc__ath\"> JORGE PASTOR <\/span><\/figcaption><\/figure>\n<\/div>\n<\/article>\n<\/div>\n<\/div>\n<p class=\"v-p\" style=\"text-align: justify;\">Si Warhol hubiera conocido a Federico Garc\u00eda Lorca, lo habr\u00eda incorporado como uno de sus personajes iconogr\u00e1ficos. P\u00e1sese por la exposici\u00f3n de CajaGranada y seguro que no tendr\u00e1 problemas para imagin\u00e1rselo.<\/p>\n<p><strong><span class=\"v-fc__ath\">JORGE PASTOR<\/span><\/strong><\/p>\n<p class=\"v-p\"><span class=\"v-fc__text\">FOTO: El autorretrato de Warhol es uno de los grandes reclamos de la exposici\u00f3n en el Centro Cultural CajaGranada.<\/span> <span class=\"v-fc__ath\">JORGE PASTOR<\/span><\/p>\n<article class=\"v-a v-a--d v-a--d-rpg v-a--p-b\">\n<div class=\"v-a-info-c \">\n<div class=\"v-a-pre-t\"><span class=\"v-a-pre-t__c\"> https:\/\/www.ideal.es\/culturas\/moma-granada-20240121181954-nt.html<span class=\"v-a-pre-t__p\"><br \/>\n<\/span> <\/span><\/div>\n<h1 class=\"v-a-t\">\u00a0<\/h1>\n<\/div>\n<\/article>\n","protected":false},"excerpt":{"rendered":"<p>El Centro Cultural CajaGranada recopila una treintena de obras de algunos de los artistas m\u00e1s&#8230;<\/p>\n","protected":false},"author":1,"featured_media":66863,"comment_status":"closed","ping_status":"closed","sticky":false,"template":"","format":"standard","meta":{"_coblocks_attr":"","_coblocks_dimensions":"","_coblocks_responsive_height":"","_coblocks_accordion_ie_support":"","jetpack_post_was_ever_published":false,"_jetpack_newsletter_access":"","_jetpack_dont_email_post_to_subs":false,"_jetpack_newsletter_tier_id":0,"_jetpack_memberships_contains_paywalled_content":false,"_jetpack_memberships_contains_paid_content":false,"footnotes":"","jetpack_publicize_message":"","jetpack_publicize_feature_enabled":true,"jetpack_social_post_already_shared":true,"jetpack_social_options":{"image_generator_settings":{"template":"highway","default_image_id":0,"enabled":false},"version":2}},"categories":[1161,10781,44],"tags":[],"class_list":["post-66862","post","type-post","status-publish","format-standard","has-post-thumbnail","hentry","category-ciudadania","category-granada","category-noticias-de-hoy"],"jetpack_publicize_connections":[],"jetpack_featured_media_url":"https:\/\/i0.wp.com\/miradordeatarfe.es\/wp-content\/uploads\/2024\/01\/expo-cajagranada-18.webp?fit=1374%2C916&ssl=1","jetpack_likes_enabled":true,"jetpack_sharing_enabled":true,"_links":{"self":[{"href":"https:\/\/miradordeatarfe.es\/index.php?rest_route=\/wp\/v2\/posts\/66862","targetHints":{"allow":["GET"]}}],"collection":[{"href":"https:\/\/miradordeatarfe.es\/index.php?rest_route=\/wp\/v2\/posts"}],"about":[{"href":"https:\/\/miradordeatarfe.es\/index.php?rest_route=\/wp\/v2\/types\/post"}],"author":[{"embeddable":true,"href":"https:\/\/miradordeatarfe.es\/index.php?rest_route=\/wp\/v2\/users\/1"}],"replies":[{"embeddable":true,"href":"https:\/\/miradordeatarfe.es\/index.php?rest_route=%2Fwp%2Fv2%2Fcomments&post=66862"}],"version-history":[{"count":3,"href":"https:\/\/miradordeatarfe.es\/index.php?rest_route=\/wp\/v2\/posts\/66862\/revisions"}],"predecessor-version":[{"id":66867,"href":"https:\/\/miradordeatarfe.es\/index.php?rest_route=\/wp\/v2\/posts\/66862\/revisions\/66867"}],"wp:featuredmedia":[{"embeddable":true,"href":"https:\/\/miradordeatarfe.es\/index.php?rest_route=\/wp\/v2\/media\/66863"}],"wp:attachment":[{"href":"https:\/\/miradordeatarfe.es\/index.php?rest_route=%2Fwp%2Fv2%2Fmedia&parent=66862"}],"wp:term":[{"taxonomy":"category","embeddable":true,"href":"https:\/\/miradordeatarfe.es\/index.php?rest_route=%2Fwp%2Fv2%2Fcategories&post=66862"},{"taxonomy":"post_tag","embeddable":true,"href":"https:\/\/miradordeatarfe.es\/index.php?rest_route=%2Fwp%2Fv2%2Ftags&post=66862"}],"curies":[{"name":"wp","href":"https:\/\/api.w.org\/{rel}","templated":true}]}}