{"id":66868,"date":"2024-02-02T10:26:57","date_gmt":"2024-02-02T09:26:57","guid":{"rendered":"https:\/\/miradordeatarfe.es\/?p=66868"},"modified":"2024-02-01T10:36:28","modified_gmt":"2024-02-01T09:36:28","slug":"66868","status":"publish","type":"post","link":"https:\/\/miradordeatarfe.es\/?p=66868","title":{"rendered":"\u00abMUSEO ARQUEOL\u00d3GICO Y MEDINA ELVIRA\u00bb por Jos\u00e9 Enrique Granados"},"content":{"rendered":"<div class=\"\" dir=\"auto\">\n<div id=\":r5g:\" class=\"x1iorvi4 x1pi30zi x1l90r2v x1swvt13\" data-ad-comet-preview=\"message\" data-ad-preview=\"message\">\n<div class=\"x78zum5 xdt5ytf xz62fqu x16ldp7u\">\n<div class=\"xu06os2 x1ok221b\">\n<div class=\"xdj266r x11i5rnm xat24cr x1mh8g0r x1vvkbs x126k92a\">\n<h3 dir=\"auto\" style=\"text-align: justify;\">Un elemento a destacar, al principio de la dictadura de Miguel Primo de Rivera fue la creaci\u00f3n del Museo Arqueol\u00f3gico de Granada, gracias al esfuerzo de la Comisi\u00f3n de Monumentos y de la labor perseverante de un granadino inolvidable: el arque\u00f3logo don Manuel G\u00f3mez Moreno.<\/h3>\n<div dir=\"auto\" style=\"text-align: justify;\">Seg\u00fan podemos leer en la asamblea anual de archiveros celebrada en 1923, que el museo, \u201ccasi todo \u00e9l puede decirse que est\u00e1 formado por el fruto de una sola exploraci\u00f3n: la que se hizo en Medina Elvira (Atarfe). De all\u00ed, de un gran cementerio, procede la serie visigoda, y de all\u00ed viene lo de m\u00e1s inter\u00e9s de la \u00e9poca \u00e1rabe, algunas de cuyas piezas tienen un valor exclusivo. Pues bien: en Medina Elvira no se ha vuelto a explorar. Y la tierra guarda todav\u00eda secretos que, quiz\u00e1s cuando se revelaran, ser\u00edan de valor \u00fanico.<\/div>\n<div dir=\"auto\" style=\"text-align: justify;\">\u00a0<\/div>\n<div dir=\"auto\" style=\"text-align: justify;\">Una exploraci\u00f3n nueva dar\u00eda al Museo de Granada una gran riqueza y contribuir\u00eda a acrecentar su inter\u00e9s, en ese aspecto, que es el que ya le caracteriza especialmente y el que debemos fomentar. El Museo Arqueol\u00f3gico de Granada debe ser el gran Museo medieval espa\u00f1ol\u201d.<\/div>\n<div dir=\"auto\" style=\"text-align: justify;\">\u00a0<\/div>\n<\/div>\n<div class=\"x11i5rnm xat24cr x1mh8g0r x1vvkbs xtlvy1s x126k92a\" style=\"text-align: justify;\">\n<div dir=\"auto\">Fotograf\u00eda cortes\u00eda de Jorge Rodr\u00edguez Puche, realizada para el documental 400 (1963-2023).<\/div>\n<\/div>\n<div class=\"x11i5rnm xat24cr x1mh8g0r x1vvkbs xtlvy1s x126k92a\">\n<div dir=\"auto\" style=\"text-align: justify;\">\u00a0<\/div>\n<div dir=\"auto\" style=\"text-align: justify;\"><strong>Gacetilla y curiosidades elvirenses.<\/strong><\/div>\n<\/div>\n<\/div>\n<\/div>\n<\/div>\n<\/div>\n","protected":false},"excerpt":{"rendered":"<p>Un elemento a destacar, al principio de la dictadura de Miguel Primo de Rivera fue&#8230;<\/p>\n","protected":false},"author":1,"featured_media":66869,"comment_status":"closed","ping_status":"closed","sticky":false,"template":"","format":"standard","meta":{"_coblocks_attr":"","_coblocks_dimensions":"","_coblocks_responsive_height":"","_coblocks_accordion_ie_support":"","jetpack_post_was_ever_published":false,"_jetpack_newsletter_access":"","_jetpack_dont_email_post_to_subs":false,"_jetpack_newsletter_tier_id":0,"_jetpack_memberships_contains_paywalled_content":false,"_jetpack_memberships_contains_paid_content":false,"footnotes":"","jetpack_publicize_message":"","jetpack_publicize_feature_enabled":true,"jetpack_social_post_already_shared":true,"jetpack_social_options":{"image_generator_settings":{"template":"highway","default_image_id":0,"enabled":false},"version":2}},"categories":[12,10781,1225,38,44],"tags":[],"class_list":["post-66868","post","type-post","status-publish","format-standard","has-post-thumbnail","hentry","category-cultura","category-granada","category-ha-de-atarfe","category-opinion-de-jose-enrique-granados","category-noticias-de-hoy"],"jetpack_publicize_connections":[],"jetpack_featured_media_url":"https:\/\/i0.wp.com\/miradordeatarfe.es\/wp-content\/uploads\/2024\/01\/PARROQUIA-DE-ATAREF.jpg?fit=960%2C524&ssl=1","jetpack_likes_enabled":true,"jetpack_sharing_enabled":true,"_links":{"self":[{"href":"https:\/\/miradordeatarfe.es\/index.php?rest_route=\/wp\/v2\/posts\/66868","targetHints":{"allow":["GET"]}}],"collection":[{"href":"https:\/\/miradordeatarfe.es\/index.php?rest_route=\/wp\/v2\/posts"}],"about":[{"href":"https:\/\/miradordeatarfe.es\/index.php?rest_route=\/wp\/v2\/types\/post"}],"author":[{"embeddable":true,"href":"https:\/\/miradordeatarfe.es\/index.php?rest_route=\/wp\/v2\/users\/1"}],"replies":[{"embeddable":true,"href":"https:\/\/miradordeatarfe.es\/index.php?rest_route=%2Fwp%2Fv2%2Fcomments&post=66868"}],"version-history":[{"count":3,"href":"https:\/\/miradordeatarfe.es\/index.php?rest_route=\/wp\/v2\/posts\/66868\/revisions"}],"predecessor-version":[{"id":66872,"href":"https:\/\/miradordeatarfe.es\/index.php?rest_route=\/wp\/v2\/posts\/66868\/revisions\/66872"}],"wp:featuredmedia":[{"embeddable":true,"href":"https:\/\/miradordeatarfe.es\/index.php?rest_route=\/wp\/v2\/media\/66869"}],"wp:attachment":[{"href":"https:\/\/miradordeatarfe.es\/index.php?rest_route=%2Fwp%2Fv2%2Fmedia&parent=66868"}],"wp:term":[{"taxonomy":"category","embeddable":true,"href":"https:\/\/miradordeatarfe.es\/index.php?rest_route=%2Fwp%2Fv2%2Fcategories&post=66868"},{"taxonomy":"post_tag","embeddable":true,"href":"https:\/\/miradordeatarfe.es\/index.php?rest_route=%2Fwp%2Fv2%2Ftags&post=66868"}],"curies":[{"name":"wp","href":"https:\/\/api.w.org\/{rel}","templated":true}]}}