{"id":66880,"date":"2024-02-01T10:25:17","date_gmt":"2024-02-01T09:25:17","guid":{"rendered":"https:\/\/miradordeatarfe.es\/?p=66880"},"modified":"2024-02-01T10:26:28","modified_gmt":"2024-02-01T09:26:28","slug":"la-comedia-de-los-erroresel-sabado-en-el-centro-cultural-medina-elvira-de-atarfe","status":"publish","type":"post","link":"https:\/\/miradordeatarfe.es\/?p=66880","title":{"rendered":"\u00abLa comedia de los errores\u00bb El s\u00e1bado en el Centro Cultural Medina Elvira de Atarfe"},"content":{"rendered":"<div class=\"xdj266r x11i5rnm xat24cr x1mh8g0r x1vvkbs x126k92a\">\n<div dir=\"auto\">\n<div id=\"evento\">\u00a0<\/div>\n<div id=\"descripcion\">\n<h3><strong>LA COMEDIA DE LOS ERRORES DE: WILLIAM SHAKESPEARE EN ATARFE<br \/>\nDIRECCI\u00d3N: ANDR\u00c9S LIMA<\/strong><\/h3>\n<p>La COMEDIA DE LOS ERRORES llega al Centro Cultural Medina Elvira el pr\u00f3ximo<strong> S\u00e1bado 3 de Febrero<\/strong>. La obra de Shakespeare adaptada por Pep\u00f3n Nieto y Andr\u00e9s Lima, te har\u00e1 reir y llorar sin parar \u00a1No te quedes sin tu entrada!<\/div>\n<div>\u00a0<\/div>\n<p><strong><span style=\"font-size: 18pt;\">SINOPSIS<\/span>:<\/strong><\/p>\n<p><a href=\"https:\/\/i0.wp.com\/miradordeatarfe.es\/wp-content\/uploads\/2024\/01\/galeria_2616_yDAt38mb.jpg?ssl=1\"><img data-recalc-dims=\"1\" loading=\"lazy\" decoding=\"async\" class=\"wp-image-66881 size-full alignleft\" src=\"https:\/\/i0.wp.com\/miradordeatarfe.es\/wp-content\/uploads\/2024\/01\/galeria_2616_yDAt38mb.jpg?resize=640%2C905&#038;ssl=1\" alt=\"\" width=\"640\" height=\"905\" srcset=\"https:\/\/i0.wp.com\/miradordeatarfe.es\/wp-content\/uploads\/2024\/01\/galeria_2616_yDAt38mb.jpg?w=700&amp;ssl=1 700w, https:\/\/i0.wp.com\/miradordeatarfe.es\/wp-content\/uploads\/2024\/01\/galeria_2616_yDAt38mb.jpg?resize=212%2C300&amp;ssl=1 212w\" sizes=\"auto, (max-width: 640px) 100vw, 640px\" \/><\/a>Estamos en \u00c9feso, ciudad llena de fulleros, de magos capaces de enga\u00f1ar el ojo, de oscuros hechiceros que trastornan el juicio, de brujas asesinas que deforman el cuerpo, de truhanes disfrazados de charlatanes y pecadores libertinos. Ant\u00edfolo y Dromio de Siracusa (antigua ciudad de Grecia ahora sita en Sicilia), amo y criado, llegan a la ciudad buscando a sus respectivos hermanos gemelos. El padre de ambas parejas de pal\u00edndromos tambi\u00e9n llega a \u00c9feso, siendo detenido por extranjero sin papeles nada m\u00e1s pisar puerto, y es condenado a muerte. S\u00f3lo encontrando a sus hijos podr\u00e1 salvarse. Ant\u00edfolo y Dromio de \u00c9feso (antigua ciudad de Grecia ahora sita en Turqu\u00eda) viven en la ciudad siendo confundidos con sus hermanos siracusanos. Luciana y Adriana, pareja de estos \u00faltimos son las primeras en confundir a sus maridos con sus hermanos. A partir de aqu\u00ed errores con antiguos deudores, joyas en manos equivocadas, deudas no saldadas, van endemoniando a nuestros personajes hasta el punto de necesitar a un exorcista. Todo se enredar\u00e1 m\u00e1s y m\u00e1s, error sobre error, hasta la aparici\u00f3n de una Madre Abadesa que ni es monja ni es virgen. Entonces es cuando el desastre se convierte en una fiesta.<\/p>\n<p>Reparto: <b>Pep\u00f3n Nieto, Antonio Pagudo, Fernando Soto, Rulo Pardo, Avelino Piedad, Esteban Garrido<\/b><\/p>\n<p>Versi\u00f3n: <b>Albert Boronat<\/b><\/p>\n<p>Direcci\u00f3n: <b>Andr\u00e9s Lima<\/b><\/p>\n<p>Ayudante direcci\u00f3n: <b>Laura Ortega<\/b><\/p>\n<p>Dise\u00f1o escenograf\u00eda: <b>Beatriz San Juan<\/b><\/p>\n<p>Dise\u00f1o vestuario: <b>Paola Torres<\/b><\/p>\n<p>Dise\u00f1o iluminaci\u00f3n: <b>Pedro Yag\u00fce<\/b><\/p>\n<p>Espacio Sonoro: <b>Sergio Sanchez Bou<\/b><\/p>\n<p><b>Una coproducci\u00f3n del Festival Internacional de Teatro Cl\u00e1sico de M\u00e9rida y Mixtolobo<\/b><\/p>\n<\/div>\n<p dir=\"auto\">\u00bfTe vas a perder la Comedia m\u00e1s divertida de esta temporada?\u00a0<\/p>\n<\/div>\n<div dir=\"auto\">\u00a0<\/div>\n<div dir=\"auto\">\u00a0<strong>Lugar: Centro Cultural Medina Elvira<\/strong><\/div>\n<div dir=\"auto\"><strong>\u00a0Fecha: S\u00e1bado 3 de Febrero<\/strong><\/div>\n<div dir=\"auto\"><strong>\u00a0Hora: 20:00 h<\/strong><\/div>\n<div dir=\"auto\">\u00a0<\/div>\n<div dir=\"auto\">Consigue tus entradas en el siguiente enlace:<\/div>\n<div dir=\"auto\"><a class=\"x1i10hfl xjbqb8w x6umtig x1b1mbwd xaqea5y xav7gou x9f619 x1ypdohk xt0psk2 xe8uvvx xdj266r x11i5rnm xat24cr x1mh8g0r xexx8yu x4uap5 x18d9i69 xkhd6sd x16tdsg8 x1hl2dhg xggy1nq x1a2a7pz xt0b8zv x1fey0fg\" tabindex=\"0\" role=\"link\" href=\"https:\/\/www.redentradas.com\/?entradas=la-comedia-de-los-errores&amp;recinto=centro-cultural-medina-elvira&amp;rid=47&amp;eid=2616&amp;fbclid=IwAR0h4dPg4AbTuOB6Tik7IzbJiXoY0O5acMEivyGbWl1Wj1p-gJoqsDrK3sg\" target=\"_blank\" rel=\"nofollow noopener noreferrer\">https:\/\/www.redentradas.com\/&#8230;<\/a><\/p>\n<div>\n<div id=\"0DE9E47C-871A-4F90-8440-B190C216800A_2\" class=\"mcafee_green\" tabindex=\"0\">\u00a0<\/div>\n<\/div>\n<\/div>\n<div class=\"x11i5rnm xat24cr x1mh8g0r x1vvkbs xtlvy1s x126k92a\">\n<p dir=\"auto\">\u00a1Prep\u00e1rate para una velada inolvidable!<\/p>\n<\/div>\n","protected":false},"excerpt":{"rendered":"<p>\u00a0 LA COMEDIA DE LOS ERRORES DE: WILLIAM SHAKESPEARE EN ATARFE DIRECCI\u00d3N: ANDR\u00c9S LIMA La&#8230;<\/p>\n","protected":false},"author":1,"featured_media":66882,"comment_status":"closed","ping_status":"closed","sticky":false,"template":"","format":"standard","meta":{"_coblocks_attr":"","_coblocks_dimensions":"","_coblocks_responsive_height":"","_coblocks_accordion_ie_support":"","jetpack_post_was_ever_published":false,"_jetpack_newsletter_access":"","_jetpack_dont_email_post_to_subs":false,"_jetpack_newsletter_tier_id":0,"_jetpack_memberships_contains_paywalled_content":false,"_jetpack_memberships_contains_paid_content":false,"footnotes":"","jetpack_publicize_message":"","jetpack_publicize_feature_enabled":true,"jetpack_social_post_already_shared":true,"jetpack_social_options":{"image_generator_settings":{"template":"highway","default_image_id":0,"enabled":false},"version":2}},"categories":[2,186,44,10],"tags":[],"class_list":["post-66880","post","type-post","status-publish","format-standard","has-post-thumbnail","hentry","category-atarfe","category-instituciones","category-noticias-de-hoy","category-salud"],"jetpack_publicize_connections":[],"jetpack_featured_media_url":"https:\/\/i0.wp.com\/miradordeatarfe.es\/wp-content\/uploads\/2024\/01\/th-3.jpeg?fit=283%2C180&ssl=1","jetpack_likes_enabled":true,"jetpack_sharing_enabled":true,"_links":{"self":[{"href":"https:\/\/miradordeatarfe.es\/index.php?rest_route=\/wp\/v2\/posts\/66880","targetHints":{"allow":["GET"]}}],"collection":[{"href":"https:\/\/miradordeatarfe.es\/index.php?rest_route=\/wp\/v2\/posts"}],"about":[{"href":"https:\/\/miradordeatarfe.es\/index.php?rest_route=\/wp\/v2\/types\/post"}],"author":[{"embeddable":true,"href":"https:\/\/miradordeatarfe.es\/index.php?rest_route=\/wp\/v2\/users\/1"}],"replies":[{"embeddable":true,"href":"https:\/\/miradordeatarfe.es\/index.php?rest_route=%2Fwp%2Fv2%2Fcomments&post=66880"}],"version-history":[{"count":3,"href":"https:\/\/miradordeatarfe.es\/index.php?rest_route=\/wp\/v2\/posts\/66880\/revisions"}],"predecessor-version":[{"id":66885,"href":"https:\/\/miradordeatarfe.es\/index.php?rest_route=\/wp\/v2\/posts\/66880\/revisions\/66885"}],"wp:featuredmedia":[{"embeddable":true,"href":"https:\/\/miradordeatarfe.es\/index.php?rest_route=\/wp\/v2\/media\/66882"}],"wp:attachment":[{"href":"https:\/\/miradordeatarfe.es\/index.php?rest_route=%2Fwp%2Fv2%2Fmedia&parent=66880"}],"wp:term":[{"taxonomy":"category","embeddable":true,"href":"https:\/\/miradordeatarfe.es\/index.php?rest_route=%2Fwp%2Fv2%2Fcategories&post=66880"},{"taxonomy":"post_tag","embeddable":true,"href":"https:\/\/miradordeatarfe.es\/index.php?rest_route=%2Fwp%2Fv2%2Ftags&post=66880"}],"curies":[{"name":"wp","href":"https:\/\/api.w.org\/{rel}","templated":true}]}}