{"id":66887,"date":"2024-02-02T09:31:11","date_gmt":"2024-02-02T08:31:11","guid":{"rendered":"https:\/\/miradordeatarfe.es\/?p=66887"},"modified":"2024-02-01T10:35:58","modified_gmt":"2024-02-01T09:35:58","slug":"maria-angeles-gines-burgueno-nueva-directora-del-museo-arqueologico-de-granada","status":"publish","type":"post","link":"https:\/\/miradordeatarfe.es\/?p=66887","title":{"rendered":"Mar\u00eda \u00c1ngeles Gin\u00e9s Burgue\u00f1o, nueva directora del Museo Arqueol\u00f3gico de Granada"},"content":{"rendered":"<h3 class=\"v-a-sub-t\" style=\"text-align: justify;\">Entre los retos a los que se enfrenta est\u00e1 la materializaci\u00f3n del Plan Museol\u00f3gico y del Programa Arquitect\u00f3nico tan necesarios para el Museo Arqueol\u00f3gico y que a\u00fan no se han llevado a cabo<\/h3>\n<p class=\"v-p\" style=\"text-align: justify;\">La arque\u00f3loga Mar\u00eda de los \u00c1ngeles Gin\u00e9s Burgue\u00f1o es la nueva directora del Museo Arqueol\u00f3gico y Etnol\u00f3gico de Granada. El Bolet\u00edn Oficial de la Junta de Andaluc\u00eda (BOJA) ha publicadoe este martes su nombramiento por concurso p\u00fablico<\/p>\n<p class=\"v-p\" style=\"text-align: justify;\">Burgue\u00f1o es licenciada en Geograf\u00eda e Historia, graduada en Historia del Arte y posee un M\u00e1ster en Gesti\u00f3n Cultural. Funcionaria del Cuerpo Superior Facultativo de Conservadores del Patrimonio Hist\u00f3rico, especialidad de arqueolog\u00eda, desde el a\u00f1o 2007.<\/p>\n<p class=\"v-p\" style=\"text-align: justify;\">Inici\u00f3 su dilatada carrera en la entonces Delegaci\u00f3n Territorial de Cultura (2003) al amparo de una beca de investigaci\u00f3n de la Consejer\u00eda de Cultura y la Universidad de Granada, en el marco del III Plan Andaluz de Investigaci\u00f3n. Como conservadora del Patrimonio Hist\u00f3rico, ha desarrollado su labor en las provincias de Ja\u00e9n y Granada como inspectora de numerosas intervenciones arqueol\u00f3gicas que la hace muy conocedora del potencial de los yacimientos arqueol\u00f3gicos de la provincia y de los materiales vinculados a ellos. En ambas provincias ha desempe\u00f1ado el puesto de Jefa de Departamento de Protecci\u00f3n del Patrimonio Hist\u00f3rico, puesto que ocupaba en la actualidad en la de Granada y en virtud de la que era miembro de la Comisi\u00f3n Provincial de Patrimonio Hist\u00f3rico<\/p>\n<p class=\"v-p\" style=\"text-align: justify;\">En los \u00faltimos a\u00f1os ha desarrollado una intensa labor en la instituci\u00f3n Provincial de Granada, elaborando programas de difusi\u00f3n para las Jornadas Europeas de Patrimonio y las Jornadas Europeas de Arqueolog\u00eda. Asimismo, ha abierto nuevas f\u00f3rmulas de colaboraci\u00f3n entre empresas, ayuntamientos y Universidad de Granada, gestando diversas c\u00e1tedras de mecenazgo que permiten reanudar din\u00e1micas de intervenci\u00f3n e investigaci\u00f3n en yacimientos arqueol\u00f3gicos: C\u00e1tedra G\u00f3mez Moreno en Medina Elvira (Atarfe), C\u00e1tedra Ilurco -Cerro de los Infantes (Pinos Puente), C\u00e1tedra Cortijo del Canal (Albolote) o C\u00e1tedra La Puente de Pinos Puente (Pinos Puente). Labor que ha llevado a cabo obteniendo el mecenazgo de empresas energ\u00e9ticas a las que ha comprometido con los yacimientos.<\/p>\n<p class=\"v-p\" style=\"text-align: justify;\">Entre los retos a los que se enfrenta est\u00e1 la materializaci\u00f3n del Plan Museol\u00f3gico y del Programa Arquitect\u00f3nico tan necesarios para el Museo Arqueol\u00f3gico y que a\u00fan no se han llevado a cabo, la ampliaci\u00f3n de varias salas de exposici\u00f3n permanente en la Casa de Castril, y la consolidaci\u00f3n de la Casa de Latorre como espacio de servicios y administraci\u00f3n del Museo. Tambi\u00e9n ser\u00e1 prioritaria la adecuaci\u00f3n de un almac\u00e9n de bienes patrimoniales, en especial arqueol\u00f3gicos en los que centralizar tres elementos claves: dep\u00f3sito, taller de restauraci\u00f3n y centro de investigaci\u00f3n arqueol\u00f3gica. La continuidad y el acrecentamiento de programas educativos y de difusi\u00f3n sobre la arqueolog\u00eda granadina ser\u00e1 otra tarea a desarrollar.<\/p>\n<p><strong>Ideal<\/strong><\/p>\n<p><span class=\"v-fc__text\">FOTO: Mar\u00eda \u00c1ngeles Gin\u00e9s Burgue\u00f1o.<\/span> <span class=\"v-fc__ath\">Ideal<\/span><\/p>\n<p>https:\/\/www.ideal.es\/culturas\/maria-angeles-gines-burgueno-nueva-directora-museo-20240130132220-nt.html<\/p>\n<article class=\"v-a v-a--d v-a--d-bs v-a--p-b\">\n<div class=\"v-a-info-c \">\n<h2 class=\"v-a-sub-t\">\u00a0<\/h2>\n<\/div>\n<\/article>\n<div class=\"v-d v-d--ab-c v-d--bs\">\n<div class=\"v-mdl-ath \" data-voc-component=\"viewport-not-visible\">\n<div class=\"v-mdl-ath__c v-mdl-ath__c--1\">\n<div class=\"v-mdl-ath__inf\">\n<p class=\"v-mdl-ath__p v-mdl-ath__p--2\"><strong>\u00a0<\/strong><\/p>\n<\/div>\n<\/div>\n<\/div>\n<\/div>\n","protected":false},"excerpt":{"rendered":"<p>Entre los retos a los que se enfrenta est\u00e1 la materializaci\u00f3n del Plan Museol\u00f3gico y&#8230;<\/p>\n","protected":false},"author":1,"featured_media":66889,"comment_status":"closed","ping_status":"closed","sticky":false,"template":"","format":"standard","meta":{"_coblocks_attr":"","_coblocks_dimensions":"","_coblocks_responsive_height":"","_coblocks_accordion_ie_support":"","jetpack_post_was_ever_published":false,"_jetpack_newsletter_access":"","_jetpack_dont_email_post_to_subs":false,"_jetpack_newsletter_tier_id":0,"_jetpack_memberships_contains_paywalled_content":false,"_jetpack_memberships_contains_paid_content":false,"footnotes":"","jetpack_publicize_message":"","jetpack_publicize_feature_enabled":true,"jetpack_social_post_already_shared":true,"jetpack_social_options":{"image_generator_settings":{"template":"highway","default_image_id":0,"enabled":false},"version":2}},"categories":[2,186,10431,44],"tags":[],"class_list":["post-66887","post","type-post","status-publish","format-standard","has-post-thumbnail","hentry","category-atarfe","category-instituciones","category-medina-elvira-2","category-noticias-de-hoy"],"jetpack_publicize_connections":[],"jetpack_featured_media_url":"https:\/\/i0.wp.com\/miradordeatarfe.es\/wp-content\/uploads\/2024\/02\/burgueno-kRJI-U2101385256084KPE-1200x840%40Ideal.webp?fit=1182%2C840&ssl=1","jetpack_likes_enabled":true,"jetpack_sharing_enabled":true,"_links":{"self":[{"href":"https:\/\/miradordeatarfe.es\/index.php?rest_route=\/wp\/v2\/posts\/66887","targetHints":{"allow":["GET"]}}],"collection":[{"href":"https:\/\/miradordeatarfe.es\/index.php?rest_route=\/wp\/v2\/posts"}],"about":[{"href":"https:\/\/miradordeatarfe.es\/index.php?rest_route=\/wp\/v2\/types\/post"}],"author":[{"embeddable":true,"href":"https:\/\/miradordeatarfe.es\/index.php?rest_route=\/wp\/v2\/users\/1"}],"replies":[{"embeddable":true,"href":"https:\/\/miradordeatarfe.es\/index.php?rest_route=%2Fwp%2Fv2%2Fcomments&post=66887"}],"version-history":[{"count":1,"href":"https:\/\/miradordeatarfe.es\/index.php?rest_route=\/wp\/v2\/posts\/66887\/revisions"}],"predecessor-version":[{"id":66888,"href":"https:\/\/miradordeatarfe.es\/index.php?rest_route=\/wp\/v2\/posts\/66887\/revisions\/66888"}],"wp:featuredmedia":[{"embeddable":true,"href":"https:\/\/miradordeatarfe.es\/index.php?rest_route=\/wp\/v2\/media\/66889"}],"wp:attachment":[{"href":"https:\/\/miradordeatarfe.es\/index.php?rest_route=%2Fwp%2Fv2%2Fmedia&parent=66887"}],"wp:term":[{"taxonomy":"category","embeddable":true,"href":"https:\/\/miradordeatarfe.es\/index.php?rest_route=%2Fwp%2Fv2%2Fcategories&post=66887"},{"taxonomy":"post_tag","embeddable":true,"href":"https:\/\/miradordeatarfe.es\/index.php?rest_route=%2Fwp%2Fv2%2Ftags&post=66887"}],"curies":[{"name":"wp","href":"https:\/\/api.w.org\/{rel}","templated":true}]}}