{"id":66890,"date":"2024-02-03T11:16:52","date_gmt":"2024-02-03T10:16:52","guid":{"rendered":"https:\/\/miradordeatarfe.es\/?p=66890"},"modified":"2024-02-03T11:16:07","modified_gmt":"2024-02-03T10:16:07","slug":"atarfe-conmemora-el-4-de-febrero-dia-internacional-contra-el-cancer","status":"publish","type":"post","link":"https:\/\/miradordeatarfe.es\/?p=66890","title":{"rendered":"ATARFE  CONMEMORA EL 4 DE FEBRERO D\u00cdA INTERNACIONAL CONTRA EL C\u00c1NCER"},"content":{"rendered":"<div class=\"\" dir=\"auto\">\n<div id=\":R1al9aqqd9emhpapd5aqH2:\" class=\"x1iorvi4 x1pi30zi x1l90r2v x1swvt13\" data-ad-comet-preview=\"message\" data-ad-preview=\"message\">\n<div class=\"x78zum5 xdt5ytf xz62fqu x16ldp7u\">\n<div class=\"xu06os2 x1ok221b\">\n<div class=\"xdj266r x11i5rnm xat24cr x1mh8g0r x1vvkbs x126k92a\">\n<h3 dir=\"auto\" style=\"text-align: justify;\">El 1 de febrero con motivo de la conmemoraci\u00f3n del D\u00eda Mundial Contra el C\u00e1ncer ( el\u00a0 4 de febrero) la <a class=\"x1i10hfl xjbqb8w x1ejq31n xd10rxx x1sy0etr x17r0tee x972fbf xcfux6l x1qhh985 xm0m39n x9f619 x1ypdohk xt0psk2 xe8uvvx xdj266r x11i5rnm xat24cr x1mh8g0r xexx8yu x4uap5 x18d9i69 xkhd6sd x16tdsg8 x1hl2dhg xggy1nq x1a2a7pz xt0b8zv x1fey0fg xo1l8bm\" tabindex=\"0\" role=\"link\" href=\"https:\/\/www.facebook.com\/profile.php?id=100079667886263&amp;__cft__[0]=AZWn_5nOiTwgBhY0IBoShehSg7AItMrQUhMuX99lNLH903iD98i7h_yGb_OGaibbRP-rX8krvNC5RpKCdOQf8F0Ba602KfuQtmjgGG9-5qG0WSyuxbMqXYOuLKc-E5-VJEk&amp;__tn__=-]K-R\"><span class=\"xt0psk2\">Junta Local Atarfe Aecc<\/span><\/a> puso una mesa informativa y de cuestaci\u00f3n de 10 a 13 horas en la fachada de oficinas generales del Ayuntamiento de Atarfe .<\/h3>\n<div dir=\"auto\" style=\"text-align: justify;\">Se ley\u00f3\u00a0 a las 12 de la ma\u00f1ana en la Plaza de Espa\u00f1a, el manifiesto que desde la Asociaci\u00f3n Espa\u00f1ola Contra el C\u00e1ncer se ha realizado al respecto, y se le dedicaron unas palabras emotivas despidiendo a un gran hombre, nuestro querido compa\u00f1ero Manolo, cari\u00f1osamente conocido como el ruso o Manolo el de Carmina.Manolo era voluntario de la Junta Local Atarfe Aecc, un hombre cari\u00f1oso, alegre, servicial , gran artista, de sus manos sal\u00edan maravillosas piezas para decorar o abalorios para presumir con ellos puestos, se pasaba el tiempo haci\u00e9ndolos para luego al venderlos contribuir con ello en diversos proyectos de investigaci\u00f3n contra el c\u00e1ncer.<\/div>\n<div dir=\"auto\">\u00a0<\/div>\n<div dir=\"auto\" style=\"text-align: justify;\">Yolanda Fern\u00e1ndez nuestra alcaldesa , Javier Arenas, concejal de Participaci\u00f3n Ciudadana y Celia Jim\u00e9nez Moles, presidenta de la <span class=\"xt0psk2\">Junta Local Atarfe Aecc<\/span> leyeron el manifiesto.<\/div>\n<div dir=\"auto\"><a href=\"https:\/\/i0.wp.com\/miradordeatarfe.es\/wp-content\/uploads\/2024\/02\/IMG20240201120617-scaled.jpg?ssl=1\"><img data-recalc-dims=\"1\" loading=\"lazy\" decoding=\"async\" class=\"wp-image-66892 size-large alignleft\" src=\"https:\/\/i0.wp.com\/miradordeatarfe.es\/wp-content\/uploads\/2024\/02\/IMG20240201120617.jpg?resize=640%2C482&#038;ssl=1\" alt=\"\" width=\"640\" height=\"482\" srcset=\"https:\/\/i0.wp.com\/miradordeatarfe.es\/wp-content\/uploads\/2024\/02\/IMG20240201120617-scaled.jpg?resize=1024%2C771&amp;ssl=1 1024w, https:\/\/i0.wp.com\/miradordeatarfe.es\/wp-content\/uploads\/2024\/02\/IMG20240201120617-scaled.jpg?resize=300%2C226&amp;ssl=1 300w, https:\/\/i0.wp.com\/miradordeatarfe.es\/wp-content\/uploads\/2024\/02\/IMG20240201120617-scaled.jpg?resize=768%2C578&amp;ssl=1 768w, https:\/\/i0.wp.com\/miradordeatarfe.es\/wp-content\/uploads\/2024\/02\/IMG20240201120617-scaled.jpg?resize=1536%2C1157&amp;ssl=1 1536w, https:\/\/i0.wp.com\/miradordeatarfe.es\/wp-content\/uploads\/2024\/02\/IMG20240201120617-scaled.jpg?resize=2048%2C1542&amp;ssl=1 2048w, https:\/\/i0.wp.com\/miradordeatarfe.es\/wp-content\/uploads\/2024\/02\/IMG20240201120617-scaled.jpg?resize=1320%2C994&amp;ssl=1 1320w, https:\/\/i0.wp.com\/miradordeatarfe.es\/wp-content\/uploads\/2024\/02\/IMG20240201120617-scaled.jpg?w=1920&amp;ssl=1 1920w\" sizes=\"auto, (max-width: 640px) 100vw, 640px\" \/><\/a><\/div>\n<div dir=\"auto\" style=\"text-align: justify;\">Este a\u00f1o la campa\u00f1a tiene como lema<strong>\u00bb \u00danete al lazo solidario contra el c\u00e1ncer para alcanzar el 70% de supervivencia\u00bb<\/strong>. Se trata de una iniciativa en la que se implica a los distintos clubes deportivos que llevar\u00e1n en sus competiciones un brazalete , as\u00ed en nuestro municipio lo har\u00e1n entre otros, el Atarfe Industrial, Club de Baloncesto, Club de voleibol y otros muchos m\u00e1s deportistas.<\/div>\n<div dir=\"auto\">\n<div class=\"nectar-responsive-text font_size_desktop_18px\">\n<p style=\"text-align: justify;\">En 2030, 1 de cada 2 hombres y 1 de cada 3 mujeres tendr\u00e1 c\u00e1ncer. En Espa\u00f1a cada hora se diagnostican 32 nuevos casos y es la segunda causa de muerte en nuestro pa\u00eds. El \u00edndice de supervivencia se ha estancado en los \u00faltimos a\u00f1os y est\u00e1 en 51% siendo en algunos tipos de c\u00e1ncer mucho menor.<\/p>\n<p style=\"text-align: justify;\">Es necesario multiplicar el esfuerzo en la lucha contra el c\u00e1ncer si queremos que estas cifras cambien.<\/p>\n<p style=\"text-align: justify;\"><strong>\u2018Todos Contra el C\u00e1ncer\u2019<\/strong>, tiene como objetivo <strong>concienciar y movilizar a la sociedad espa\u00f1ola sobre la importancia de sumar los recursos y las capacidades de todos en torno a un gran programa de acci\u00f3n contra el c\u00e1ncer, que incremente los recursos disponibles para proyectos de prevenci\u00f3n, investigaci\u00f3n, atenci\u00f3n y divulgaci\u00f3n<\/strong>.<\/p>\n<p style=\"text-align: justify;\">\u2018Todos Contra el C\u00e1ncer\u2019 <a href=\"https:\/\/www.boe.es\/boe\/dias\/2022\/08\/15\/pdfs\/BOE-A-2022-13724.pdf\" target=\"_blank\" rel=\"noopener\">ha sido declarado como Acontecimiento de Excepcional Inter\u00e9s P\u00fablico, (2022-2024) por el Gobierno de Espa\u00f1a<\/a>. Es el momento de dar el primer paso para conseguir cambiar las cifras, \u2018<strong>Todos Contra el C\u00e1ncer\u2019<\/strong>\u00a0tiene un <strong>objetivo: alcanzar el 70% de la supervivencia en c\u00e1ncer en Espa\u00f1a para 2030.<\/strong><\/p>\n<p style=\"text-align: justify;\">Por todo ello, los firmantes de este manifiesto unen sus esfuerzos para impulsar el proyecto \u2018<strong>Todos Contra el C\u00e1ncer\u2019<\/strong>\u00a0y as\u00ed conseguir los siguientes retos:<\/p>\n<p style=\"text-align: justify;\"><strong>1. Divulgaci\u00f3n:<\/strong> <strong>Visibilizar el c\u00e1ncer<\/strong> y su impacto en la sociedad buscando la <strong>movilizaci\u00f3n social<\/strong> en torno a la causa c\u00e1ncer.<\/p>\n<p style=\"text-align: justify;\"><strong>2. Prevenci\u00f3n:<\/strong> Incrementar la <strong>concienciaci\u00f3n<\/strong> social sobre la <strong>prevenci\u00f3n y detecci\u00f3n precoz<\/strong> del c\u00e1ncer, fomentando la adopci\u00f3n de h\u00e1bitos de vida saludables y participaci\u00f3n en programas de detecci\u00f3n precoz por parte de la sociedad.<\/p>\n<p style=\"text-align: justify;\"><strong>3. Atenci\u00f3n:<\/strong> Incrementar la <strong>atenci\u00f3n a pacientes y familiares<\/strong> para mitigar y paliar las necesidades cl\u00ednicas y no cl\u00ednicas.<\/p>\n<p style=\"text-align: justify;\"><strong>4. Investigaci\u00f3n:<\/strong> incrementar recursos destinados a la <strong>investigaci\u00f3n oncol\u00f3gica<\/strong> para que aumente la tasa de supervivencia en c\u00e1ncer, buscando la excelencia y la traslacionalidad, de forma que los resultados lleguen al paciente.<\/p>\n<p style=\"text-align: justify;\"><strong>Lo que hagamos hoy puede cambiar nuestro ma\u00f1ana.<\/strong><\/p>\n<p><strong>\u2018Todos Contra el C\u00e1ncer\u2019<\/strong><\/p>\n<\/div>\n<\/div>\n<div dir=\"auto\">4 de Febrero D\u00eda Mundial Contra el C\u00e1ncer.<\/div>\n<div dir=\"auto\">Todos Contra el C\u00e1ncer<\/div>\n<\/div>\n<div dir=\"auto\">\u00a0<\/div>\n<div dir=\"auto\">\u00a0<\/div>\n<div dir=\"auto\"><strong><span class=\"x193iq5w xeuugli x13faqbe x1vvkbs x1xmvt09 x1lliihq x1s928wv xhkezso x1gmr53x x1cpjm7i x1fgarty x1943h6x xudqn12 x3x7a5m x6prxxf xvq8zen xo1l8bm xzsf02u x1yc453h\" dir=\"auto\">Despedida a un gran hombre, nuestro querido compa\u00f1ero Manolo, cari\u00f1osamente conocido como el ruso o Manolo el de Carmina.<\/span><\/strong><\/div>\n<div dir=\"auto\">\u00a0<\/div>\n<div class=\"xdj266r x11i5rnm xat24cr x1mh8g0r x1vvkbs x126k92a\">\n<div dir=\"auto\"><a href=\"https:\/\/i0.wp.com\/miradordeatarfe.es\/wp-content\/uploads\/2024\/02\/424554106_375503105115283_3726800654453020000_n.jpg?ssl=1\"><img data-recalc-dims=\"1\" loading=\"lazy\" decoding=\"async\" class=\"alignnone wp-image-66891 size-full\" src=\"https:\/\/i0.wp.com\/miradordeatarfe.es\/wp-content\/uploads\/2024\/02\/424554106_375503105115283_3726800654453020000_n.jpg?resize=640%2C480&#038;ssl=1\" alt=\"\" width=\"640\" height=\"480\" srcset=\"https:\/\/i0.wp.com\/miradordeatarfe.es\/wp-content\/uploads\/2024\/02\/424554106_375503105115283_3726800654453020000_n.jpg?w=1600&amp;ssl=1 1600w, https:\/\/i0.wp.com\/miradordeatarfe.es\/wp-content\/uploads\/2024\/02\/424554106_375503105115283_3726800654453020000_n.jpg?resize=300%2C225&amp;ssl=1 300w, https:\/\/i0.wp.com\/miradordeatarfe.es\/wp-content\/uploads\/2024\/02\/424554106_375503105115283_3726800654453020000_n.jpg?resize=1024%2C768&amp;ssl=1 1024w, https:\/\/i0.wp.com\/miradordeatarfe.es\/wp-content\/uploads\/2024\/02\/424554106_375503105115283_3726800654453020000_n.jpg?resize=768%2C576&amp;ssl=1 768w, https:\/\/i0.wp.com\/miradordeatarfe.es\/wp-content\/uploads\/2024\/02\/424554106_375503105115283_3726800654453020000_n.jpg?resize=1536%2C1152&amp;ssl=1 1536w, https:\/\/i0.wp.com\/miradordeatarfe.es\/wp-content\/uploads\/2024\/02\/424554106_375503105115283_3726800654453020000_n.jpg?resize=1320%2C990&amp;ssl=1 1320w\" sizes=\"auto, (max-width: 640px) 100vw, 640px\" \/><\/a><\/div>\n<\/div>\n<\/div>\n<\/div>\n<\/div>\n<\/div>\n","protected":false},"excerpt":{"rendered":"<p>El 1 de febrero con motivo de la conmemoraci\u00f3n del D\u00eda Mundial Contra el C\u00e1ncer&#8230;<\/p>\n","protected":false},"author":1,"featured_media":66893,"comment_status":"closed","ping_status":"closed","sticky":false,"template":"","format":"standard","meta":{"_coblocks_attr":"","_coblocks_dimensions":"","_coblocks_responsive_height":"","_coblocks_accordion_ie_support":"","jetpack_post_was_ever_published":false,"_jetpack_newsletter_access":"","_jetpack_dont_email_post_to_subs":false,"_jetpack_newsletter_tier_id":0,"_jetpack_memberships_contains_paywalled_content":false,"_jetpack_memberships_contains_paid_content":false,"footnotes":"","jetpack_publicize_message":"","jetpack_publicize_feature_enabled":true,"jetpack_social_post_already_shared":false,"jetpack_social_options":{"image_generator_settings":{"template":"highway","default_image_id":0,"enabled":false},"version":2}},"categories":[2,1161,186,44],"tags":[],"class_list":["post-66890","post","type-post","status-publish","format-standard","has-post-thumbnail","hentry","category-atarfe","category-ciudadania","category-instituciones","category-noticias-de-hoy"],"jetpack_publicize_connections":[],"jetpack_featured_media_url":"https:\/\/i0.wp.com\/miradordeatarfe.es\/wp-content\/uploads\/2024\/02\/IMG20240201115936-scaled.jpg?fit=2560%2C1928&ssl=1","jetpack_likes_enabled":true,"jetpack_sharing_enabled":true,"_links":{"self":[{"href":"https:\/\/miradordeatarfe.es\/index.php?rest_route=\/wp\/v2\/posts\/66890","targetHints":{"allow":["GET"]}}],"collection":[{"href":"https:\/\/miradordeatarfe.es\/index.php?rest_route=\/wp\/v2\/posts"}],"about":[{"href":"https:\/\/miradordeatarfe.es\/index.php?rest_route=\/wp\/v2\/types\/post"}],"author":[{"embeddable":true,"href":"https:\/\/miradordeatarfe.es\/index.php?rest_route=\/wp\/v2\/users\/1"}],"replies":[{"embeddable":true,"href":"https:\/\/miradordeatarfe.es\/index.php?rest_route=%2Fwp%2Fv2%2Fcomments&post=66890"}],"version-history":[{"count":2,"href":"https:\/\/miradordeatarfe.es\/index.php?rest_route=\/wp\/v2\/posts\/66890\/revisions"}],"predecessor-version":[{"id":66895,"href":"https:\/\/miradordeatarfe.es\/index.php?rest_route=\/wp\/v2\/posts\/66890\/revisions\/66895"}],"wp:featuredmedia":[{"embeddable":true,"href":"https:\/\/miradordeatarfe.es\/index.php?rest_route=\/wp\/v2\/media\/66893"}],"wp:attachment":[{"href":"https:\/\/miradordeatarfe.es\/index.php?rest_route=%2Fwp%2Fv2%2Fmedia&parent=66890"}],"wp:term":[{"taxonomy":"category","embeddable":true,"href":"https:\/\/miradordeatarfe.es\/index.php?rest_route=%2Fwp%2Fv2%2Fcategories&post=66890"},{"taxonomy":"post_tag","embeddable":true,"href":"https:\/\/miradordeatarfe.es\/index.php?rest_route=%2Fwp%2Fv2%2Ftags&post=66890"}],"curies":[{"name":"wp","href":"https:\/\/api.w.org\/{rel}","templated":true}]}}