{"id":66896,"date":"2024-02-02T10:45:07","date_gmt":"2024-02-02T09:45:07","guid":{"rendered":"https:\/\/miradordeatarfe.es\/?p=66896"},"modified":"2024-02-02T10:48:54","modified_gmt":"2024-02-02T09:48:54","slug":"apuntate-y-preparate-para-el-desfile-y-el-concurso-de-disfraces-del-carnaval","status":"publish","type":"post","link":"https:\/\/miradordeatarfe.es\/?p=66896","title":{"rendered":"\u00a1Ap\u00fantate  y Prep\u00e1rate para el Desfile y el Concurso de Disfraces del Carnaval!"},"content":{"rendered":"<div class=\"post-meta\">\n<h3>La Concejal\u00eda de Fiestas del Ayuntamiento de Atarfe organiza y convoca \u201cel desfile y concurso de disfraces\u201d con motivo de la celebraci\u00f3n del Carnaval 2024, con la finalidad de promover la\u00a0 participaci\u00f3n de la poblaci\u00f3n de Atarfe.<\/h3>\n<p>\u00a0Podr\u00e1n participar en el concurso en la modalidad de individual\/pareja o grupo, todas las personas o colectivos mayores de 13 a\u00f1os, o menores acompa\u00f1ados de un adulto, que se hayan inscrito<br \/>\npreviamente para su participaci\u00f3n en dicho concurso, cumplir con los requisitos que se indican y realizar el recorrido oficial del desfile.<\/p>\n<p><strong>Inscripci\u00f3n individual\/pareja:<\/strong><br \/>\n&#8211; Infantil: 13 a\u00f1os o menos.<br \/>\n<strong>Inscripci\u00f3n grupo<\/strong>: se entender\u00e1 por grupo, aquellos colectivos con m\u00ednimo 3 personas que elaboren un disfraz con la misma tem\u00e1tica para todos sus componentes. Ser\u00e1 requisito indispensable llevar la identificaci\u00f3n que la organizaci\u00f3n le proporcione y realizar el recorrido completo del desfile carnavalesco.<\/p>\n<p>Para que se celebre la actividad deber\u00e1 haber m\u00ednimo <em>5 inscripciones por modalidad.<\/em><\/p>\n<p>. Las personas participantes deber\u00e1n concentrarse en los aparcamientos detr\u00e1s del Espacio Joven el domingo <strong>d\u00eda 11 de febrero a las 12.15 horas<\/strong>, desde donde el desfile iniciar\u00e1 su<br \/>\nrecorrido a las 12.45 horas.<\/p>\n<p>Las personas participantes deber\u00e1n respetar el orden asignado por el personal encargado de la organizaci\u00f3n, que ser\u00e1 seg\u00fan el orden de inscripci\u00f3n a dicho concurso, en primer lugar, las personas participantes individual\/parejas y a continuaci\u00f3n, los grupales, seguir las instrucciones del mismo y realizar todo el recorrido. El incumplimiento de cualquiera de estas normas, ser\u00e1 motivo de exclusi\u00f3n.<\/p>\n<p>Tercera. Inscripciones (modelo anexo I, estar\u00e1 disponible en<a href=\"http:\/\/www.atarfe.es\/carnaval-2024\"> www.atarfe.es\/carnaval-2024<\/a>).<\/p>\n<p>Se realizar\u00e1n desde el d\u00eda siguiente de la publicaci\u00f3n\u00a0 de las bases en la sede electr\u00f3nica del Ayuntamiento de Atarfe <strong>hasta el 8 de febrero, en el Centro C\u00edvico<\/strong>, sito en calle Peonia 6, en horario de 9 a 20 horas de lunes a viernes, o bien mandando la documentaci\u00f3n necesaria al correo <a href=\"mailto:juventud@atarfe.es\">juventud@atarfe.es<\/a> o por whatsApp<strong> 676484703<\/strong>, a las personas participantes se les entregar\u00e1 un n\u00famero de identificaci\u00f3n que tendr\u00e1n que llevar durante todo el desfile en un sitio visible.<\/p>\n<p>Las personas que participen en el concurso no podr\u00e1n inscribirse en m\u00e1s de una modalidad.<br \/>\nSi el participante es una entidad o asociaci\u00f3n se har\u00e1 constar as\u00ed en la solicitud, indicando sus datos (denominaci\u00f3n, CIF&#8230;), as\u00ed como los de la persona de contacto.<\/p>\n<\/div>\n<p>Fecha: <strong>Domingo 11 de Febrero<\/strong><br \/>\nHora de Salida: <strong>12:15<\/strong><br \/>\nLugar de Salida: E<strong>xplanada detr\u00e1s del Espacio Joven<\/strong><br \/>\nLlegada: <strong>Paseo de Santa Ana<\/strong><\/p>\n<p>\u00bfListos para la diversi\u00f3n? Este Carnaval ser\u00e1 inolvidable con nuestro Desfile y Concurso de Disfraces. \u00a1Prepara tu mejor disfraz y \u00fanete a la fiesta!<\/p>\n<p>Habr\u00e1 premios para en distintas categor\u00edas.<\/p>\n<p>Recuerda que la participaci\u00f3n en el concurso requiere inscripci\u00f3n previa. \u00a1No te lo pierdas y vive el Carnaval en Atarfe como nunca antes!<\/p>\n<p>Bases e inscripciones en los siguientes enlaces:<\/p>\n<p><a href=\"https:\/\/drive.google.com\/file\/d\/1B5ylDyiM50TGcJVv6Pnk20zphoSy1U1_\/view?usp=sharing\" target=\"_blank\" rel=\"noopener\">bases-desfile-concurso-disfraces-carnaval-2024.pdf<\/a><\/p>\n<p><a href=\"https:\/\/drive.google.com\/file\/d\/1ehohY6zXCqWIujNmZMHpkhG-Oi5hs3Kh\/view?usp=sharing\" target=\"_blank\" rel=\"noopener\">inscripcion-desfile-concurso-disfraces-carnaval-2024.pdf<\/a><\/p>\n<p><a href=\"https:\/\/drive.google.com\/file\/d\/1vVp2nf551tpnpDgzmEF69T8zWWbquQMp\/view?usp=sharing\" target=\"_blank\" rel=\"noopener\">inscripcion-jurado-desfile-concurso-disfraces-carnaval-2024.pdf<\/a><\/p>\n<p>&nbsp;<\/p>\n<p><a href=\"https:\/\/i0.wp.com\/miradordeatarfe.es\/wp-content\/uploads\/2024\/02\/web-cartel-desfile-y-concurso-de-disfraces-3.jpg?ssl=1\"><img data-recalc-dims=\"1\" loading=\"lazy\" decoding=\"async\" class=\"alignnone wp-image-66897 \" src=\"https:\/\/i0.wp.com\/miradordeatarfe.es\/wp-content\/uploads\/2024\/02\/web-cartel-desfile-y-concurso-de-disfraces-3.jpg?resize=640%2C906&#038;ssl=1\" alt=\"\" width=\"640\" height=\"906\" srcset=\"https:\/\/i0.wp.com\/miradordeatarfe.es\/wp-content\/uploads\/2024\/02\/web-cartel-desfile-y-concurso-de-disfraces-3.jpg?w=600&amp;ssl=1 600w, https:\/\/i0.wp.com\/miradordeatarfe.es\/wp-content\/uploads\/2024\/02\/web-cartel-desfile-y-concurso-de-disfraces-3.jpg?resize=212%2C300&amp;ssl=1 212w\" sizes=\"auto, (max-width: 640px) 100vw, 640px\" \/><\/a><\/p>\n","protected":false},"excerpt":{"rendered":"<p>La Concejal\u00eda de Fiestas del Ayuntamiento de Atarfe organiza y convoca \u201cel desfile y concurso&#8230;<\/p>\n","protected":false},"author":1,"featured_media":66898,"comment_status":"closed","ping_status":"closed","sticky":false,"template":"","format":"standard","meta":{"_coblocks_attr":"","_coblocks_dimensions":"","_coblocks_responsive_height":"","_coblocks_accordion_ie_support":"","jetpack_post_was_ever_published":false,"_jetpack_newsletter_access":"","_jetpack_dont_email_post_to_subs":false,"_jetpack_newsletter_tier_id":0,"_jetpack_memberships_contains_paywalled_content":false,"_jetpack_memberships_contains_paid_content":false,"footnotes":"","jetpack_publicize_message":"","jetpack_publicize_feature_enabled":true,"jetpack_social_post_already_shared":false,"jetpack_social_options":{"image_generator_settings":{"template":"highway","default_image_id":0,"enabled":false},"version":2}},"categories":[12,6916,186,44],"tags":[],"class_list":["post-66896","post","type-post","status-publish","format-standard","has-post-thumbnail","hentry","category-cultura","category-ayuntamiento-de-atarfe","category-instituciones","category-noticias-de-hoy"],"jetpack_publicize_connections":[],"jetpack_featured_media_url":"https:\/\/i0.wp.com\/miradordeatarfe.es\/wp-content\/uploads\/2024\/02\/web-cartel-desfile-y-concurso-de-disfraces-3-2.jpg?fit=600%2C332&ssl=1","jetpack_likes_enabled":true,"jetpack_sharing_enabled":true,"_links":{"self":[{"href":"https:\/\/miradordeatarfe.es\/index.php?rest_route=\/wp\/v2\/posts\/66896","targetHints":{"allow":["GET"]}}],"collection":[{"href":"https:\/\/miradordeatarfe.es\/index.php?rest_route=\/wp\/v2\/posts"}],"about":[{"href":"https:\/\/miradordeatarfe.es\/index.php?rest_route=\/wp\/v2\/types\/post"}],"author":[{"embeddable":true,"href":"https:\/\/miradordeatarfe.es\/index.php?rest_route=\/wp\/v2\/users\/1"}],"replies":[{"embeddable":true,"href":"https:\/\/miradordeatarfe.es\/index.php?rest_route=%2Fwp%2Fv2%2Fcomments&post=66896"}],"version-history":[{"count":1,"href":"https:\/\/miradordeatarfe.es\/index.php?rest_route=\/wp\/v2\/posts\/66896\/revisions"}],"predecessor-version":[{"id":66899,"href":"https:\/\/miradordeatarfe.es\/index.php?rest_route=\/wp\/v2\/posts\/66896\/revisions\/66899"}],"wp:featuredmedia":[{"embeddable":true,"href":"https:\/\/miradordeatarfe.es\/index.php?rest_route=\/wp\/v2\/media\/66898"}],"wp:attachment":[{"href":"https:\/\/miradordeatarfe.es\/index.php?rest_route=%2Fwp%2Fv2%2Fmedia&parent=66896"}],"wp:term":[{"taxonomy":"category","embeddable":true,"href":"https:\/\/miradordeatarfe.es\/index.php?rest_route=%2Fwp%2Fv2%2Fcategories&post=66896"},{"taxonomy":"post_tag","embeddable":true,"href":"https:\/\/miradordeatarfe.es\/index.php?rest_route=%2Fwp%2Fv2%2Ftags&post=66896"}],"curies":[{"name":"wp","href":"https:\/\/api.w.org\/{rel}","templated":true}]}}