{"id":66906,"date":"2024-02-04T10:08:12","date_gmt":"2024-02-04T09:08:12","guid":{"rendered":"https:\/\/miradordeatarfe.es\/?p=66906"},"modified":"2024-02-04T19:33:08","modified_gmt":"2024-02-04T18:33:08","slug":"paz-en-la-escuela-por-juan-santaella","status":"publish","type":"post","link":"https:\/\/miradordeatarfe.es\/?p=66906","title":{"rendered":"\u00abPaz en la escuela\u00bb por Juan Santaella"},"content":{"rendered":"<div class=\"v-c\" data-mrf-recirculation=\"Apertura\">\n<div class=\"v-g v-g--ab-c\">\n<div class=\"v-g__c\">\n<article class=\"v-a v-a--d v-a--d-opn\">\n<div class=\"v-a-info-c \" data-voc-adbd-layer=\"\">\n<h3 class=\"v-a-sub-t\" style=\"text-align: justify;\">El 30 de enero se celebr\u00f3 en los centros educativos el D\u00eda Escolar de la No Violencia y la Paz<\/h3>\n<p class=\"v-a-sub-t\" style=\"text-align: justify;\">Ese d\u00eda, tradicionalmente, los centros organizan m\u00faltiples actividades sobre la paz: exposiciones, carteles, mesas redondas, proyecciones\u2026, mediante las cuales se hace reflexionar al alumno sobre esta materia. \u00abNo hay camino para la paz, la paz es el camino\u00bb (Gandhi).<\/p>\n<\/div>\n<\/article>\n<\/div>\n<\/div>\n<\/div>\n<p class=\"v-p\" style=\"text-align: justify;\">Las autoridades educativas nunca hab\u00edan dado orientaciones sobre qu\u00e9 materia deb\u00eda ser objeto de an\u00e1lisis en esta fecha, salvo este a\u00f1o que la Consejer\u00eda de Educaci\u00f3n de la Junta ha enviado una circular a los centros en la que propon\u00eda debatir sobre \u00abel terrorismo de ETA\u00bb, cuando este tema no preocupa a los espa\u00f1oles, seg\u00fan la encuesta del CIS, puesto que este grupo criminal ya no existe.<\/p>\n<p class=\"v-p\" style=\"text-align: justify;\">A ra\u00edz de esa circular, procede puntualizar lo siguiente:<\/p>\n<p class=\"v-p\" style=\"text-align: justify;\">1.-Un centro educativo es un microcosmos, conectado con la realidad, en el que alumnos, profesores y padres crean un \u00e1mbito de convivencia, entendimiento y acuerdos para educar al alumno en libertad, intentando que sea cr\u00edtico ante las contradicciones del sistema; y aut\u00f3nomo, con criterio propio. Por eso, cuanto menos meta su mano la autoridad acad\u00e9mica en los centros, mayor libertad se respirar\u00e1 en \u00e9l. Un centro educativo debe tener autonom\u00eda para organizarse, marcar su l\u00ednea pedag\u00f3gica, adaptar su curr\u00edculum y programar sus actividades lectivas y no lectivas, bajo la supervisi\u00f3n del consejo escolar, m\u00e1xima autoridad del centro.<\/p>\n<p class=\"v-p\" style=\"text-align: justify;\">2.-La grandeza de los centros est\u00e1 en la diversidad de pensamiento de sus miembros, porque eso permite al alumno observar visiones diferentes del mundo, y enriquece a la comunidad porque se ve obligada a contrastar, debatir y acordar. En cualquier centro, es mejor la diversidad de criterio y la libertad de c\u00e1tedra, que la uniformidad paralizante.<\/p>\n<p class=\"v-p\" style=\"text-align: justify;\">3.-No entiendo por qu\u00e9 para hablar de la paz hay que referirse solo a ETA, y no, tambi\u00e9n, a la matanza de Atocha (24 de enero de 1977), a la Desband\u00e1 o a la ley de Memoria Democr\u00e1tica (nacional o de la Comunidad Aut\u00f3noma). Adem\u00e1s, estos temas forman parte del curr\u00edculum escolar y deben ser motivo de estudio en Historia de Espa\u00f1a.<\/p>\n<p class=\"v-p\" style=\"text-align: justify;\">4.- Sorprende que se invite a reflexionar sobre ETA, precisamente el a\u00f1o en que el mundo entero asiste horrorizado a matanzas televisadas de ni\u00f1os, mujeres y ancianos en la franja de Gaza, en la que hay que abominar del terrorismo salvaje de Ham\u00e1s, pero criticar duramente la respuesta del Gobierno de Israel, que, bajo el pretexto de perseguir a estos terroristas, est\u00e1 arrasando al pueblo palestino: de los m\u00e1s de 25.000 muertos, la mitad son ni\u00f1os y ni\u00f1as inocentes, que nada tienen que ver con Ham\u00e1s, y a los que se les est\u00e1 robando su dignidad, su educaci\u00f3n, su futuro y su vida.<\/p>\n<p class=\"v-p\" style=\"text-align: justify;\">5.- Por \u00faltimo, esta circular coincide con un contexto pol\u00edtico muy polarizado, con un duro enfrentamiento entre PP y PSOE, a prop\u00f3sito de ETA. El primero denuncia al segundo por pactar con Bildu, al que identifican con ETA (aunque \u00e9sta se disolvi\u00f3 en 2011); y llaman al PSOE filoetarra. Por ello, no permitamos que los ni\u00f1os de nuestro pa\u00eds se contaminen con las disputas partidistas tan agresivas que padecemos. Por el contrario, facilit\u00e9mosles que aprendan a dialogar, a discutir con argumentos, a decidir con razones, a pensar libremente, y a respetarse, porque eso ser\u00e1 lo mejor para el futuro de Espa\u00f1a.<\/p>\n<p><strong>Juan Santaella<\/strong><\/p>\n<p>&nbsp;<\/p>\n<p>https:\/\/www.ideal.es\/opinion\/juan-santaella-paz-escuela-20240201231409-nt.html<\/p>\n","protected":false},"excerpt":{"rendered":"<p>El 30 de enero se celebr\u00f3 en los centros educativos el D\u00eda Escolar de la&#8230;<\/p>\n","protected":false},"author":1,"featured_media":66907,"comment_status":"closed","ping_status":"closed","sticky":false,"template":"","format":"standard","meta":{"_coblocks_attr":"","_coblocks_dimensions":"","_coblocks_responsive_height":"","_coblocks_accordion_ie_support":"","jetpack_post_was_ever_published":false,"_jetpack_newsletter_access":"","_jetpack_dont_email_post_to_subs":false,"_jetpack_newsletter_tier_id":0,"_jetpack_memberships_contains_paywalled_content":false,"_jetpack_memberships_contains_paid_content":false,"footnotes":"","jetpack_publicize_message":"","jetpack_publicize_feature_enabled":true,"jetpack_social_post_already_shared":false,"jetpack_social_options":{"image_generator_settings":{"template":"highway","default_image_id":0,"enabled":false},"version":2}},"categories":[187,44,6937],"tags":[],"class_list":["post-66906","post","type-post","status-publish","format-standard","has-post-thumbnail","hentry","category-centros-educativos","category-noticias-de-hoy","category-sociedad"],"jetpack_publicize_connections":[],"jetpack_featured_media_url":"https:\/\/i0.wp.com\/miradordeatarfe.es\/wp-content\/uploads\/2024\/02\/dia-escolar-de-la-no-violencia-y-la-paz-2021-mengibar-2000-1.jpg?fit=1125%2C661&ssl=1","jetpack_likes_enabled":true,"jetpack_sharing_enabled":true,"_links":{"self":[{"href":"https:\/\/miradordeatarfe.es\/index.php?rest_route=\/wp\/v2\/posts\/66906","targetHints":{"allow":["GET"]}}],"collection":[{"href":"https:\/\/miradordeatarfe.es\/index.php?rest_route=\/wp\/v2\/posts"}],"about":[{"href":"https:\/\/miradordeatarfe.es\/index.php?rest_route=\/wp\/v2\/types\/post"}],"author":[{"embeddable":true,"href":"https:\/\/miradordeatarfe.es\/index.php?rest_route=\/wp\/v2\/users\/1"}],"replies":[{"embeddable":true,"href":"https:\/\/miradordeatarfe.es\/index.php?rest_route=%2Fwp%2Fv2%2Fcomments&post=66906"}],"version-history":[{"count":1,"href":"https:\/\/miradordeatarfe.es\/index.php?rest_route=\/wp\/v2\/posts\/66906\/revisions"}],"predecessor-version":[{"id":66908,"href":"https:\/\/miradordeatarfe.es\/index.php?rest_route=\/wp\/v2\/posts\/66906\/revisions\/66908"}],"wp:featuredmedia":[{"embeddable":true,"href":"https:\/\/miradordeatarfe.es\/index.php?rest_route=\/wp\/v2\/media\/66907"}],"wp:attachment":[{"href":"https:\/\/miradordeatarfe.es\/index.php?rest_route=%2Fwp%2Fv2%2Fmedia&parent=66906"}],"wp:term":[{"taxonomy":"category","embeddable":true,"href":"https:\/\/miradordeatarfe.es\/index.php?rest_route=%2Fwp%2Fv2%2Fcategories&post=66906"},{"taxonomy":"post_tag","embeddable":true,"href":"https:\/\/miradordeatarfe.es\/index.php?rest_route=%2Fwp%2Fv2%2Ftags&post=66906"}],"curies":[{"name":"wp","href":"https:\/\/api.w.org\/{rel}","templated":true}]}}