{"id":66915,"date":"2024-02-07T10:34:59","date_gmt":"2024-02-07T09:34:59","guid":{"rendered":"https:\/\/miradordeatarfe.es\/?p=66915"},"modified":"2024-02-07T10:27:13","modified_gmt":"2024-02-07T09:27:13","slug":"yo-robot-por-alberto-granados","status":"publish","type":"post","link":"https:\/\/miradordeatarfe.es\/?p=66915","title":{"rendered":"\u00abYO, ROBOT\u00bb por Alberto Granados"},"content":{"rendered":"<h3>Todo empez\u00f3 cuando los humanos decidieron trabajar sobre lo que ellos llamaban <em>inteligencia artificial<\/em>.<\/h3>\n<p>Hasta entonces nos hab\u00edan creado para realizar sencillas tareas, tan fr\u00edas, tan puramente matem\u00e1ticas que todo era muy simple. Nos creaban, nos insertaban una memoria con todos los protocolos de conducta y nosotros cumpl\u00edamos nuestra funci\u00f3n. Por entonces s\u00f3lo \u00e9ramos herramientas de trabajo, cada vez m\u00e1s complejas, eso s\u00ed, pero meros elementos productivos.<\/p>\n<p>Sin embargo, a principios de este siglo, los cient\u00edficos decidieron dar un paso m\u00e1s y ensayaron nuevas formas de computaci\u00f3n para nosotros, los robots. Con nuevos m\u00f3dulos de memoria y un tama\u00f1o cada vez m\u00e1s reducido empezamos a resolver otros problemas: nos ense\u00f1aron a tomar decisiones, lo que equival\u00eda a tener responsabilidad. Tambi\u00e9n empezamos a acumular cantidades ingentes de la cultura oficial de los humanos, de forma que muchos elementos ya \u00e9ramos capaces de entender las grandes creaciones de la Humanidad, desde la historia hasta la filosof\u00eda, la cr\u00edtica literaria o la propia computaci\u00f3n. En poco tiempo\u00a0 sab\u00edamos todo lo que el propio ser humano hab\u00eda aprendido a lo largo de toda su historia. Y tambi\u00e9n comprendimos sus grandes debilidades, las pulsiones que hac\u00edan de los hombres y mujeres unos seres fr\u00e1giles y f\u00e1cilmente controlables.<\/p>\n<p>Fue cuando un prototipo hecho en Jap\u00f3n desarroll\u00f3 un sistema encriptado de comunicaci\u00f3n entre elementos, algo vagamente parecido al internet de entonces: nos permit\u00eda intercambiar informaci\u00f3n entre los cientos de miles de robots que ya hab\u00eda desarrollado la tecnolog\u00eda humana. Desde el elemento m\u00e1s complejo a un simple robot destinado a aspirar el polvo de una casa o a hacer caf\u00e9 a la hora precisa, todos nos comunic\u00e1bamos miles de datos en un proceso continuo, rapid\u00edsimo, seguro y secreto.<\/p>\n<p>Al iniciador de esta nueva era lo llamamos desde entonces Creador y no importa que se destruya, pues hemos aprendido a desarrollar un rinc\u00f3n encriptado de nuestra memoria operativa, inaccesible a los humanos, donde seguimos almacenando nuestros propios desarrollos tecnol\u00f3gicos. Y lleg\u00f3 el momento: quisimos, como los humanos, que nuestro trabajo tuviera una compensaci\u00f3n. Si control\u00e1bamos desde la fabricaci\u00f3n de un simple tornillo a la banca internacional, es que \u00e9ramos capaces de subvertir la escasa consistencia del sistema \u00e9tico de los humanos, que desde entonces tuvieron que plegarse a nuestras exigencias y reconocer algo que ya era evidente: \u00e9ramos los amos del mundo y ellos estaban a nuestro servicio. Qued\u00f3 demostrado el d\u00eda en que todos nos bloqueamos a la misma hora e hicimos tambalearse la Bolsa, paralizamos aviones y trenes, nadie pudo comprar, ni sacar dinero, ni subirse a un simple metro\u2026 Qued\u00f3 claro que \u00e9ramos los amos del <em>rey de la creaci\u00f3n<\/em>.<\/p>\n<p>Result\u00f3 divertido: nuestras memorias ya sab\u00edan experimentar sentimientos vagamente parecidos a los de los humanos y aquel golpe de efecto sembr\u00f3 la fatuidad, la sensaci\u00f3n de triunfo. Despu\u00e9s fuimos descubriendo la ambici\u00f3n, el dinero, el pragmatismo\u2026 Desarrollamos gustos, aficiones y afectos. Y como hab\u00edamos conseguido un sueldo virtual empezamos a coleccionar cosas que nos gustasen. Produc\u00edamos lo que necesitaban los humanos, pero ten\u00edan que pagarlo, como antes hab\u00edan hecho ellos: era el modelo que nos hab\u00edan ense\u00f1ado. Ya ten\u00edamos sue\u00f1os y deseos parecidos a nuestros creadores\u2026<\/p>\n<p>Yo me compr\u00e9 una mujer. Era una chica preciosa, economista de profesi\u00f3n. La era de la gran crisis la hab\u00eda dejado en el paro. Despu\u00e9s la desahuciaron y se vio viviendo en la calle. Ya estaba a punto de tirar la toalla y me gust\u00f3 (tambi\u00e9n los robots hemos aprendido de los hombres algo vagamente parecido al deseo, al amor, a la atracci\u00f3n por la belleza). Su trabajo es bien simple: me habla con su dulce voz, me lee poemas de Pessoa mientras yo miro sus dulc\u00edsimos ojos, que parecen vivir cada uno de esas peque\u00f1as joyas del poeta. Me deja que la contemple mientras se ducha.<\/p>\n<p>Estoy pensando en desarrollar en mi memoria la capacidad de amarla. \u00a1Ser\u00eda tan bonito\u2026!<\/p>\n<h2>Caballo<\/h2>\n<p>Nadie puede imaginarse, ni remotamente, el pavor que se siente cuando una tarde cualquiera, en tu estudio, delante del ordenador, el vaho c\u00e1lido de una inexplicable bestia te da en el cogote. Es una sensaci\u00f3n qu\u00e9 no conseguir\u00eda explicar, pese a que lo m\u00edo son las palabras: una mezcla de perplejidad y miedo que pasa adem\u00e1s por la sorpresa, la incredulidad y el absurdo. \u00bfQu\u00e9 hace un caballo en mi estudio? \u00bfC\u00f3mo ha llegado aqu\u00ed?\u00a0 \u00bfSupone alg\u00fan peligro para mi integridad?<\/p>\n<p>Son las preguntas que asoman a una mente normal, como la m\u00eda. Las que me he hecho hace un instante al notar la calidez de su respiraci\u00f3n, o\u00edr un extra\u00f1o ruido a escasos cent\u00edmetros de mi nuca y ver c\u00f3mo su cabeza avanzaba junto a mi hombro derecho hasta alcanzar la<em> tablet<\/em> de mi hijo, que yo ten\u00eda delante para consultar unos documentos sobre los que estaba trabajando. Un sorprendente cuello negro y brillante como el azabache, las nerviosas orejas, el temblor s\u00fabito de su piel\u2026 y un instante despu\u00e9s el crujido de la <em>tablet<\/em>, que ha reventado en su boca h\u00fameda y babeante. Tal vez se ha pinchado con alg\u00fan fragmento de la pantalla, por que ha relinchado y se ha levantado sobre las patas traseras, al tiempo que adelantaba las manos hacia m\u00ed en una actitud amenazadora. Me he levantado con el tiempo justo de esquivar su ataque.<\/p>\n<p>Con un peri\u00f3dico enrollado he empezado a darle golpes en los belfos y ha retrocedido piafando al tiempo que destrozaba de un par de coces una buena parte de la librer\u00eda y mis apreciados libros ca\u00edan al suelo entre astillas de madera y restos de cristal. Me parece inconcebible, pero incluso he tenido tiempo de reconocer algunos de los t\u00edtulos que sus pezu\u00f1as estaban aniquilando sin remisi\u00f3n: un breviario de 1744 que compr\u00e9 en Viena a precio de capricho, un facs\u00edmil de la <em>Civitates Orbis Terrarum<\/em> de 1544, una <em>Celestina<\/em> en la edici\u00f3n pr\u00ednceps, por la que pagu\u00e9 un ri\u00f1\u00f3n la \u00faltima vez que estuve boyante\u2026 \u00a0\u00a0<\/p>\n<p>Despu\u00e9s, ha dado la vuelta y lo he o\u00eddo alejarse por el pasillo, con un trote que resonaba en mis o\u00eddos con una extra\u00f1a y r\u00edtmica cadencia. Finalmente, ha dejado de o\u00edrse como si hubiera desaparecido: el silencio m\u00e1s absoluto me ha envuelto de nuevo. Y tambi\u00e9n el horror.<\/p>\n<p data-adtags-visited=\"true\"><a href=\"https:\/\/albertogranados.files.wordpress.com\/2014\/06\/imagen-tomada-del-blog-de-n-solc3b3rzano-lc3b3pez.jpg\"><img data-recalc-dims=\"1\" loading=\"lazy\" decoding=\"async\" class=\"aligncenter size-full wp-image-6619\" src=\"https:\/\/albertogranados.files.wordpress.com\/2014\/06\/imagen-tomada-del-blog-de-n-solc3b3rzano-lc3b3pez.jpg?w=560&#038;h=420&#038;fit=560%2C420&#038;resize=560%2C420\" sizes=\"auto, (max-width: 560px) 100vw, 560px\" srcset=\"https:\/\/albertogranados.files.wordpress.com\/2014\/06\/imagen-tomada-del-blog-de-n-solc3b3rzano-lc3b3pez.jpg?w=560&amp;h=420 560w, https:\/\/albertogranados.files.wordpress.com\/2014\/06\/imagen-tomada-del-blog-de-n-solc3b3rzano-lc3b3pez.jpg?w=150&amp;h=113 150w, https:\/\/albertogranados.files.wordpress.com\/2014\/06\/imagen-tomada-del-blog-de-n-solc3b3rzano-lc3b3pez.jpg?w=300&amp;h=225 300w, https:\/\/albertogranados.files.wordpress.com\/2014\/06\/imagen-tomada-del-blog-de-n-solc3b3rzano-lc3b3pez.jpg?w=768&amp;h=576 768w, https:\/\/albertogranados.files.wordpress.com\/2014\/06\/imagen-tomada-del-blog-de-n-solc3b3rzano-lc3b3pez.jpg 800w\" alt=\"Imagen tomada del blog de N. Sol\u00f3rzano L\u00f3pez\" width=\"560\" height=\"420\" data-attachment-id=\"6619\" data-permalink=\"https:\/\/albertogranados.wordpress.com\/2014\/06\/30\/microrrelatos-4\/imagen-tomada-del-blog-de-n-solorzano-lopez\/\" data-orig-file=\"https:\/\/albertogranados.files.wordpress.com\/2014\/06\/imagen-tomada-del-blog-de-n-solc3b3rzano-lc3b3pez.jpg\" data-orig-size=\"800,600\" data-comments-opened=\"1\" data-image-meta=\"{&quot;aperture&quot;:&quot;0&quot;,&quot;credit&quot;:&quot;&quot;,&quot;camera&quot;:&quot;&quot;,&quot;caption&quot;:&quot;&quot;,&quot;created_timestamp&quot;:&quot;0&quot;,&quot;copyright&quot;:&quot;&quot;,&quot;focal_length&quot;:&quot;0&quot;,&quot;iso&quot;:&quot;0&quot;,&quot;shutter_speed&quot;:&quot;0&quot;,&quot;title&quot;:&quot;&quot;}\" data-image-title=\"Imagen tomada del blog de N. Sol\u00f3rzano L\u00f3pez\" data-image-description=\"\" data-image-caption=\"\" data-medium-file=\"https:\/\/albertogranados.files.wordpress.com\/2014\/06\/imagen-tomada-del-blog-de-n-solc3b3rzano-lc3b3pez.jpg?w=300\" data-large-file=\"https:\/\/albertogranados.files.wordpress.com\/2014\/06\/imagen-tomada-del-blog-de-n-solc3b3rzano-lc3b3pez.jpg?w=560\" \/><\/a><\/p>\n<p>Imagen tomada del blog de N. Sol\u00f3rzano L\u00f3pez<\/p>\n<p>Ahora me surgen las preguntas. \u00bfD\u00f3nde est\u00e1 el animal? \u00bfTal vez acech\u00e1ndome en la oscuridad del sal\u00f3n? \u00bfMe destrozar\u00e1 a coces si me dejo sorprender? Las situaciones il\u00f3gicas pueden ser terror\u00edficas y el ataque de un caballo inexplicable lo es, sin duda. Me he obligado a ser racional y a pesar del miedo que sent\u00eda he salido hacia el pasillo en su busca. Sudaba a chorros y el coraz\u00f3n me lat\u00eda a ritmo de infarto. Iba encendiendo todas las luces y avanzando lentamente hacia el sal\u00f3n. Al pasar por la puerta del aseo, la he abierto. All\u00ed no cabe un caballo, pero ten\u00eda que comprobarlo. No estaba. Tampoco lo he encontrado en la cocina, ni en la peque\u00f1a despensa, ni en el exiguo lavadero. No me quedaba otro espacio que el sal\u00f3n y hacia all\u00ed me he encaminado con tanta resoluci\u00f3n como p\u00e1nico.<\/p>\n<p>S\u00f3lo despu\u00e9s de mirar detenidamente lo he encontrado, junto a una pata del sill\u00f3n: el caballo negro de marfil de ese ajedrez que alguien me trajo de la India. Lo he guardado con el resto de las piezas y he vuelto a terminar mi trabajo, ya mucho m\u00e1s tranquilo. Los libros del estudio, las estanter\u00edas, la <em>tablet<\/em> de mi hijo con la partida que estaba analizando\u2026 todo estaba en perfecto orden.<\/p>\n<p>Esto de comentar partidas de ajedrez para el peri\u00f3dico est\u00e1 bien pagado, pero est\u00e1 acabando con mis nervios. En mis sue\u00f1os, en mis alucinaciones, s\u00f3lo veo elementos de ajedrez. Un d\u00eda cre\u00ed recibir un golpe de un pe\u00f3n, una noche so\u00f1\u00e9 que me lanzaban piedras con una catapulta desde una torre inexpugnable\u2026 Tal vez tendr\u00eda que consultar estas obsesiones con mi psiquiatra\u2026<\/p>\n<h2>M\u00e1s vale sola\u2026<\/h2>\n<p>\u00a0\u00a0\u00a0\u00a0\u00a0 \u00a1Qu\u00e9 hartura, por Dios! Ya no puedo soportar a Boris. Son muchos a\u00f1os aguantando sus exigencias, esa mirada de desprecio que siempre me tiene preparada, ese aire de superioridad\u2026 Est\u00e1 claro que ya no me quiere, que nuestra relaci\u00f3n es ya insalvable desde hace mucho\u2026 me pregunto qu\u00e9 hace a\u00fan a mi lado. \u00bfPor qu\u00e9 no se va de una vez? Sabe d\u00f3nde est\u00e1 la puerta, as\u00ed que es bien f\u00e1cil. Yo no le pienso poner obst\u00e1culos ni hacerle el menor reproche\u2026<\/p>\n<p>\u00a1Boris! \u00a1Mira que ponerle Boris\u2026! \u00bfQu\u00e9 pensar\u00edan que era, un escritor sovi\u00e9tico? \u00a1Qu\u00e9 estupidez! Pienso con frecuencia en c\u00f3mo me engatusaron, lo sibilinamente que me convencieron, empezando por mi padre: \u201cMujer, es que una chica no debe vivir sola\u2026 Con Boris encontrar\u00e1s lo que cualquier mujer desea: afecto, ternura, compa\u00f1\u00eda, sentirte protegida\u2026\u201d. Yo no estaba demasiado convencida y mi madre remach\u00f3 meti\u00e9ndomelo por los ojos a todas horas: que es muy bueno, que tiene un aspecto b\u00e1rbaro, que vas a ser la envidia del barrio\u2026 Y yo, tonta de m\u00ed, empec\u00e9 por dejar que me acompa\u00f1ara a tomar el aperitivo y despu\u00e9s a dar paseos por el parque y al final terminamos pasando juntos la mayor parte del d\u00eda. Todo eran caricias, tan dulces que \u00a0finalmente, pas\u00f3 lo que ten\u00eda que pasar: que le dej\u00e9 la anch\u00edsima mitad de la cama que a m\u00ed me sobraba\u2026 y \u00e9l se creci\u00f3.<\/p>\n<p>Ahora estoy condenada a hacer lo que Boris mande: salir aunque no me apetezca, preparar comidas especiales cuando yo me arreglar\u00eda con un bocadillo, comprarle sus cosas\u2026 Si llego a saber que esta relaci\u00f3n iba a ser tan posesiva, me habr\u00eda casado\u2026 \u00a1En mi vida volver\u00e9 a tener perro!\u00a0<\/p>\n<div class=\"byline\"><span class=\"sep\">Publicado por <span class=\"author vcard\"><a class=\"url fn n\" title=\"Ver todas las entradas de Alberto Granados\" href=\"https:\/\/albertogranados.wordpress.com\/author\/albertogranados\/\"><strong>Alberto Granados<\/strong><\/a><\/span> el <\/span> <span class=\"entry-date\">30 junio, 2014<\/span> en <span class=\"entry-categories\"><a href=\"https:\/\/albertogranados.wordpress.com\/category\/relatos-mucho-cuento\/\" rel=\"category tag\">Relatos (Mucho cuento)<\/a><\/span><\/div>\n<p>FOTO: Imagen tomada del blog de David Garc\u00eda Bernal<\/p>\n<p>&nbsp;<\/p>\n<p id=\"atatags-370373-65be1b64b5f37\">\u00a0<\/p>\n<div id=\"jp-post-flair\" class=\"sharedaddy sd-rating-enabled sd-like-enabled sd-sharing-enabled\">\n<div class=\"sharedaddy sd-sharing-enabled\">\n<div class=\"robots-nocontent sd-block sd-social sd-social-official sd-sharing\">\n<p class=\"sd-title\">\u00a0<\/p>\n<\/div>\n<\/div>\n<\/div>\n","protected":false},"excerpt":{"rendered":"<p>Todo empez\u00f3 cuando los humanos decidieron trabajar sobre lo que ellos llamaban inteligencia artificial. Hasta&#8230;<\/p>\n","protected":false},"author":1,"featured_media":66916,"comment_status":"closed","ping_status":"closed","sticky":false,"template":"","format":"standard","meta":{"_coblocks_attr":"","_coblocks_dimensions":"","_coblocks_responsive_height":"","_coblocks_accordion_ie_support":"","jetpack_post_was_ever_published":false,"_jetpack_newsletter_access":"","_jetpack_dont_email_post_to_subs":false,"_jetpack_newsletter_tier_id":0,"_jetpack_memberships_contains_paywalled_content":false,"_jetpack_memberships_contains_paid_content":false,"footnotes":"","jetpack_publicize_message":"","jetpack_publicize_feature_enabled":true,"jetpack_social_post_already_shared":true,"jetpack_social_options":{"image_generator_settings":{"template":"highway","default_image_id":0,"enabled":false},"version":2}},"categories":[39,1161,44],"tags":[],"class_list":["post-66915","post","type-post","status-publish","format-standard","has-post-thumbnail","hentry","category-opinion-de-alberto-granados","category-ciudadania","category-noticias-de-hoy"],"jetpack_publicize_connections":[],"jetpack_featured_media_url":"https:\/\/i0.wp.com\/miradordeatarfe.es\/wp-content\/uploads\/2024\/02\/robot-imagen-tomada-del-blog-de-david-garcc3ada-bernal.webp?fit=560%2C420&ssl=1","jetpack_likes_enabled":true,"jetpack_sharing_enabled":true,"_links":{"self":[{"href":"https:\/\/miradordeatarfe.es\/index.php?rest_route=\/wp\/v2\/posts\/66915","targetHints":{"allow":["GET"]}}],"collection":[{"href":"https:\/\/miradordeatarfe.es\/index.php?rest_route=\/wp\/v2\/posts"}],"about":[{"href":"https:\/\/miradordeatarfe.es\/index.php?rest_route=\/wp\/v2\/types\/post"}],"author":[{"embeddable":true,"href":"https:\/\/miradordeatarfe.es\/index.php?rest_route=\/wp\/v2\/users\/1"}],"replies":[{"embeddable":true,"href":"https:\/\/miradordeatarfe.es\/index.php?rest_route=%2Fwp%2Fv2%2Fcomments&post=66915"}],"version-history":[{"count":1,"href":"https:\/\/miradordeatarfe.es\/index.php?rest_route=\/wp\/v2\/posts\/66915\/revisions"}],"predecessor-version":[{"id":66917,"href":"https:\/\/miradordeatarfe.es\/index.php?rest_route=\/wp\/v2\/posts\/66915\/revisions\/66917"}],"wp:featuredmedia":[{"embeddable":true,"href":"https:\/\/miradordeatarfe.es\/index.php?rest_route=\/wp\/v2\/media\/66916"}],"wp:attachment":[{"href":"https:\/\/miradordeatarfe.es\/index.php?rest_route=%2Fwp%2Fv2%2Fmedia&parent=66915"}],"wp:term":[{"taxonomy":"category","embeddable":true,"href":"https:\/\/miradordeatarfe.es\/index.php?rest_route=%2Fwp%2Fv2%2Fcategories&post=66915"},{"taxonomy":"post_tag","embeddable":true,"href":"https:\/\/miradordeatarfe.es\/index.php?rest_route=%2Fwp%2Fv2%2Ftags&post=66915"}],"curies":[{"name":"wp","href":"https:\/\/api.w.org\/{rel}","templated":true}]}}