{"id":66918,"date":"2024-02-05T08:32:52","date_gmt":"2024-02-05T07:32:52","guid":{"rendered":"https:\/\/miradordeatarfe.es\/?p=66918"},"modified":"2024-02-03T12:06:06","modified_gmt":"2024-02-03T11:06:06","slug":"solo-un-mensaje-puede-salvar-al-gobierno-menos-catalunya-y-mas-economia","status":"publish","type":"post","link":"https:\/\/miradordeatarfe.es\/?p=66918","title":{"rendered":"S\u00f3lo un mensaje puede salvar al Gobierno: menos Catalunya y m\u00e1s econom\u00eda"},"content":{"rendered":"<div class=\"c-header\">\n<div class=\"news-header\">\n<h3 style=\"text-align: justify;\">La econom\u00eda de Espa\u00f1a desminti\u00f3 a los pesimistas en 2023 y puede volver a hacerlo este a\u00f1o. Cuando un 66% de la gente dice que su situaci\u00f3n econ\u00f3mica personal es buena o muy buena, no hay que ser un genio para saber de qu\u00e9 te conviene hablar<\/h3>\n<\/div>\n<\/div>\n<div class=\"content-container col-12 col-lg-8\">\n<div class=\"c-content\">\n<div class=\"partner-wrapper article-page__body-row \">\n<div class=\"second-col\">\n<p class=\"article-text\" style=\"text-align: justify;\">Desde los tiempos en que Aznar repet\u00eda de forma mec\u00e1nica \u201cEspa\u00f1a va bien\u201d, hay un razonable escepticismo en la opini\u00f3n p\u00fablica cuando un presidente del Gobierno presume en los t\u00e9rminos m\u00e1s exagerados sobre el estado excelente de la situaci\u00f3n econ\u00f3mica.\u00a0Dado que Espa\u00f1a es uno de esos pa\u00edses europeos que m\u00e1s cae en las crisis y que m\u00e1s r\u00e1pido se recupera despu\u00e9s, conviene mirar antes al calendario y hacerse algunas preguntas. \u00bfEn qu\u00e9 fecha estamos? \u00bfCu\u00e1nto durar\u00e1 la fiesta?<\/p>\n<p class=\"article-text\" style=\"text-align: justify;\">En el balance final de 2023, hay poco espacio para las noticias negativas. <a class=\"link\" href=\"https:\/\/www.eldiario.es\/economia\/empleo-acelera-final-ano-539-000-trabajadores-130-000-parados-2023_1_10809208.html\" target=\"_blank\" rel=\"noopener\" data-mrf-recirculation=\"links-noticia\" data-mrf-link=\"https:\/\/www.eldiario.es\/economia\/empleo-acelera-final-ano-539-000-trabajadores-130-000-parados-2023_1_10809208.html\">Medio mill\u00f3n de empleos creados.<\/a> El dato de paro en diciembre m\u00e1s bajo en diecis\u00e9is a\u00f1os. La temporalidad de los contratos reducida a m\u00ednimos hist\u00f3ricos, la mitad que en noviembre de 2021. 20,8 millones de personas trabajando afiliadas a la Seguridad Social, otro r\u00e9cord. <a class=\"link\" href=\"https:\/\/www.eldiario.es\/economia\/economia-espanola-crecio-2-5-2023-superando-expectativas_1_10877625.html\" target=\"_blank\" rel=\"noopener\" data-mrf-recirculation=\"links-noticia\" data-mrf-link=\"https:\/\/www.eldiario.es\/economia\/economia-espanola-crecio-2-5-2023-superando-expectativas_1_10877625.html\">Un crecimiento anual del PIB del 2,5%<\/a>, a pesar de las subidas de tipos de inter\u00e9s causadas por la inflaci\u00f3n. \u201cEn los cuatro \u00faltimos trimestres,\u00a0cuatro de cada diez empleos de la UE han sido creados en Espa\u00f1a\u201d, dijo hace unos d\u00edas el ministro de Econom\u00eda, Carlos Cuerpo.<\/p>\n<p class=\"article-text\" style=\"text-align: justify;\">\u00bfTodo ello porque se necesitan m\u00e1s camareros para atender a tanto turista? La raz\u00f3n tambi\u00e9n est\u00e1 <a class=\"link\" href=\"https:\/\/www.eldiario.es\/economia\/pais-camareros-profesiones-cientificas-tecnicas-tiran-empleo-espana_1_10413218.html\" target=\"_blank\" rel=\"noopener\" data-mrf-recirculation=\"links-noticia\" data-mrf-link=\"https:\/\/www.eldiario.es\/economia\/pais-camareros-profesiones-cientificas-tecnicas-tiran-empleo-espana_1_10413218.html\">en las actividades econ\u00f3micas de alto valor a\u00f1adido.<\/a> Pero no pasa nada por hablar de turismo: 85 millones de visitantes. Sobre el tema no menor de que importa m\u00e1s el dinero que gastan que el n\u00famero de ellos: el gasto total de esos turistas <a class=\"link\" href=\"https:\/\/elpais.com\/economia\/2024-02-02\/espana-registra-un-record-de-85-millones-de-turistas-extranjeros-en-2023-con-el-norte-como-destino-que-mas-crece.html\" target=\"_blank\" rel=\"noopener\" data-mrf-recirculation=\"links-noticia\" data-mrf-link=\"https:\/\/elpais.com\/economia\/2024-02-02\/espana-registra-un-record-de-85-millones-de-turistas-extranjeros-en-2023-con-el-norte-como-destino-que-mas-crece.html\">fue un 18% superior a 2019<\/a>, el a\u00f1o anterior a la pandemia.<\/p>\n<p class=\"article-text\" style=\"text-align: justify;\">Nada de esto ser\u00eda posible sin el aumento del consumo. Y esto \u00faltimo tampoco ser\u00eda posible si no hubiera mejorado la situaci\u00f3n financiera de las familias. Su nivel de endeudamiento <a class=\"link\" href=\"https:\/\/elpais.com\/economia\/2024-01-31\/la-riqueza-de-los-hogares-despunta-mientras-su-endeudamiento-cae-a-su-nivel-mas-bajo-desde-2002.html\" target=\"_blank\" rel=\"noopener\" data-mrf-recirculation=\"links-noticia\" data-mrf-link=\"https:\/\/elpais.com\/economia\/2024-01-31\/la-riqueza-de-los-hogares-despunta-mientras-su-endeudamiento-cae-a-su-nivel-mas-bajo-desde-2002.html\">cay\u00f3 al nivel m\u00e1s bajo desde 2002<\/a>, seg\u00fan el Banco de Espa\u00f1a, muy por debajo de la media de la eurozona. La Bolsa espa\u00f1ola cerr\u00f3 2023 con su mejor a\u00f1o desde 2009. La prima de riesgo est\u00e1 por debajo de cien puntos (para entendernos, super\u00f3 los 500 en 2012). <a class=\"link\" href=\"https:\/\/twitter.com\/atalaveraEcon\/status\/1744412728372998153\" target=\"_blank\" rel=\"noopener\" data-mrf-recirculation=\"links-noticia\" data-mrf-link=\"https:\/\/twitter.com\/atalaveraEcon\/status\/1744412728372998153\">Ya sin la ayuda permanente del BCE.<\/a> La balanza de pagos tiene super\u00e1vit.<\/p>\n<p class=\"article-text\" style=\"text-align: justify;\">Fue en julio de 2022 cuando Alberto N\u00fa\u00f1ez Feij\u00f3o preve\u00eda que Espa\u00f1a se dirig\u00eda a \u201cuna profund\u00edsima crisis econ\u00f3mica\u201d. Vale que la econom\u00eda nunca ha sido lo suyo, pero no fue el \u00fanico que tuvo que comerse sus pron\u00f3sticos, en los que entonces basaba sus esperanzas pol\u00edticas. Tampoco fue una voz solitaria entre las estimaciones que <a class=\"link\" href=\"https:\/\/www.eldiario.es\/economia\/previsiones-economicas-han-equivocado-baja-ultimos-anos_1_10883182.html\" target=\"_blank\" rel=\"noopener\" data-mrf-recirculation=\"links-noticia\" data-mrf-link=\"https:\/\/www.eldiario.es\/economia\/previsiones-economicas-han-equivocado-baja-ultimos-anos_1_10883182.html\">acabaron en el contenedor azul de reciclaje.<\/a> Pocos organismos aciertan en sus previsiones a medio y largo plazo en \u00e9pocas de incertidumbre. <a class=\"link\" href=\"https:\/\/cronicaglobal.elespanol.com\/pensamiento\/20230503\/donde-esta-la-crisis-economica\/761053888_13.html\" target=\"_blank\" rel=\"noopener\" data-mrf-recirculation=\"links-noticia\" data-mrf-link=\"https:\/\/cronicaglobal.elespanol.com\/pensamiento\/20230503\/donde-esta-la-crisis-economica\/761053888_13.html\">Hay algunas como la Airef,<\/a> que fallaron a muy corto plazo, a tres meses vista.<\/p>\n<p class=\"article-text\" style=\"text-align: justify;\">La diferencia entre avisos terror\u00edficos y la realidad se hizo m\u00e1s acusada con los aumentos del salario m\u00ednimo. Iban a provocar un descenso de la contrataci\u00f3n, en especial entre los j\u00f3venes, y un aumento del paro. Otro c\u00e1lculo errado basado en la ideolog\u00eda.<\/p>\n<p class=\"article-text\" style=\"text-align: justify;\">Con la reforma laboral, una decisi\u00f3n que s\u00f3lo iba a aumentar los despidos, seg\u00fan algunos, lo que ocurri\u00f3 fue que origin\u00f3 un fuerte descenso de la temporalidad y el primer contrato fijo (discontinuo) para muchos j\u00f3venes. Ah\u00ed el PP no tuvo m\u00e1s salida que culpar a las cifras y <a class=\"link\" href=\"https:\/\/twitter.com\/pedro_casares\/status\/1743037336529617123\" target=\"_blank\" rel=\"noopener\" data-mrf-recirculation=\"links-noticia\" data-mrf-link=\"https:\/\/twitter.com\/pedro_casares\/status\/1743037336529617123\">dijo que los datos estaban \u201cdopados\u201d.<\/a> Son las mismas cifras, facilitadas por las CCAA, de las que los presidentes del PP en varias regiones presumen muy orgullosos, casi a tanta velocidad como el Gobierno central.<\/p>\n<p class=\"article-text\" style=\"text-align: justify;\">Toda esta realidad es la que permiten entender mejor la respuesta a la pregunta \u201c\u00bfc\u00f3mo calificar\u00eda usted su situaci\u00f3n econ\u00f3mica personal en la actualidad?\u201d que aparece con frecuencia en las encuestas del CIS. En la \u00faltima de enero, <a class=\"link\" href=\"https:\/\/www.cis.es\/-\/avance-de-resultados-del-estudio-3435-barometro-de-enero-2024?redirect=%2F\" target=\"_blank\" rel=\"noopener\" data-mrf-recirculation=\"links-noticia\" data-mrf-link=\"https:\/\/www.cis.es\/-\/avance-de-resultados-del-estudio-3435-barometro-de-enero-2024?redirect=%2F\">un 66% dijo que era buena o muy buena<\/a>, un porcentaje similar al de entregas anteriores. Cuando les preguntan por la situaci\u00f3n econ\u00f3mica de Espa\u00f1a, un 58,2% afirm\u00f3 que es mala o muy mala. Est\u00e1 claro que conocen mejor sus circunstancias personales que la econom\u00eda nacional, lo que tampoco es tan extra\u00f1o.<\/p>\n<p class=\"article-text\" style=\"text-align: justify;\">Esa acusada diferencia se ha dado tambi\u00e9n en los \u00faltimos a\u00f1os en las encuestas realizadas en Estados Unidos, y no tanto en las de Francia o Alemania. Parece que el aumento de la polarizaci\u00f3n, junto a la cobertura medi\u00e1tica que recibe, hace que los ciudadanos vuelquen su frustraci\u00f3n pol\u00edtica en su visi\u00f3n de la econom\u00eda del pa\u00eds con independencia de c\u00f3mo les vaya personalmente.<\/p>\n<p class=\"article-text\" style=\"text-align: justify;\">Un Gobierno lo tiene dif\u00edcil para beneficiarse de la situaci\u00f3n econ\u00f3mica si no se habla de econom\u00eda. Pero eso no quiere decir que la gente no se interese por <em>su<\/em> situaci\u00f3n personal. Un elemento de malestar en el \u00faltimo a\u00f1o fue el aumento de la inflaci\u00f3n, que siempre tiende a dominar la conversaci\u00f3n de las personas y termina por minar la confianza en los gobiernos, por mucho que sus instrumentos para reducir los precios sean bastante escasos y no siempre \u00fatiles.<\/p>\n<p class=\"article-text\" style=\"text-align: justify;\">Las empresas pueden quejarse poco. Desde luego en 2023 se vieron titulares como este: \u201cClamor empresarial contra S\u00e1nchez: <a class=\"link\" href=\"https:\/\/www.elmundo.es\/economia\/2023\/06\/24\/6496e7aafdddffa14c8b45cf.html\" target=\"_blank\" rel=\"noopener\" data-mrf-recirculation=\"links-noticia\" data-mrf-link=\"https:\/\/www.elmundo.es\/economia\/2023\/06\/24\/6496e7aafdddffa14c8b45cf.html\">&#8216;El hostigamiento en esta legislatura ha sido inadmisible&#8217;\u201d.<\/a> Hasta mediados del a\u00f1o pasado, las grandes empresas dispararon sus beneficios <a class=\"link\" href=\"https:\/\/cincodias.elpais.com\/economia\/2023-08-16\/las-grandes-empresas-disparan-sus-margenes-hasta-maximos-historicos.html\" target=\"_blank\" rel=\"noopener\" data-mrf-recirculation=\"links-noticia\" data-mrf-link=\"https:\/\/cincodias.elpais.com\/economia\/2023-08-16\/las-grandes-empresas-disparan-sus-margenes-hasta-maximos-historicos.html\">hasta m\u00e1ximos hist\u00f3ricos.<\/a> Por algo Cepyme critic\u00f3 la puesta en marcha del observatorio de m\u00e1rgenes empresariales, Dec\u00eda que \u201cestigmatiza la consecuci\u00f3n de beneficio empresarial\u201d. Hay ciertas cosas que es mejor mantener en secreto. Algunos no quieren que se sepa lo que ganan para as\u00ed poder quejarse de ese \u201chostigamiento\u201d que resulta que se traduce en m\u00e1s beneficios.<\/p>\n<p class=\"article-text\" style=\"text-align: justify;\">De los bancos, ya ni hablamos. <a class=\"link\" href=\"https:\/\/www.eldiario.es\/economia\/gran-banca-marca-nuevo-record-beneficios-2023-gracias-subida-tipos-26-000-millones_1_10888554.html\" target=\"_blank\" rel=\"noopener\" data-mrf-recirculation=\"links-noticia\" data-mrf-link=\"https:\/\/www.eldiario.es\/economia\/gran-banca-marca-nuevo-record-beneficios-2023-gracias-subida-tipos-26-000-millones_1_10888554.html\">26.000 millones de euros de beneficios<\/a>, la mayor cifra de su historia. En buena parte, gracias al aumento de los tipos y a <a class=\"link\" href=\"https:\/\/cincodias.elpais.com\/opinion\/2023-11-14\/la-ley-del-silencio-de-la-banca.html\" target=\"_blank\" rel=\"noopener\" data-mrf-recirculation=\"links-noticia\" data-mrf-link=\"https:\/\/cincodias.elpais.com\/opinion\/2023-11-14\/la-ley-del-silencio-de-la-banca.html\">la inestimable colaboraci\u00f3n del Banco de Espa\u00f1a<\/a> (de esto se habla mucho menos). Y porque han pagado por los dep\u00f3sitos mucho menos que sus colegas europeos.<\/p>\n<p class=\"article-text\" style=\"text-align: justify;\">A pesar de lo que se dijo durante y despu\u00e9s de la campa\u00f1a de julio, parece correcto sostener que sin todos esos resultados econ\u00f3micos de 2022 y 2023 los partidos del Gobierno habr\u00edan perdido las elecciones. Y no es que el resto de los asuntos fuera irrelevante.<\/p>\n<p class=\"article-text\" style=\"text-align: justify;\">El debate pol\u00edtico en Espa\u00f1a desde 2017 ha estado dominado por el conflicto catal\u00e1n. Eso no va a cambiar en los pr\u00f3ximos meses. Lo han hecho posible los votantes al elegir un reparto de esca\u00f1os en el Congreso en el que los apoyos de dos partidos independentistas son vitales para la supervivencia del actual Gobierno. Pero tambi\u00e9n por el hecho de que el PP vuelca toda su apuesta en Catalunya, porque sabe que la econom\u00eda no le va a dar de comer.<\/p>\n<p class=\"article-text\" style=\"text-align: justify;\">Contra lo que piensa mucha gente en redes sociales, la gente no vota s\u00f3lo con el bolsillo. Existe toda una serie de factores identitarios que condicionan su decisi\u00f3n. Tus ideas pol\u00edticas no dependen exclusivamente del tama\u00f1o de tu cuenta corriente. Un asunto como el de Catalunya puede condicionar tu decisi\u00f3n en las urnas. Un partido debe saber d\u00f3nde marcar las prioridades. Algunas no le beneficiar\u00e1n mucho.<\/p>\n<p class=\"article-text\" style=\"text-align: justify;\">Si el Gobierno sobrevive al debate sobre la amnist\u00eda, e importa obviamente c\u00f3mo lo haga, tendr\u00e1 la oportunidad de hablar y actuar sobre la econom\u00eda. Ah\u00ed la lista de asuntos pendientes siempre es interminable.<\/p>\n<p class=\"article-text\" style=\"text-align: justify;\">Cuando s\u00f3lo puedes debatir sobre lo que interesa a tu adversario, no te quejes luego si no te salen las cuentas.<\/p>\n<div class=\"c-subheader\">\n<div class=\"author-pill-wrapper\">\n<footer class=\"cmp-featured-signature-component\">\n<div class=\"featured-signature-component\" style=\"text-align: justify;\">\n<div class=\"featured-data\"><a class=\"featured-name\" href=\"https:\/\/www.eldiario.es\/autores\/inigo_saenz_de_ugarte\/\"><strong>I\u00f1igo S\u00e1enz de Ugarte0<\/strong><\/a><\/div>\n<\/div>\n<div style=\"text-align: justify;\">\u00a0<\/div>\n<div class=\"featured-signature-component\">\n<div class=\"featured-data\"><picture class=\"news-image\">FOTO: <\/picture><span class=\"title\">Zona de tiendas en M\u00e1laga el 8 de enero en el inicio de las rebajas. <span class=\"author\"> \u00c1lex Zea \/ Europa Press<\/span><\/span><\/div>\n<div>\u00a0<\/div>\n<div>https:\/\/www.eldiario.es\/economia\/mensaje-salvar-gobierno-catalunya-economia_129_10890658.html?utm_source=onesignal&amp;utm_medium=push&amp;utm_campaign=2024-02-03-CRNICA<\/div>\n<\/div>\n<\/footer>\n<\/div>\n<\/div>\n<div class=\"content-container col-12 col-lg-8\">\n<div class=\"c-content\">\n<div class=\"partner-wrapper opening\" data-mrf-recirculation=\"Apertura\">\n<footer class=\"news-info \" data-mrf-recirculation=\"firma\">\n<div class=\"info-wrapper\">\n<div class=\"date-comments-wrapper\"><time class=\"date\" datetime=\"2024-02-02T23:09:52+01:00\"> <span class=\"day\"><br \/>\n<\/span><\/time><\/div>\n<\/div>\n<\/footer>\n<\/div>\n<\/div>\n<\/div>\n<\/div>\n<\/div>\n<\/div>\n<\/div>\n","protected":false},"excerpt":{"rendered":"<p>La econom\u00eda de Espa\u00f1a desminti\u00f3 a los pesimistas en 2023 y puede volver a hacerlo&#8230;<\/p>\n","protected":false},"author":1,"featured_media":66919,"comment_status":"closed","ping_status":"closed","sticky":false,"template":"","format":"standard","meta":{"_coblocks_attr":"","_coblocks_dimensions":"","_coblocks_responsive_height":"","_coblocks_accordion_ie_support":"","jetpack_post_was_ever_published":false,"_jetpack_newsletter_access":"","_jetpack_dont_email_post_to_subs":false,"_jetpack_newsletter_tier_id":0,"_jetpack_memberships_contains_paywalled_content":false,"_jetpack_memberships_contains_paid_content":false,"footnotes":"","jetpack_publicize_message":"","jetpack_publicize_feature_enabled":true,"jetpack_social_post_already_shared":true,"jetpack_social_options":{"image_generator_settings":{"template":"highway","default_image_id":0,"enabled":false},"version":2}},"categories":[1161,44,7671],"tags":[],"class_list":["post-66918","post","type-post","status-publish","format-standard","has-post-thumbnail","hentry","category-ciudadania","category-noticias-de-hoy","category-politica"],"jetpack_publicize_connections":[],"jetpack_featured_media_url":"https:\/\/i0.wp.com\/miradordeatarfe.es\/wp-content\/uploads\/2024\/02\/c339cd8f-d58c-4c3a-b9b1-6ca7c58ada01_16-9-discover-aspect-ratio_default_0.webp?fit=1200%2C675&ssl=1","jetpack_likes_enabled":true,"jetpack_sharing_enabled":true,"_links":{"self":[{"href":"https:\/\/miradordeatarfe.es\/index.php?rest_route=\/wp\/v2\/posts\/66918","targetHints":{"allow":["GET"]}}],"collection":[{"href":"https:\/\/miradordeatarfe.es\/index.php?rest_route=\/wp\/v2\/posts"}],"about":[{"href":"https:\/\/miradordeatarfe.es\/index.php?rest_route=\/wp\/v2\/types\/post"}],"author":[{"embeddable":true,"href":"https:\/\/miradordeatarfe.es\/index.php?rest_route=\/wp\/v2\/users\/1"}],"replies":[{"embeddable":true,"href":"https:\/\/miradordeatarfe.es\/index.php?rest_route=%2Fwp%2Fv2%2Fcomments&post=66918"}],"version-history":[{"count":1,"href":"https:\/\/miradordeatarfe.es\/index.php?rest_route=\/wp\/v2\/posts\/66918\/revisions"}],"predecessor-version":[{"id":66920,"href":"https:\/\/miradordeatarfe.es\/index.php?rest_route=\/wp\/v2\/posts\/66918\/revisions\/66920"}],"wp:featuredmedia":[{"embeddable":true,"href":"https:\/\/miradordeatarfe.es\/index.php?rest_route=\/wp\/v2\/media\/66919"}],"wp:attachment":[{"href":"https:\/\/miradordeatarfe.es\/index.php?rest_route=%2Fwp%2Fv2%2Fmedia&parent=66918"}],"wp:term":[{"taxonomy":"category","embeddable":true,"href":"https:\/\/miradordeatarfe.es\/index.php?rest_route=%2Fwp%2Fv2%2Fcategories&post=66918"},{"taxonomy":"post_tag","embeddable":true,"href":"https:\/\/miradordeatarfe.es\/index.php?rest_route=%2Fwp%2Fv2%2Ftags&post=66918"}],"curies":[{"name":"wp","href":"https:\/\/api.w.org\/{rel}","templated":true}]}}