{"id":66921,"date":"2024-02-05T11:07:16","date_gmt":"2024-02-05T10:07:16","guid":{"rendered":"https:\/\/miradordeatarfe.es\/?p=66921"},"modified":"2024-06-02T12:05:57","modified_gmt":"2024-06-02T10:05:57","slug":"las-luces-juan-las-luces-por-remedios-sanchez","status":"publish","type":"post","link":"https:\/\/miradordeatarfe.es\/?p=66921","title":{"rendered":"\u00abLAS LUCES, JUAN, LAS LUCES\u00bb por  Remedios S\u00e1nchez"},"content":{"rendered":"<p style=\"text-align: justify;\">Cuando en la infancia nos ense\u00f1aban los colores, el gris era siempre extra\u00f1o, triste melancol\u00eda del olvido, porque nunca sab\u00edas en qu\u00e9 parte del dibujo incluirlo salvo para poner sombras. Ni era primario, ni secundario ni terciario; era esencialmente confuso y, ahora, Juan Espadas lo ha recuperado como el tono de moda para representar su gesti\u00f3n opositora de cinco a\u00f1os que manifiestamente oscila entre el gris y estas sombras. Y no, Juan no ha entendido que ni siquiera el gris ni la sombra pueden salvarlo a estas alturas. Menos a\u00fan la sombra de la sombra, ese proto-gobierno de t\u00e9cnicos que, aunque tiene algunas luminosidades aqu\u00ed y all\u00e1, no podr\u00e1 hacer el milagro de que relumbre una ejecutiva descolorida y rota.<\/p>\n<p style=\"text-align: justify;\">La reuni\u00f3n de la semana pasada, esa arenga que Espadas ha filtrado a los medios, s\u00f3lo revela a un se\u00f1or asustado que se resiste a marcharse y por eso cesa a media ejecutiva para sustituirla por otra m\u00e1s umbr\u00eda a\u00fan. La salida de Noel L\u00f3pez que, como un Bendodo de la izquierda pasa a un tercer plano de la foto, haciendo presagiar su desembarco en Granada y generar otro desastre por estos lares; o la marcha necesaria de \u00c1ngeles Ferriz (siempre quiso ser Susana, pero se qued\u00f3 en marca blanca, anclada a su perfil discursivo de arrabal) se han querido difuminar con la inclusi\u00f3n de esa incorporaci\u00f3n de expertos independientes que, en demasiados casos, no son ni una cosa ni la otra.<\/p>\n<p style=\"text-align: justify;\">Pero el problema esencial no est\u00e1 ah\u00ed. Reside en la ausencia de liderazgo real de la izquierda que propicia que Juanma Moreno acuda al Parlamento andaluz con la sonrisa puesta, sabiendo que en la oposici\u00f3n no hay nadie al mando.<\/p>\n<p style=\"text-align: justify;\">Porque la operaci\u00f3n de Ferraz descabezando en 2021 a la federaci\u00f3n m\u00e1s potente de Espa\u00f1a que era la andaluza, noqueando a Susana D\u00edaz para poner un candidato a la medida de Pedro S\u00e1nchez, se ha constatado como un desastre. Susana, guste m\u00e1s o menos, nunca perdi\u00f3 unas elecciones (gan\u00f3 en 2018 por la m\u00ednima, pero gan\u00f3), mientras Espadas ha pinchado estrepitosamente frente a Moreno por mucho que pretendan borrarlo, que nadie \u00a0se lo recuerde. M\u00e1s a\u00fan en este momento en que don Juan le ha tomado apego al sill\u00f3n y est\u00e1 dispuesto a prescindir de quien haga falta, siempre y cuando suponga mantenerse unos meses m\u00e1s ejerciendo de mandam\u00e1s del desencanto, del nadismo.<\/p>\n<p style=\"text-align: justify;\">\u00a0Curiosamente, como una suerte de justicia po\u00e9tica, van cayendo en cascada los mismos que en su d\u00eda vendieron a Susana como demod\u00e8 y se abrazaron a la modernidad espadista, aunque eso supusiera lo que est\u00e1 pasando, esta amargura frustrada de bases y votantes. Pero no se queda ah\u00ed: llama poderosamente la atenci\u00f3n c\u00f3mo se prescinde, adem\u00e1s, de figuras\u00a0carism\u00e1ticas de referencia y tambi\u00e9n de las personas con prestigio\u00a0consolidado. Esos debieran ser quienes tomasen nuevamente el control\u00a0para recuperar espacios y autoridad\u00a0en estos tiempos de desconcierto. Entretanto, resulta dif\u00edcil que pueda venderse la modificaci\u00f3n de la ejecutiva como algo que no sea lo que se ve desde fuera: un fracaso. Y cuando se fracasa toca marcharse dignamente, abriendo puertas y ventanas para que entre la luz y los focos alumbren los aciertos asociados a los rostros m\u00e1s valiosos de un partido de Estado y centenario. Si es que quieren, claro, que el socialismo aut\u00e9ntico vuelva a recobrar la primavera.<\/p>\n<p>FOTO: PSOE<\/p>\n","protected":false},"excerpt":{"rendered":"<p>Cuando en la infancia nos ense\u00f1aban los colores, el gris era siempre extra\u00f1o, triste melancol\u00eda&#8230;<\/p>\n","protected":false},"author":1,"featured_media":66922,"comment_status":"closed","ping_status":"closed","sticky":false,"template":"","format":"standard","meta":{"_coblocks_attr":"","_coblocks_dimensions":"","_coblocks_responsive_height":"","_coblocks_accordion_ie_support":"","jetpack_post_was_ever_published":false,"_jetpack_newsletter_access":"","_jetpack_dont_email_post_to_subs":false,"_jetpack_newsletter_tier_id":0,"_jetpack_memberships_contains_paywalled_content":false,"_jetpack_memberships_contains_paid_content":false,"footnotes":"","jetpack_publicize_message":"","jetpack_publicize_feature_enabled":true,"jetpack_social_post_already_shared":true,"jetpack_social_options":{"image_generator_settings":{"template":"highway","default_image_id":0,"enabled":false},"version":2}},"categories":[10791,7671,6914],"tags":[],"class_list":["post-66921","post","type-post","status-publish","format-standard","has-post-thumbnail","hentry","category-andalucia","category-politica","category-opinion-de-reme-sanchez"],"jetpack_publicize_connections":[],"jetpack_featured_media_url":"https:\/\/i0.wp.com\/miradordeatarfe.es\/wp-content\/uploads\/2024\/02\/52040209793_91ed1708b2_k-1920x1396-1.jpg?fit=1920%2C1396&ssl=1","jetpack_likes_enabled":true,"jetpack_sharing_enabled":true,"_links":{"self":[{"href":"https:\/\/miradordeatarfe.es\/index.php?rest_route=\/wp\/v2\/posts\/66921","targetHints":{"allow":["GET"]}}],"collection":[{"href":"https:\/\/miradordeatarfe.es\/index.php?rest_route=\/wp\/v2\/posts"}],"about":[{"href":"https:\/\/miradordeatarfe.es\/index.php?rest_route=\/wp\/v2\/types\/post"}],"author":[{"embeddable":true,"href":"https:\/\/miradordeatarfe.es\/index.php?rest_route=\/wp\/v2\/users\/1"}],"replies":[{"embeddable":true,"href":"https:\/\/miradordeatarfe.es\/index.php?rest_route=%2Fwp%2Fv2%2Fcomments&post=66921"}],"version-history":[{"count":2,"href":"https:\/\/miradordeatarfe.es\/index.php?rest_route=\/wp\/v2\/posts\/66921\/revisions"}],"predecessor-version":[{"id":66924,"href":"https:\/\/miradordeatarfe.es\/index.php?rest_route=\/wp\/v2\/posts\/66921\/revisions\/66924"}],"wp:featuredmedia":[{"embeddable":true,"href":"https:\/\/miradordeatarfe.es\/index.php?rest_route=\/wp\/v2\/media\/66922"}],"wp:attachment":[{"href":"https:\/\/miradordeatarfe.es\/index.php?rest_route=%2Fwp%2Fv2%2Fmedia&parent=66921"}],"wp:term":[{"taxonomy":"category","embeddable":true,"href":"https:\/\/miradordeatarfe.es\/index.php?rest_route=%2Fwp%2Fv2%2Fcategories&post=66921"},{"taxonomy":"post_tag","embeddable":true,"href":"https:\/\/miradordeatarfe.es\/index.php?rest_route=%2Fwp%2Fv2%2Ftags&post=66921"}],"curies":[{"name":"wp","href":"https:\/\/api.w.org\/{rel}","templated":true}]}}