{"id":66929,"date":"2024-02-04T10:43:32","date_gmt":"2024-02-04T09:43:32","guid":{"rendered":"https:\/\/miradordeatarfe.es\/?p=66929"},"modified":"2024-02-04T19:52:26","modified_gmt":"2024-02-04T18:52:26","slug":"frio-en-el-tuetano-juan-jose-millas","status":"publish","type":"post","link":"https:\/\/miradordeatarfe.es\/?p=66929","title":{"rendered":"FR\u00cdO EN EL TU\u00c9TANO (Juan Jos\u00e9 Mill\u00e1s)"},"content":{"rendered":"<h3 dir=\"auto\" style=\"text-align: justify;\">\u00a0 \u00a0La infancia est\u00e1 en el tu\u00e9tano del adulto, porque crecer es ir ocultando tras diversas capas, a la manera de un vegetal lili\u00e1ceo, lo que uno fue.\u00a0<\/h3>\n<div dir=\"auto\" style=\"text-align: justify;\">La capa de hoy esconde al individuo de ayer y la de ayer al de anteayer.\u00a0 Al final de todas hay un humilde espermatozoide vivaqueando en busca de la luna llena, el \u00fatero, en cuyas paredes incrustarse y perecer para ser alguien. Yo, cuando me desprendo imaginariamente de las sucesivas capas que me ocultan, llego invariablemente a un centro helado.\u00a0 Pas\u00e9 mucho fr\u00edo de peque\u00f1o, no s\u00e9 si porque el clima era m\u00e1s riguroso entonces o porque ten\u00edamos\u00a0 menos ropa, quiz\u00e1 las dos cosas. La cuesti\u00f3n es que el ni\u00f1o que llevo en los tu\u00e9tanos contin\u00faa tiritando. No he hecho otra\u00a0 cosa en la vida que trabajar para quitarle el fr\u00edo, pero todo ha sido in\u00fatil.Y s\u00e9 que el d\u00eda que me muera, cuando le dedique mi \u00faltimo pensamiento, continuar\u00e1 sentado en el bordede la cama, ech\u00e1ndose el aliento en la punta de los dedos para darse un poco de calor.<\/div>\n<div dir=\"auto\" style=\"text-align: justify;\">\u00a0<\/div>\n<div dir=\"auto\" style=\"text-align: justify;\">\u00a0 \u00a0Recuerdo que en su d\u00eda vi la pel\u00edcula \u00abEl esp\u00eda que surgi\u00f3 del fr\u00edo\u00bb solo por el t\u00edtulo. Aquel esp\u00eda y yo ten\u00edamos en com\u00fan que proced\u00edamos del mismo sitio. Luego le\u00ed la novela de Le Carr\u00e9\u00a0 en la que est\u00e1 basada y me sent\u00ed completamente identificado con\u00a0 aquel personaje que en la pantalla represent\u00f3 magistralmente\u00a0 Ricchard Burton.<\/div>\n<div dir=\"auto\" style=\"text-align: justify;\">\u00a0<\/div>\n<div dir=\"auto\" style=\"text-align: justify;\">Por entonces, yo no hab\u00eda estado nunca en el Berl\u00edn Oriental, ni siquiera conoc\u00eda el muro que separaba a unos de otros, pero tambi\u00e9n ven\u00eda del fr\u00edo, as\u00ed que comprend\u00ed perfectamente la amargura del personaje y la necesidad de buscar calor en el pecho de una bibliotecaria comunista. Leo todos los libros en cuya cubierta aparece la palabra \u00abfr\u00edo\u00bb porque s\u00e9 que en la primera p\u00e1gina,\u00a0 o como mucho en la segunda, hablar\u00e1n de m\u00ed. Contin\u00fao buscando una receta para calentar a aquel ni\u00f1o que todav\u00eda se pasea descalzo y en pijama por el centro de mis huesos, aterido a causa de la temperatura ambiental. Llevo, en fin, el fr\u00edo en los huesos.<\/div>\n<div dir=\"auto\">\u00a0<\/div>\n<div dir=\"auto\">https:\/\/allergopharma.es\/es\/sobre-la-alergia\/alergia-al-frio-causas-sintomas-y-manejo\/<\/div>\n","protected":false},"excerpt":{"rendered":"<p>\u00a0 \u00a0La infancia est\u00e1 en el tu\u00e9tano del adulto, porque crecer es ir ocultando tras&#8230;<\/p>\n","protected":false},"author":1,"featured_media":66930,"comment_status":"closed","ping_status":"closed","sticky":false,"template":"","format":"standard","meta":{"_coblocks_attr":"","_coblocks_dimensions":"","_coblocks_responsive_height":"","_coblocks_accordion_ie_support":"","jetpack_post_was_ever_published":false,"_jetpack_newsletter_access":"","_jetpack_dont_email_post_to_subs":false,"_jetpack_newsletter_tier_id":0,"_jetpack_memberships_contains_paywalled_content":false,"_jetpack_memberships_contains_paid_content":false,"footnotes":"","jetpack_publicize_message":"","jetpack_publicize_feature_enabled":true,"jetpack_social_post_already_shared":true,"jetpack_social_options":{"image_generator_settings":{"template":"highway","default_image_id":0,"enabled":false},"version":2}},"categories":[1161,44,6937],"tags":[],"class_list":["post-66929","post","type-post","status-publish","format-standard","has-post-thumbnail","hentry","category-ciudadania","category-noticias-de-hoy","category-sociedad"],"jetpack_publicize_connections":[],"jetpack_featured_media_url":"https:\/\/i0.wp.com\/miradordeatarfe.es\/wp-content\/uploads\/2024\/02\/proteccion-jardin-frio-invierno.jpeg?fit=1900%2C1263&ssl=1","jetpack_likes_enabled":true,"jetpack_sharing_enabled":true,"_links":{"self":[{"href":"https:\/\/miradordeatarfe.es\/index.php?rest_route=\/wp\/v2\/posts\/66929","targetHints":{"allow":["GET"]}}],"collection":[{"href":"https:\/\/miradordeatarfe.es\/index.php?rest_route=\/wp\/v2\/posts"}],"about":[{"href":"https:\/\/miradordeatarfe.es\/index.php?rest_route=\/wp\/v2\/types\/post"}],"author":[{"embeddable":true,"href":"https:\/\/miradordeatarfe.es\/index.php?rest_route=\/wp\/v2\/users\/1"}],"replies":[{"embeddable":true,"href":"https:\/\/miradordeatarfe.es\/index.php?rest_route=%2Fwp%2Fv2%2Fcomments&post=66929"}],"version-history":[{"count":1,"href":"https:\/\/miradordeatarfe.es\/index.php?rest_route=\/wp\/v2\/posts\/66929\/revisions"}],"predecessor-version":[{"id":66931,"href":"https:\/\/miradordeatarfe.es\/index.php?rest_route=\/wp\/v2\/posts\/66929\/revisions\/66931"}],"wp:featuredmedia":[{"embeddable":true,"href":"https:\/\/miradordeatarfe.es\/index.php?rest_route=\/wp\/v2\/media\/66930"}],"wp:attachment":[{"href":"https:\/\/miradordeatarfe.es\/index.php?rest_route=%2Fwp%2Fv2%2Fmedia&parent=66929"}],"wp:term":[{"taxonomy":"category","embeddable":true,"href":"https:\/\/miradordeatarfe.es\/index.php?rest_route=%2Fwp%2Fv2%2Fcategories&post=66929"},{"taxonomy":"post_tag","embeddable":true,"href":"https:\/\/miradordeatarfe.es\/index.php?rest_route=%2Fwp%2Fv2%2Ftags&post=66929"}],"curies":[{"name":"wp","href":"https:\/\/api.w.org\/{rel}","templated":true}]}}