{"id":66932,"date":"2024-02-06T09:28:54","date_gmt":"2024-02-06T08:28:54","guid":{"rendered":"https:\/\/miradordeatarfe.es\/?p=66932"},"modified":"2024-02-05T09:39:39","modified_gmt":"2024-02-05T08:39:39","slug":"la-diputacion-inicia-un-proyecto-para-revalorizar-el-patrimonio-historico-de-la-vega","status":"publish","type":"post","link":"https:\/\/miradordeatarfe.es\/?p=66932","title":{"rendered":"La Diputaci\u00f3n inicia un proyecto para revalorizar el patrimonio hist\u00f3rico de la Vega"},"content":{"rendered":"<h3 style=\"text-align: justify;\">Un centro de interpretaci\u00f3n en un antiguo secadero de tabaco, un punto de informaci\u00f3n al visitante y adecuaci\u00f3n de caminos, acequias y rutas, entre las iniciativas previstas.<\/h3>\n<p style=\"text-align: justify;\">La Diputaci\u00f3n de Granada ha anunciado el inicio de un proyecto para dar valor al patrimonio hist\u00f3rico, urbano y periurbano, as\u00ed como de la red de caminos y acequias en la Vega de Granada. Este ambicioso plan, que contempla la adecuaci\u00f3n de puntos de encuentro y la habilitaci\u00f3n del centro de interpretaci\u00f3n de la Vega (en un antiguo secadero de tabaco), ser\u00e1 liderado por el arquitecto Alfonso Moreno-Ca\u00f1avate Santos.<\/p>\n<p style=\"text-align: justify;\">El diputado de Obras P\u00fablicas y Vivienda, Jos\u00e9 Ram\u00f3n Jim\u00e9nez, ha se\u00f1alado en una visita a Vegas del Genil con la alcaldesa de la localidad la importancia de esta actuaci\u00f3n, que se integra en una estrategia compartida con varios municipios, y ha indicado que \u201cesta iniciativa tiene como objetivo proteger e impulsar el patrimonio hist\u00f3rico de estos municipios de la Vega de Granada, promoviendo su aprovechamiento por parte de los ciudadanos y potencialmente como atractivo tur\u00edstico\u00bb.<\/p>\n<p style=\"text-align: justify;\">Asimismo, Jim\u00e9nez ha subrayado los 502.000 euros de inversi\u00f3n que la instituci\u00f3n provincial ha destinado a Vegas del Genil para este mandato en lo que se refiere a Planes Provinciales de Obras y Servicios y que supone un incremento de 234.920 euros respecto a los cuatro a\u00f1os anteriores.<\/p>\n<p style=\"text-align: justify;\">Este proyecto forma parte del Programa Operativo Plurirregional de Espa\u00f1a 2014\/2020 para la aplicaci\u00f3n de fondos FEDER, que promueve un crecimiento inteligente y sostenible. En el caso de la Vega de Granada, gracias a este programa, se estar\u00e1 protegiendo y activando su espacio agrario, sumando as\u00ed la exponencial revalorizaci\u00f3n del patrimonio cultural, la mejora paisaj\u00edstica y ambiental y la configuraci\u00f3n de un modelo de uso p\u00fablico de la Vega.<\/p>\n<p style=\"text-align: justify;\">El proyecto abarca la adecuaci\u00f3n de caminos y rutas, la creaci\u00f3n de un punto de encuentro e informaci\u00f3n al visitante en el inicio de la ruta propuesta y la puesta en funcionamiento de un antiguo secadero reformado en el 2009 como centro de interpretaci\u00f3n de la Vega de Granada.<\/p>\n<p style=\"text-align: justify;\">Por otra parte, se planea habilitar espacios para informar y divulgar los valores naturales y patrimoniales de la Vega de Granada en estos centros, adem\u00e1s de proporcionar zonas de descanso para los visitantes. El recorrido propuesto incluye elementos culturales, arqueol\u00f3gicos y etnol\u00f3gicos y busca conectar la zona de la Vega con el municipio de Santa Fe, potenciando itinerarios urbanos y periurbanos ligados al patrimonio hist\u00f3rico.<\/p>\n<p style=\"text-align: justify;\">La ejecuci\u00f3n del proyecto se materializar\u00e1 en tres lotes diferenciados con actuaciones espec\u00edficas en edificaciones, caminos y zonas de descanso, si bien la actuaci\u00f3n se ajusta a la normativa urban\u00edstica vigente en el municipio.<\/p>\n<p style=\"text-align: justify;\">La Diputaci\u00f3n de Granada afirma que contin\u00faa comprometida con la revalorizaci\u00f3n del patrimonio y la historia de la provincia para atraer tanto a los habitantes locales como a turistas interesados en disfrutar de la riqueza cultural y natural de la Vega de Granada.<\/p>\n<p>EL INDEPENDIENTE DE GRANADA<\/p>\n<p>http:\/\/www.elindependientedegranada.es\/ciudadania\/diputacion-inicia-proyecto-revalorizar-patrimonio-historico-vega<\/p>\n","protected":false},"excerpt":{"rendered":"<p>Un centro de interpretaci\u00f3n en un antiguo secadero de tabaco, un punto de informaci\u00f3n al&#8230;<\/p>\n","protected":false},"author":1,"featured_media":66933,"comment_status":"closed","ping_status":"closed","sticky":false,"template":"","format":"standard","meta":{"_coblocks_attr":"","_coblocks_dimensions":"","_coblocks_responsive_height":"","_coblocks_accordion_ie_support":"","jetpack_post_was_ever_published":false,"_jetpack_newsletter_access":"","_jetpack_dont_email_post_to_subs":false,"_jetpack_newsletter_tier_id":0,"_jetpack_memberships_contains_paywalled_content":false,"_jetpack_memberships_contains_paid_content":false,"footnotes":"","jetpack_publicize_message":"","jetpack_publicize_feature_enabled":true,"jetpack_social_post_already_shared":true,"jetpack_social_options":{"image_generator_settings":{"template":"highway","default_image_id":0,"enabled":false},"version":2}},"categories":[2,10781,44],"tags":[],"class_list":["post-66932","post","type-post","status-publish","format-standard","has-post-thumbnail","hentry","category-atarfe","category-granada","category-noticias-de-hoy"],"jetpack_publicize_connections":[],"jetpack_featured_media_url":"https:\/\/i0.wp.com\/miradordeatarfe.es\/wp-content\/uploads\/2024\/02\/secadero.jpg?fit=630%2C422&ssl=1","jetpack_likes_enabled":true,"jetpack_sharing_enabled":true,"_links":{"self":[{"href":"https:\/\/miradordeatarfe.es\/index.php?rest_route=\/wp\/v2\/posts\/66932","targetHints":{"allow":["GET"]}}],"collection":[{"href":"https:\/\/miradordeatarfe.es\/index.php?rest_route=\/wp\/v2\/posts"}],"about":[{"href":"https:\/\/miradordeatarfe.es\/index.php?rest_route=\/wp\/v2\/types\/post"}],"author":[{"embeddable":true,"href":"https:\/\/miradordeatarfe.es\/index.php?rest_route=\/wp\/v2\/users\/1"}],"replies":[{"embeddable":true,"href":"https:\/\/miradordeatarfe.es\/index.php?rest_route=%2Fwp%2Fv2%2Fcomments&post=66932"}],"version-history":[{"count":1,"href":"https:\/\/miradordeatarfe.es\/index.php?rest_route=\/wp\/v2\/posts\/66932\/revisions"}],"predecessor-version":[{"id":66934,"href":"https:\/\/miradordeatarfe.es\/index.php?rest_route=\/wp\/v2\/posts\/66932\/revisions\/66934"}],"wp:featuredmedia":[{"embeddable":true,"href":"https:\/\/miradordeatarfe.es\/index.php?rest_route=\/wp\/v2\/media\/66933"}],"wp:attachment":[{"href":"https:\/\/miradordeatarfe.es\/index.php?rest_route=%2Fwp%2Fv2%2Fmedia&parent=66932"}],"wp:term":[{"taxonomy":"category","embeddable":true,"href":"https:\/\/miradordeatarfe.es\/index.php?rest_route=%2Fwp%2Fv2%2Fcategories&post=66932"},{"taxonomy":"post_tag","embeddable":true,"href":"https:\/\/miradordeatarfe.es\/index.php?rest_route=%2Fwp%2Fv2%2Ftags&post=66932"}],"curies":[{"name":"wp","href":"https:\/\/api.w.org\/{rel}","templated":true}]}}