{"id":66935,"date":"2024-02-07T09:45:29","date_gmt":"2024-02-07T08:45:29","guid":{"rendered":"https:\/\/miradordeatarfe.es\/?p=66935"},"modified":"2024-02-07T10:26:41","modified_gmt":"2024-02-07T09:26:41","slug":"de-los-angeles-a-granada-el-retorno-de-rocio-mesa-a-sus-origenes","status":"publish","type":"post","link":"https:\/\/miradordeatarfe.es\/?p=66935","title":{"rendered":"De Los \u00c1ngeles a Granada, el retorno de Roc\u00edo Mesa a sus or\u00edgenes"},"content":{"rendered":"<header class=\"single-new-header\">\n<h2 class=\"single-subtitle\" style=\"text-align: justify;\">La directora granadina regresa al pa\u00eds que la vio nacer y ofrece una entrevista m\u00e1s personal sobre el cine y sus planes futuros<ins id=\"revive-0-0\" data-revive-zoneid=\"35\" data-revive-id=\"3675e576db6d1cc6cb6554b6e5954dc7\" data-revive-seq=\"0\" data-revive-loaded=\"1\"><\/ins><\/h2>\n<\/header>\n<p style=\"text-align: justify;\">El &#8216;sue\u00f1o americano&#8217;, algo con lo que muchos han fantaseado en alg\u00fan punto de sus vidas, una idealizaci\u00f3n de Estados Unidos propiciada por las pel\u00edculas y series provenientes del pa\u00eds norteamericano. Esto conlleva, en muchas ocasiones, despreciar lo cercano e infravalorar el trabajo que se realiza dentro de la tierra propia, en obviar los talentos locales y maravillarse ante los internacionales. Sin embargo, hay personas como Roc\u00edo Mesa que apuestan por lo contrario.<\/p>\n<p style=\"text-align: justify;\">La directora granadina ha emprendido el camino de vuelta a su tierra tras m\u00e1s de diez a\u00f1os viviendo en California. Tras exportar la cultura espa\u00f1ola a Estados Unidos, Mesa a\u00f1oraba el suelo mediterr\u00e1neo, queriendo demostrar que la cultura tambi\u00e9n puede desarrollarse desde y dentro del propio pa\u00eds, sin necesidad de recurrir a la masificaci\u00f3n y espect\u00e1culo que ofrece Hollywood.<ins id=\"revive-0-1\" data-revive-zoneid=\"106\" data-revive-id=\"3675e576db6d1cc6cb6554b6e5954dc7\" data-revive-seq=\"1\" data-revive-loaded=\"1\"><\/ins><\/p>\n<p style=\"text-align: justify;\"><b>Pregunta.<\/b><strong> &#8216;Secaderos&#8217; ha tenido un reconocimiento mayor del esperado, \u00bfC\u00f3mo ha vivido su carrera al haber alcanzado ese punto \u00e1lgido?<\/strong><\/p>\n<div class=\"code-block code-block-70b1b7fc60ecf882f79eef3c3eb82c3d code-block-36\" style=\"text-align: justify;\"><ins id=\"revive-0-3\" data-revive-zoneid=\"19\" data-revive-id=\"3675e576db6d1cc6cb6554b6e5954dc7\" data-revive-seq=\"3\" data-revive-loaded=\"1\"><\/p>\n<div id=\"beacon_33c4c72bd9\"><img loading=\"lazy\" decoding=\"async\" src=\"https:\/\/granadadigitaladserver.granadadigital.es\/www\/delivery\/lg.php?bannerid=0&amp;campaignid=0&amp;zoneid=19&amp;loc=https%3A%2F%2Fwww.granadadigital.es%2Fangeles-granada-retorno-rocio-mesa-origenes%2F&amp;referer=https%3A%2F%2Fwww.granadadigital.es%2F&amp;cb=33c4c72bd9\" alt=\"\" width=\"0\" height=\"0\" \/><strong>Respuesta.<\/strong>\u00a0Yo creo que la pel\u00edcula ha encontrado el lugar y el p\u00fablico que ha sabido abrazarla. Por ejemplo, tuvimos mucha suerte desde el principio a la hora de tener un estreno en San Sebasti\u00e1n, y de tener un estreno internacional en South By Southwest en Austin, dos festivales de mucho prestigio que han marcado la pauta del viaje de esa pel\u00edcula, un viaje lleno de alegr\u00eda y sorpresa. He sentido que mi carrera se consolida como creadora y lo que espero es que todas esas alegr\u00edas me den la oportunidad de seguir haciendo cine, que al final es lo que importa.<\/div>\n<p><\/ins><\/div>\n<p style=\"text-align: justify;\"><strong>P. \u00bfQu\u00e9 le hizo emigrar a Los \u00c1ngeles y qu\u00e9 le ha hecho venirse de nuevo a Granada tras vivir durante m\u00e1s de una d\u00e9cada en California?<\/strong><\/p>\n<p style=\"text-align: justify;\"><strong>R. <\/strong>Durante los \u00faltimos trece a\u00f1os he vivido en California. Esto ocurri\u00f3 porque me dieron una beca Talentia de la Junta de Andaluc\u00eda para apoyar el talento andaluz y darle oportunidades para que puedan formarse en el extranjero, donde desarroll\u00e9 una carrera en paralelo con trabajos en Espa\u00f1a. Despu\u00e9s de tantos a\u00f1os en California me apetec\u00eda volver a mi tierra y sin duda ese cambio ha sido provocado por <em>Secaderos<\/em>, una pel\u00edcula que hago, consciente o inconscientemente, para volver a conectar con mis ra\u00edces. El hecho de haber pasado tanto tiempo en Espa\u00f1a durante la producci\u00f3n y distribuci\u00f3n de la pel\u00edcula ha hecho que se me despierten las ganas de volver a Andaluc\u00eda y hacer cosas aqu\u00ed tambi\u00e9n. Pienso que mi generaci\u00f3n ha vivido en la di\u00e1spora porque parec\u00eda que no hab\u00edan oportunidades en Andaluc\u00eda, si quer\u00edas dedicarte a las artes ten\u00edas que salir del pa\u00eds. Mi intenci\u00f3n es trabajar desde dentro para que las futuras generaciones no tengan por qu\u00e9 salir fuera sino que podamos trabajar desde nuestra tierra si as\u00ed lo deseamos, y yo as\u00ed lo deseo ahora y aqu\u00ed estoy, de vuelta.<\/p>\n<p style=\"text-align: justify;\"><strong>P. \u00bfQu\u00e9 es aquello que ha aprendido y considera m\u00e1s importante durante su carrera profesional en Estados Unidos?<\/strong><\/p>\n<p style=\"text-align: justify;\"><strong>R.<\/strong> Lo que he aprendido all\u00ed es que el capitalismo es el mal, pero eso ya lo sab\u00eda yo de casa, s\u00f3lo lo he confirmado. Necesitamos de un estado del bienestar que provea ayudas p\u00fablicas para los sectores minoritarios, all\u00ed no existen ese tipo de ayudas sociales. Necesitamos discriminaci\u00f3n positiva, apoyo tanto en cuestiones de salud y de sanidad universal p\u00fablica como en cuestiones de ayuda a la cultura. Yo he visto en Estados Unidos una sociedad y una comunidad cultural da\u00f1ada, atrofiada, con muchas necesidades que no est\u00e1n cubiertas, con una atenci\u00f3n a la diversidad que no se hace de forma org\u00e1nica ni democr\u00e1tica. En ese sentido en Espa\u00f1a estamos mucho m\u00e1s avanzados, entonces lo que he aprendido realmente es que hay que luchar por sistemas justos que apoyen a las personas que m\u00e1s lo necesitan dentro de ese tejido cultural. Estados Unidos necesita de ayudas p\u00fablicas, que los impuestos no se dediquen solamente a conflictos internacionales sino que vayan destinados a salud p\u00fablica y cultura.<\/p>\n<p style=\"text-align: justify;\"><strong>P. \u00bfCu\u00e1l fue uno de los mayores desaf\u00edos al emigrar e intentar buscar un hueco en la industria?<\/strong><\/p>\n<p style=\"text-align: justify;\"><strong>R.<\/strong> Yo realmente nunca he entrado en la industria de Hollywood porque no me ha interesado, y las veces que lo he hecho ha sido por necesidades econ\u00f3micas. Desde que decid\u00ed dedicarme al cine siempre he tenido un deseo y una necesidad de trabajar en el cine que a m\u00ed me interesa, un cine que no est\u00e1 dise\u00f1ado para que genere grandes beneficios en taquilla, sino que nace de una necesidad creadora\u00a0 y art\u00edstica. Por tanto, es un cine con una mirada m\u00e1s autoral o independiente y ah\u00ed es donde yo he puesto mi energ\u00eda. En ese sentido, la dificultad que yo pude tener es encontrar a mi comunidad, encontrar a las personas con las que yo me sent\u00eda identificada, salt\u00e1ndome esa industria de Hollywood que puede ser m\u00e1s llamativa pero que no era el lugar donde yo me sent\u00eda c\u00f3moda.<\/p>\n<p style=\"text-align: justify;\">Mi intenci\u00f3n es trabajar desde dentro para que las futuras generaciones no tengan por qu\u00e9 salir fuera<\/p>\n<p style=\"text-align: justify;\"><strong>P. \u00bfTiene alg\u00fan proyecto futuro o actual del que pueda hablar y le genere especial ilusi\u00f3n? \u00bfAlguna historia en concreto que desee contar en la gran pantalla?<\/strong><\/p>\n<p style=\"text-align: justify;\"><strong>R.<\/strong> Tengo varios proyectos. Estoy creando una empresa productora llamada Naino aqu\u00ed, en Granada, con Jorge Castrillo. Desde esa nueva empresa cinematogr\u00e1fica vamos a ofrecer talleres de creaci\u00f3n de cine anal\u00f3gico, ciclos formativos&#8230; Nuestra intenci\u00f3n es ser agentes activadores de la discusi\u00f3n y promoci\u00f3n de la creaci\u00f3n y distribuci\u00f3n cinematogr\u00e1fica dentro de nuestra comunidad aut\u00f3noma, aunque con vistas tambi\u00e9n al extranjero. A nivel de creaci\u00f3n estoy trabajando ahora en un cortometraje con poderes sanadores, de corte mas experimental y estoy escribiendo tambi\u00e9n un largometraje del que todav\u00eda no puedo contar mucho, pero estar\u00e1 muy relacionado con la primavera y la monta\u00f1a.<\/p>\n<div id=\"attachment_623900\" class=\"wp-caption aligncenter\" style=\"text-align: justify;\"><img data-recalc-dims=\"1\" loading=\"lazy\" decoding=\"async\" class=\"wp-image-623900 size-medium\" src=\"https:\/\/i0.wp.com\/www.granadadigital.es\/wp-content\/uploads\/2024\/01\/Foto-Antonio-L-Juarez-Directora-Rocio-Mesa-en-Granada-2-630x420.jpg?resize=630%2C420&#038;ssl=1\" sizes=\"auto, (max-width: 630px) 100vw, 630px\" srcset=\"https:\/\/www.granadadigital.es\/wp-content\/uploads\/2024\/01\/Foto-Antonio-L-Juarez-Directora-Rocio-Mesa-en-Granada-2-630x420.jpg 630w, https:\/\/www.granadadigital.es\/wp-content\/uploads\/2024\/01\/Foto-Antonio-L-Juarez-Directora-Rocio-Mesa-en-Granada-2-1010x673.jpg 1010w, https:\/\/www.granadadigital.es\/wp-content\/uploads\/2024\/01\/Foto-Antonio-L-Juarez-Directora-Rocio-Mesa-en-Granada-2-316x211.jpg 316w, https:\/\/www.granadadigital.es\/wp-content\/uploads\/2024\/01\/Foto-Antonio-L-Juarez-Directora-Rocio-Mesa-en-Granada-2-143x95.jpg 143w, https:\/\/www.granadadigital.es\/wp-content\/uploads\/2024\/01\/Foto-Antonio-L-Juarez-Directora-Rocio-Mesa-en-Granada-2-105x70.jpg 105w, https:\/\/www.granadadigital.es\/wp-content\/uploads\/2024\/01\/Foto-Antonio-L-Juarez-Directora-Rocio-Mesa-en-Granada-2-96x64.jpg 96w, https:\/\/www.granadadigital.es\/wp-content\/uploads\/2024\/01\/Foto-Antonio-L-Juarez-Directora-Rocio-Mesa-en-Granada-2-240x160.jpg 240w, https:\/\/www.granadadigital.es\/wp-content\/uploads\/2024\/01\/Foto-Antonio-L-Juarez-Directora-Rocio-Mesa-en-Granada-2-225x150.jpg 225w, https:\/\/www.granadadigital.es\/wp-content\/uploads\/2024\/01\/Foto-Antonio-L-Juarez-Directora-Rocio-Mesa-en-Granada-2-1080x720.jpg 1080w, https:\/\/www.granadadigital.es\/wp-content\/uploads\/2024\/01\/Foto-Antonio-L-Juarez-Directora-Rocio-Mesa-en-Granada-2.jpg 1500w\" alt=\"\" width=\"630\" height=\"420\" aria-describedby=\"caption-attachment-623900\" \/><\/p>\n<p id=\"caption-attachment-623900\" class=\"wp-caption-text\">\u00abNunca he entrado en la industria de Hollywood porque no me ha interesado\u00bb | Foto: Antonio L. Ju\u00e1rez<\/p>\n<\/div>\n<p style=\"text-align: justify;\"><strong>P. Ten\u00e9is una iniciativa, a trav\u00e9s de La ola proyecciones, en la que llev\u00e1is cine de vanguardia espa\u00f1ol a sitios de Estados Unidos, lo que me recuerda en cierto modo al teatro de barracas de Lorca, \u00bfc\u00f3mo se os ocurri\u00f3 esa idea y qu\u00e9 os motiv\u00f3 a llevarla a cabo?<\/strong><\/p>\n<p style=\"text-align: justify;\"><strong>R.<\/strong>\u00a0&#8216;La ola&#8217; es un proyecto que nace de forma colectiva con los compa\u00f1eros audiovisuales de Playtime Espa\u00f1a y otros compa\u00f1eros de Estados Unidos, como Jana D\u00edaz Juhl o Pau Brunet, entre otros. Nace de un deseo de darle visibilidad a un cine s\u00faper interesante que se est\u00e1 haciendo en Espa\u00f1a. Este proyecto surge hace unos diez a\u00f1os, coincide con esta nueva ola de cine espa\u00f1ol con una mirada autoral, s\u00faper innovador tanto en lo est\u00e9tico como en lo narrativo, que empieza a posicionarnos en festivales internacionales de gran prestigio. Pero eran pel\u00edculas que no consegu\u00edan distribuci\u00f3n en Norteam\u00e9rica. Gracias a &#8216;La ola&#8217; damos un espacio de difusi\u00f3n, invitamos a cineastas espa\u00f1oles a Estados Unidos con la oportunidad de que sus pel\u00edculas se viesen en lugares tan emblem\u00e1ticos como el<em> &#8216;<\/em>Anthology Film Archives&#8217; o la &#8216;American Cinematheque&#8217;. A nivel personal, me ha servido durante muchos a\u00f1os para seguir conectada con todo el tejido y panorama de creaci\u00f3n espa\u00f1ol que tanto me interesaba.<\/p>\n<p style=\"text-align: justify;\"><strong>P. \u00bfDe d\u00f3nde proviene esta pasi\u00f3n por el cine y su relaci\u00f3n con la denuncia social? \u00bfQu\u00e9 significa para usted el cine y qu\u00e9 pretende reflejar con \u00e9l?<\/strong><\/p>\n<p style=\"text-align: justify;\"><strong>R.<\/strong> Todo lo que hacemos es pol\u00edtico y, por tanto, la forma que tenemos de acercarnos al cine tambi\u00e9n es pol\u00edtica. En <em>Secaderos<\/em>, por ejemplo, podemos ver que de forma transversal hay una cr\u00edtica a la expansi\u00f3n inmobiliaria tan bestial que ha habido en la Vega de Granada, que no ha respetado esos terrenos de regad\u00edo tan importantes. En ese sentido, mi forma de mirar o acercarme al cine siempre va a tener una intenci\u00f3n inevitablemente pol\u00edtica no solo en el contenido, sino en c\u00f3mo se hace y qu\u00e9 tipo de cine es, qu\u00e9 personas incluyes en tu equipo&#8230; En cuanto a mi amor al cine y de d\u00f3nde surge esa necesidad, la verdad es que lo desconozco por completo. Creo que es una forma de creaci\u00f3n que a\u00fana muchos elementos que me interesan como la escritura, lo sonoro y la imagen. Pero no descarto dejar de hacer cine y dedicarme a la cer\u00e1mica, tambi\u00e9n te lo digo (risas). Bromas aparte, a lo que me refiero es que creo que cuando, de forma intuitiva, tienes un amor por las artes, de repente tropiezas y caes en el cine, pero quiz\u00e1 podr\u00eda haber sido otra cosa.<\/p>\n<p style=\"text-align: justify;\"><strong>P. \u00bfHay una cierta vuelta a los inicios del cine, al grabar con t\u00e9cnicas como usar c\u00e1maras anal\u00f3gicas 16 mm y super 8?\u00a0<\/strong><\/p>\n<p style=\"text-align: justify;\"><strong>R.<\/strong>\u00a0No se si hay o no una vuelta al anal\u00f3gico, pero s\u00ed noto un deseo por parte de los creadores e incluso de las nuevas generaciones. Recientemente estuve dando una clase dentro del M\u00e1ster de la UGR de Nuevos Medios Interactivos y Periodismo Multimedia, y se acercaron muchas chicas j\u00f3venes cuando habl\u00e9 de cine experimental porque les interesaba mucho el cine anal\u00f3gico. Creo que hay un inter\u00e9s que procede del hecho de que la transici\u00f3n al cine digital ha sido relativamente reciente, y en esta era digital donde todo ocurre tan deprisa y todo es tan vol\u00e1til, ese formato que es tangible, que podemos tocar, de repente nos devuelve a una realidad que est\u00e1 presente. Hay algo interesante en ese deseo de poder trabajar con algo presente, t\u00e1ctil, real.<\/p>\n<p style=\"text-align: justify;\">Todo lo que hacemos es pol\u00edtico<\/p>\n<div id=\"attachment_623901\" class=\"wp-caption aligncenter\" style=\"text-align: justify;\"><img data-recalc-dims=\"1\" loading=\"lazy\" decoding=\"async\" class=\"size-medium wp-image-623901\" src=\"https:\/\/i0.wp.com\/www.granadadigital.es\/wp-content\/uploads\/2024\/01\/Foto-Antonio-L-Juarez-Directora-Rocio-Mesa-en-Granada-3-630x420.jpg?resize=630%2C420&#038;ssl=1\" sizes=\"auto, (max-width: 630px) 100vw, 630px\" srcset=\"https:\/\/www.granadadigital.es\/wp-content\/uploads\/2024\/01\/Foto-Antonio-L-Juarez-Directora-Rocio-Mesa-en-Granada-3-630x420.jpg 630w, https:\/\/www.granadadigital.es\/wp-content\/uploads\/2024\/01\/Foto-Antonio-L-Juarez-Directora-Rocio-Mesa-en-Granada-3-1010x673.jpg 1010w, https:\/\/www.granadadigital.es\/wp-content\/uploads\/2024\/01\/Foto-Antonio-L-Juarez-Directora-Rocio-Mesa-en-Granada-3-316x211.jpg 316w, https:\/\/www.granadadigital.es\/wp-content\/uploads\/2024\/01\/Foto-Antonio-L-Juarez-Directora-Rocio-Mesa-en-Granada-3-143x95.jpg 143w, https:\/\/www.granadadigital.es\/wp-content\/uploads\/2024\/01\/Foto-Antonio-L-Juarez-Directora-Rocio-Mesa-en-Granada-3-105x70.jpg 105w, https:\/\/www.granadadigital.es\/wp-content\/uploads\/2024\/01\/Foto-Antonio-L-Juarez-Directora-Rocio-Mesa-en-Granada-3-96x64.jpg 96w, https:\/\/www.granadadigital.es\/wp-content\/uploads\/2024\/01\/Foto-Antonio-L-Juarez-Directora-Rocio-Mesa-en-Granada-3-240x160.jpg 240w, https:\/\/www.granadadigital.es\/wp-content\/uploads\/2024\/01\/Foto-Antonio-L-Juarez-Directora-Rocio-Mesa-en-Granada-3-225x150.jpg 225w, https:\/\/www.granadadigital.es\/wp-content\/uploads\/2024\/01\/Foto-Antonio-L-Juarez-Directora-Rocio-Mesa-en-Granada-3-1080x720.jpg 1080w, https:\/\/www.granadadigital.es\/wp-content\/uploads\/2024\/01\/Foto-Antonio-L-Juarez-Directora-Rocio-Mesa-en-Granada-3.jpg 1500w\" alt=\"\" width=\"630\" height=\"420\" aria-describedby=\"caption-attachment-623901\" \/><\/p>\n<p id=\"caption-attachment-623901\" class=\"wp-caption-text\">\u00abHay algo muy bonito en hacer pel\u00edculas: trabajar de forma colectiva, crear una peque\u00f1a familia\u00bb | Foto: Antonio L. Ju\u00e1rez<\/p>\n<\/div>\n<p style=\"text-align: justify;\"><strong>P. \u00bfHacia d\u00f3nde cree que va a encaminarse el cine?<\/strong><\/p>\n<p style=\"text-align: justify;\"><strong>R. <\/strong>Actualmente, con la entrada del cine digital en la creaci\u00f3n estamos viendo que el n\u00famero de pel\u00edculas que se hacen al a\u00f1o incrementa de forma exponencial. Tendremos que inventar nuevas v\u00edas de distribuci\u00f3n y visibilizaci\u00f3n del cine, porque se hacen demasiadas pel\u00edculas incre\u00edbles al a\u00f1o y hay muy pocas que tengan la capacidad de tener los mecanismos de marketing para publicitarse y llegar al p\u00fablico de forma masiva.<\/p>\n<p style=\"text-align: justify;\"><strong>P. \u00bfQu\u00e9 se siente al ser mujer y haber alcanzado sus sue\u00f1os en una industria principalmente dominada por hombres, m\u00e1s a\u00fan en Hollywood?<\/strong><\/p>\n<p style=\"text-align: justify;\"><strong>R. <\/strong>El simple hecho de que estemos hablando de esto, que ser mujer en la industria est\u00e9 en una pregunta de una entrevista, significa que hay un problema que todav\u00eda no est\u00e1 resuelto y que no hemos llegado al punto en que vivamos en condiciones igualitarias. Ahora mismo en Espa\u00f1a est\u00e1n saliendo a la luz declaraciones de muchas mujeres que han sufrido violencia sexual y de g\u00e9nero dentro de la industria. Me gustar\u00eda pensar que estamos progresando gracias a la lucha de muchas, a las mujeres que se atreven a alzar su voz y denunciar casos de agresiones, injusticias&#8230;Tengo much\u00edsimo agradecimiento hacia todas ellas porque me consta que no es f\u00e1cil. Nos queda mucho trabajo por hacer, pero tengo esperanza porque veo el cambio que ha habido desde que yo entr\u00e9 en la industria hace quince a\u00f1os hasta ahora. Simplemente nos queda seguir la lucha.<\/p>\n<p style=\"text-align: justify;\">Que ser mujer en la industria est\u00e9 en una pregunta de una entrevista, significa que hay un problema que todav\u00eda no est\u00e1 resuelto<\/p>\n<p style=\"text-align: justify;\"><strong>P. \u00bfQu\u00e9 es lo que m\u00e1s ha cambiado de su concepci\u00f3n del cine desde que empez\u00f3?<\/strong><\/p>\n<p style=\"text-align: justify;\"><strong>R.<\/strong> Nada. Lo \u00fanico es que creo que cuanto m\u00e1s conoces la industria, m\u00e1s te das cuenta del valor del marketing e importancia de los presupuestos. Cuando comparamos pel\u00edculas, no nos damos cuenta de que quiz\u00e1 estamos comparando una de 200 millones con una de 1 mill\u00f3n. La capacidad presupuestaria de producci\u00f3n, marketing y publicidad de esas dos pel\u00edculas no va a ser la misma y no va a llegar a los mismos p\u00fablicos. En el tiempo que llevo en la industria cinematogr\u00e1fica cada vez le doy m\u00e1s importancia al dinero, algo en lo que yo antes no pensaba. Contar con buenos presupuestos ayuda a que las personas tengan buenas condiciones laborales, a hacer la pel\u00edcula que deseas y a que despu\u00e9s tenga las herramientas para publicitarse y llegar al p\u00fablico. Yo empec\u00e9, como todas, muy inocente, pensando en la creaci\u00f3n como un lugar creativo, propiamente dicho. Ahora te das cuenta de que lo creativo est\u00e1 \u00edntimamente ligado a lo econ\u00f3mico. En Espa\u00f1a cada vez hay m\u00e1s mujeres directoras, pero no las vemos haciendo pel\u00edculas de grandes presupuestos. Las mujeres que est\u00e1n haciendo pel\u00edculas de corte autoral o independiente no significa que no merezcan tener el presupuesto suficiente. Es importante luchar por tener buenos presupuestos.<\/p>\n<p style=\"text-align: justify;\"><strong>P. \u00bfCu\u00e1l es su momento favorito de hacer una pel\u00edcula, la parte que m\u00e1s le gusta?<\/strong><\/p>\n<p style=\"text-align: justify;\"><strong>R.<\/strong>\u00a0Depende del proyecto, porque todos son diferentes y tienen caracter\u00edsticas \u00fanicas. Por ejemplo, de<em> Secaderos<\/em> te puedo asegurar que mi parte favorita fue trabajar con los actores. En este caso, en su mayor\u00eda eran actores sin experiencia previa, lo cual lo hizo muy especial, muy humano y emotivo. Hubo mucha ternura. Esa conexi\u00f3n humana me interes\u00f3 mucho, pero creo que en otros proyectos hay otros elementos.<\/p>\n<blockquote>\n<p>Ver cine hecho y escrito por mujeres fue muy revelador<\/p>\n<\/blockquote>\n<div id=\"attachment_623898\" class=\"wp-caption aligncenter\" style=\"text-align: justify;\"><img data-recalc-dims=\"1\" loading=\"lazy\" decoding=\"async\" class=\"size-medium wp-image-623898\" src=\"https:\/\/i0.wp.com\/www.granadadigital.es\/wp-content\/uploads\/2024\/01\/Foto-Antonio-L-Juarez-Directora-Rocio-Mesa-en-Granada-1-630x420.jpg?resize=630%2C420&#038;ssl=1\" sizes=\"auto, (max-width: 630px) 100vw, 630px\" srcset=\"https:\/\/www.granadadigital.es\/wp-content\/uploads\/2024\/01\/Foto-Antonio-L-Juarez-Directora-Rocio-Mesa-en-Granada-1-630x420.jpg 630w, https:\/\/www.granadadigital.es\/wp-content\/uploads\/2024\/01\/Foto-Antonio-L-Juarez-Directora-Rocio-Mesa-en-Granada-1-1010x673.jpg 1010w, https:\/\/www.granadadigital.es\/wp-content\/uploads\/2024\/01\/Foto-Antonio-L-Juarez-Directora-Rocio-Mesa-en-Granada-1-316x211.jpg 316w, https:\/\/www.granadadigital.es\/wp-content\/uploads\/2024\/01\/Foto-Antonio-L-Juarez-Directora-Rocio-Mesa-en-Granada-1-143x95.jpg 143w, https:\/\/www.granadadigital.es\/wp-content\/uploads\/2024\/01\/Foto-Antonio-L-Juarez-Directora-Rocio-Mesa-en-Granada-1-105x70.jpg 105w, https:\/\/www.granadadigital.es\/wp-content\/uploads\/2024\/01\/Foto-Antonio-L-Juarez-Directora-Rocio-Mesa-en-Granada-1-96x64.jpg 96w, https:\/\/www.granadadigital.es\/wp-content\/uploads\/2024\/01\/Foto-Antonio-L-Juarez-Directora-Rocio-Mesa-en-Granada-1-240x160.jpg 240w, https:\/\/www.granadadigital.es\/wp-content\/uploads\/2024\/01\/Foto-Antonio-L-Juarez-Directora-Rocio-Mesa-en-Granada-1-225x150.jpg 225w, https:\/\/www.granadadigital.es\/wp-content\/uploads\/2024\/01\/Foto-Antonio-L-Juarez-Directora-Rocio-Mesa-en-Granada-1-1080x720.jpg 1080w, https:\/\/www.granadadigital.es\/wp-content\/uploads\/2024\/01\/Foto-Antonio-L-Juarez-Directora-Rocio-Mesa-en-Granada-1.jpg 1500w\" alt=\"\" width=\"630\" height=\"420\" aria-describedby=\"caption-attachment-623898\" \/><\/p>\n<p id=\"caption-attachment-623898\" class=\"wp-caption-text\">\u00abA mi los Oscar no me interesan mucho, no se ni qui\u00e9n est\u00e1 nominado\u00bb | Foto: Antonio L. Ju\u00e1rez<\/p>\n<\/div>\n<p style=\"text-align: justify;\"><strong>P. \u00bfCu\u00e1les son las directoras\/es que m\u00e1s la han inspirado a lo largo de su vida?<\/strong><\/p>\n<p style=\"text-align: justify;\"><strong>R.<\/strong> Tengo que decir que ver cine escrito y dirigido por mujeres fue muy revelador, de repente sent\u00eda que esas pel\u00edculas estaban hechas en un c\u00f3digo que me hablaba y me apelaba de forma directa. Era algo que no hab\u00eda sentido previamente hasta acercarme a ese cine hecho por mujeres. Dec\u00eda \u00ab\u00bfpero c\u00f3mo puede ser, c\u00f3mo puede estar esta pel\u00edcula hablando en este c\u00f3digo secreto que yo entiendo?\u00bb. Me pas\u00f3 mucho cuando me acerqu\u00e9 al cine de Agn\u00e8s Varda, Chantal Akerman, Maya Deren, Lucrecia Martel y muchas otras directoras. Por supuesto, hay directores que tambi\u00e9n me interesan, pero fueron ellas las que me cogieron un pellizquito con ese lenguaje secreto parecido a otro idioma que yo sab\u00eda hablar, el contenido, los temas, el tipo de actrices escogidas&#8230;<\/p>\n<p style=\"text-align: justify;\"><strong>P. Hacer pel\u00edculas es un modo de inmortalizarse, rescatando un poco la idea de Walter Benjamin, \u00bfQu\u00e9 opina usted sobre eso?<\/strong><\/p>\n<p style=\"text-align: justify;\"><strong>R.<\/strong> El hecho de que el cine sea capaz de inmortalizar ciertos elementos me interesa, pero no a nivel personal. Por ejemplo, cuando hice<em> Secaderos<\/em> me interesaba much\u00edsimo documentar esos \u00faltimos rastros que todav\u00eda quedan del cultivo de tabaco en la Vega de Granada, que quedase como forma de archivo. En ese sentido, el cine s\u00ed me interesa como forma de encapsular, eternizar ciertos paisajes, costumbres, tradiciones&#8230; pero a nivel personal no me interesa dejar huella en el futuro. Si desaparezco y no queda rastro estar\u00eda encantada de la vida, de hecho no voy a tener hijos, con lo cual cuando me muera nadie se acordar\u00e1 de m\u00ed nunca (risas).<\/p>\n<p style=\"text-align: justify;\"><strong>P. \u00bfQu\u00e9 pel\u00edculas crees que ganaran en los Oscar a mejor actor, mejor actriz, mejor pel\u00edcula y mejor pel\u00edcula extranjera?\u00a0<\/strong><\/p>\n<p style=\"text-align: justify;\"><strong>R.<\/strong>\u00a0Te voy a ser completamente sincera, a m\u00ed los Oscar no me interesan mucho, no se ni qui\u00e9n est\u00e1 nominado (risas). El tema de los premios y la competitividad es algo que no me interesa, realmente no creo que se puedan comparar unas pel\u00edculas con otras. Es absurdo, el arte no puede compararse. Todos tenemos sensibilidades diferentes y nos vamos a acercar a una obra art\u00edstica de forma diferente, lo que a ti te sensibiliza probablemente a mi no. Estos concursos son necesarios para que siga girando la rueda capitalista de la industria y comprendo que existan, pero a m\u00ed no me dicen mucho.<\/p>\n<blockquote>\n<p>Necesitamos visibilidad, eso se traduce en mejores condiciones laborales y mejores oportunidades para seguir haciendo cine en el futuro<\/p>\n<\/blockquote>\n<p style=\"text-align: justify;\"><strong>P. <em>Secaderos<\/em> est\u00e1 ahora nominada a los premios Carmen, \u00bfC\u00f3mo se siente respecto a eso?<\/strong><\/p>\n<p style=\"text-align: justify;\"><strong>R.<\/strong>\u00a0Tenemos cinco nominaciones en los premios Carmen de la Academia de Cine Andaluz, me ha hecho much\u00edsima ilusi\u00f3n que se nominaran a miembros del equipo que no tienen tanta visibilidad. Por ejemplo, direcci\u00f3n de arte, vestuario, efectos especiales&#8230; Quien da la cara, por ejemplo en esta entrevista, es la directora o los actores, pero las pel\u00edculas tienen detr\u00e1s un equipo enorme sin el que ser\u00eda imposible crearlas. Hay algo muy bonito en hacer pel\u00edculas: trabajar de forma colectiva, crear una peque\u00f1a familia y ver que recibe los reconocimientos que se merecen, me da much\u00edsima alegr\u00eda.<\/p>\n<p style=\"text-align: justify;\">No creo en los premios ni competitividades, adem\u00e1s de ser un motor para la industria en cierta manera necesario, tambi\u00e9n viene de una mentalidad muy masculina, porque lo masculino genera competitividad, comparaciones&#8230; Sin embargo, las mujeres tendemos a crear comunidad, a ayudarnos entre nosotras, a crear una especie de tejido colectivo donde cada participaci\u00f3n se une. Si la industria estuviera en manos de mujeres, a lo mejor estas galas consistir\u00edan en mostrar todo lo que se est\u00e1 haciendo en el panorama cinematogr\u00e1fico sin necesidad de comparar ni competir los unos contra otros. Lo que s\u00ed nos interesa, y es muy importante, es que nuestro trabajo tenga visibilidad. Si estos premios van a servir para ello, para que las mujeres que hacemos cine podamos estar en el punto de mira y crear referentes para las j\u00f3venes que quieran dedicarse a ello, entonces estupendo. Necesitamos visibilidad, eso se traduce en mejores condiciones laborales y mejores oportunidades para seguir haciendo cine en el futuro. Nosotras hemos tenido una carencia de referentes femeninos, en ese sentido s\u00ed me interesa ir a los premios Carmen u otro tipo de ceremonias y competiciones, con la ilusi\u00f3n de que va a servir para que nuestro trabajo se visibilice.<\/p>\n<div class=\"single-new-img\" style=\"text-align: justify;\">\n<figure><figcaption class=\"caption wp-caption-text\"><strong><span class=\"single-new-header-comments\"><span class=\"single-new-author\">Diana Ioana<\/span><\/span><\/strong><br \/>\nFOTO: La directora de &#8216;Secaderos&#8217; otorga su visi\u00f3n de la industria cinematogr\u00e1fica | Foto: Antonio L. Juarez<br \/>\nhttps:\/\/www.granadadigital.es\/angeles-granada-retorno-rocio-mesa-origenes\/<\/figcaption><\/figure>\n<\/div>\n<div class=\"row single-new-content\">\n<div class=\"col-md-8 content-left\">\n<div class=\"single-new-header-meta text-muted\">\n<div class=\"single-new-date-author\" style=\"text-align: justify;\"><span class=\"single-new-date\"><time class=\"entry-date published\" datetime=\"2024-02-04T06:00:13+01:00\">\u00a0<\/time><\/span><\/div>\n<\/div>\n<\/div>\n<\/div>\n","protected":false},"excerpt":{"rendered":"<p>La directora granadina regresa al pa\u00eds que la vio nacer y ofrece una entrevista m\u00e1s&#8230;<\/p>\n","protected":false},"author":1,"featured_media":66936,"comment_status":"closed","ping_status":"closed","sticky":false,"template":"","format":"standard","meta":{"_coblocks_attr":"","_coblocks_dimensions":"","_coblocks_responsive_height":"","_coblocks_accordion_ie_support":"","jetpack_post_was_ever_published":false,"_jetpack_newsletter_access":"","_jetpack_dont_email_post_to_subs":false,"_jetpack_newsletter_tier_id":0,"_jetpack_memberships_contains_paywalled_content":false,"_jetpack_memberships_contains_paid_content":false,"footnotes":"","jetpack_publicize_message":"","jetpack_publicize_feature_enabled":true,"jetpack_social_post_already_shared":false,"jetpack_social_options":{"image_generator_settings":{"template":"highway","default_image_id":0,"enabled":false},"version":2}},"categories":[1161,14,10781,44],"tags":[],"class_list":["post-66935","post","type-post","status-publish","format-standard","has-post-thumbnail","hentry","category-ciudadania","category-feminismo","category-granada","category-noticias-de-hoy"],"jetpack_publicize_connections":[],"jetpack_featured_media_url":"https:\/\/i0.wp.com\/miradordeatarfe.es\/wp-content\/uploads\/2024\/02\/Foto-Antonio-L-Juarez-Directora-Rocio-Mesa-en-Granada-4-1010x673-1.jpg?fit=1010%2C673&ssl=1","jetpack_likes_enabled":true,"jetpack_sharing_enabled":true,"_links":{"self":[{"href":"https:\/\/miradordeatarfe.es\/index.php?rest_route=\/wp\/v2\/posts\/66935","targetHints":{"allow":["GET"]}}],"collection":[{"href":"https:\/\/miradordeatarfe.es\/index.php?rest_route=\/wp\/v2\/posts"}],"about":[{"href":"https:\/\/miradordeatarfe.es\/index.php?rest_route=\/wp\/v2\/types\/post"}],"author":[{"embeddable":true,"href":"https:\/\/miradordeatarfe.es\/index.php?rest_route=\/wp\/v2\/users\/1"}],"replies":[{"embeddable":true,"href":"https:\/\/miradordeatarfe.es\/index.php?rest_route=%2Fwp%2Fv2%2Fcomments&post=66935"}],"version-history":[{"count":2,"href":"https:\/\/miradordeatarfe.es\/index.php?rest_route=\/wp\/v2\/posts\/66935\/revisions"}],"predecessor-version":[{"id":66938,"href":"https:\/\/miradordeatarfe.es\/index.php?rest_route=\/wp\/v2\/posts\/66935\/revisions\/66938"}],"wp:featuredmedia":[{"embeddable":true,"href":"https:\/\/miradordeatarfe.es\/index.php?rest_route=\/wp\/v2\/media\/66936"}],"wp:attachment":[{"href":"https:\/\/miradordeatarfe.es\/index.php?rest_route=%2Fwp%2Fv2%2Fmedia&parent=66935"}],"wp:term":[{"taxonomy":"category","embeddable":true,"href":"https:\/\/miradordeatarfe.es\/index.php?rest_route=%2Fwp%2Fv2%2Fcategories&post=66935"},{"taxonomy":"post_tag","embeddable":true,"href":"https:\/\/miradordeatarfe.es\/index.php?rest_route=%2Fwp%2Fv2%2Ftags&post=66935"}],"curies":[{"name":"wp","href":"https:\/\/api.w.org\/{rel}","templated":true}]}}