{"id":66939,"date":"2024-02-05T09:08:57","date_gmt":"2024-02-05T08:08:57","guid":{"rendered":"https:\/\/miradordeatarfe.es\/?p=66939"},"modified":"2024-02-04T21:16:29","modified_gmt":"2024-02-04T20:16:29","slug":"66939","status":"publish","type":"post","link":"https:\/\/miradordeatarfe.es\/?p=66939","title":{"rendered":"Personas que me gustan"},"content":{"rendered":"<h3 style=\"text-align: justify;\">Realmente, hay personas, que nos impulsan, nos aportan, que suman, que nos dan la posibilidad de ver el mundo con otros ojos.<\/h3>\n<p style=\"text-align: justify;\">La gente as\u00ed, es la gente que nos gusta, que merece la pena conocer, que vale la pena ser su amigo, que es bueno estar cerca, son personas que nos enriquecen. Son personas que suman, que aportan, que nos elevan y nos empujan en direcci\u00f3n a nuestros valores y metas.<\/p>\n<p style=\"text-align: justify;\">El tipo de persona que te gusta explica mucho sobre tu personalidad. Que una persona nos atraiga no habla solo del tipo de personas que f\u00edsicamente nos parecen atractivas, tambi\u00e9n revela datos sobre los valores, carencias emocionales y aspectos de nuestra personalidad.<\/p>\n<p style=\"text-align: justify;\">Si nos gustan las personas espont\u00e1neas que viven la vida al l\u00edmite, es posible que nosotros tambi\u00e9n queramos vivir estas experiencias. Si no somos as\u00ed, puede que las queramos vivir a trav\u00e9s de la otra persona.<\/p>\n<p style=\"text-align: justify;\">Si nos atraen las personas anal\u00edticas que tienen un gran sentido com\u00fan y l\u00f3gica, puede que seamos una persona decidida y segura de nosotros mismos. Nos gustan las cosas bien hechas y somos asertivos en cuando a nuestras necesidades.<\/p>\n<p style=\"text-align: justify;\">Si somos una persona disciplinada y que gestiona bien sus emociones, quiz\u00e1s nos atraigan las personas responsables. Una persona que no es responsable no podr\u00e1 ponerse de frente ante los problemas de la relaci\u00f3n.<\/p>\n<p style=\"text-align: justify;\">Si nos gustan las personas cari\u00f1osas y alegres con todos, puede ser que prefiramos tener el control o sentirnos atra\u00eddos por aquellos que no son complicados para tener una relaci\u00f3n.<\/p>\n<p style=\"text-align: justify;\"><strong>Y yo dir\u00eda como cuenta Benedetti:<\/strong><\/p>\n<p style=\"text-align: justify;\">Me gusta la gente que vibra, que no hay que empujarla, que no hay que decirle que haga las cosas, sino que sabe lo que hay que hacer y que lo hace. La gente que cultiva sus sue\u00f1os hasta que esos sue\u00f1os se apoderan de su propia realidad. Me gusta la gente con capacidad para asumir las consecuencias de sus acciones, la gente que arriesga lo cierto por lo incierto para ir detr\u00e1s de un sue\u00f1o, quien se permite huir de los consejos sensatos dejando las soluciones en manos de nuestro padre Dios.<\/p>\n<p style=\"text-align: justify;\">Me gusta la gente que es justa con su gente y consigo misma, la gente que agradece el nuevo d\u00eda, las cosas buenas que existen en su vida, que vive cada hora con buen \u00e1nimo dando lo mejor de s\u00ed, agradecido de estar vivo, de poder regalar sonrisas, de ofrecer sus manos y ayudar generosamente sin esperar nada a cambio.<\/p>\n<p style=\"text-align: justify;\">Me gusta la gente capaz de criticarme constructivamente y de frente, pero sin lastimarme ni herirme.<br \/>\nLa gente que tiene tacto.<\/p>\n<p style=\"text-align: justify;\">Me gusta la gente que posee sentido de la justicia.<\/p>\n<p style=\"text-align: justify;\">A estos los llamo mis amigos.<\/p>\n<p style=\"text-align: justify;\">Me gusta la gente que sabe la importancia de la alegr\u00eda y la predica. La gente que mediante bromas nos ense\u00f1a a concebir la vida con humor.<\/p>\n<p style=\"text-align: justify;\">La gente que nunca deja de ser ani\u00f1ada.<br \/>\nMe gusta la gente que con su energ\u00eda, contagia.<\/p>\n<p style=\"text-align: justify;\">Me gusta la gente sincera y franca, capaz de oponerse con argumentos razonables a las decisiones de cualquiera.<\/p>\n<p style=\"text-align: justify;\">Me gusta la gente fiel y persistente, que no desfallece cuando de alcanzar objetivos e ideas se trata.<\/p>\n<p style=\"text-align: justify;\">Me gusta la gente de criterio, la que no se averg\u00fcenza en reconocer que se equivoc\u00f3 o que no sabe algo. La gente que, al aceptar sus errores, se esfuerza genuinamente por no volver a cometerlos.<\/p>\n<p style=\"text-align: justify;\">La gente que lucha contra adversidades.<br \/>\nMe gusta la gente que busca soluciones.<br \/>\nMe gusta la gente que piensa y medita internamente. La gente que valora a sus semejantes no por un estereotipo social ni c\u00f3mo lucen. La gente que no juzga ni deja que otros juzguen.<\/p>\n<p style=\"text-align: justify;\">Me gusta la gente que tiene personalidad.<br \/>\nMe gusta la gente capaz de entender que el mayor error del ser humano, es intentar sacarse de la cabeza aquello que no sale del coraz\u00f3n.<\/p>\n<p style=\"text-align: justify;\">La sensibilidad, el coraje, la solidaridad, la bondad, el respeto, la tranquilidad, los valores, la alegr\u00eda, la humildad, la fe, la felicidad, el tacto, la confianza, la esperanza, el agradecimiento, la sabidur\u00eda, los sue\u00f1os, el arrepentimiento y el amor para los dem\u00e1s y propio son cosas fundamentales para llamarse GENTE.<\/p>\n<p style=\"text-align: justify;\">Con gente como \u00e9sa, me comprometo para lo que sea por el resto de mi vida, ya que por tenerlos junto a m\u00ed, me doy por bien retribuido.<\/p>\n<p style=\"text-align: justify;\"><strong>O como dice el poema de Hamlet Lima Quintana:<\/strong><\/p>\n<p style=\"text-align: justify;\">Hay gente que con solo decir una palabra, enciende la ilusi\u00f3n y los rosales;<br \/>\nQue con solo sonre\u00edr entre los ojos, nos invita a viajar por otras zonas,<br \/>\nnos hace recorrer toda la magia.<\/p>\n<p style=\"text-align: justify;\">Hay gente que con solo dar la mano, rompe la soledad, pone la mesa, sirve el puchero, coloca las guirnaldas,<br \/>\nQue con solo empu\u00f1ar una guitarra, hace una sinfon\u00eda de entrecasa.<\/p>\n<p style=\"text-align: justify;\">Hay gente que con solo abrir la boca, llega a todos los l\u00edmites del alma, alimenta una flor, inventa sue\u00f1os, hace cantar el vino en las tinajas, y se queda despu\u00e9s, como si nada. Y uno se va de novio con la vida, desterrando una muerte solitaria<br \/>\npues sabe que a la vuelta de la esquina, hay gente que es as\u00ed, tan necesaria.<\/p>\n<p style=\"text-align: justify;\">Porque como escribe mi amigo Alex Rovira, esta buena gente es la que nos hace la vida m\u00e1s llevadera cuando \u00e9sta se complica y se pone cuesta arriba; ellos son el consuelo en el dolor, incluso los que hacen que las crisis, las traves\u00edas del desierto, puedan acabar en oasis, o igual en para\u00edsos.<\/p>\n<p style=\"text-align: justify;\">Valoramos lo aut\u00e9ntico, porque el hecho de que se unan los verbos decir y hacer es la m\u00e1s maravillosa de las casualidades.<\/p>\n<p style=\"text-align: justify;\">Me gusta la gente que acepta a los dem\u00e1s tal y como son, que no prejuzga, que no critica. Me gustan porque conocen sus l\u00edmites y saben bien que aunque no es oro todo lo que reluce, siempre hay algo en el interior de las personas que merece una sonrisa. Y es que nos gustan las personas que se parecen a nosotros y nosotras.<\/p>\n<p><span class=\"single-new-author\"> <a title=\"Entradas de Joan Carles March\" href=\"https:\/\/www.granadadigital.es\/columnista\/joan-carles-march-salud-con-h-alma\/\" rel=\"author\"><strong> Joan Carles March<\/strong> <\/a><\/span><\/p>\n<p>FOTO: Me gusta la gente que posee sentido de la justicia\u00bb | Foto: Remitida\u00a0<\/p>\n<p>https:\/\/www.granadadigital.es\/opinion-gd-joan-carles-march-personas-que-me-gustan\/<\/p>\n","protected":false},"excerpt":{"rendered":"<p>Realmente, hay personas, que nos impulsan, nos aportan, que suman, que nos dan la posibilidad&#8230;<\/p>\n","protected":false},"author":1,"featured_media":66940,"comment_status":"closed","ping_status":"closed","sticky":false,"template":"","format":"standard","meta":{"_coblocks_attr":"","_coblocks_dimensions":"","_coblocks_responsive_height":"","_coblocks_accordion_ie_support":"","jetpack_post_was_ever_published":false,"_jetpack_newsletter_access":"","_jetpack_dont_email_post_to_subs":false,"_jetpack_newsletter_tier_id":0,"_jetpack_memberships_contains_paywalled_content":false,"_jetpack_memberships_contains_paid_content":false,"footnotes":"","jetpack_publicize_message":"","jetpack_publicize_feature_enabled":true,"jetpack_social_post_already_shared":true,"jetpack_social_options":{"image_generator_settings":{"template":"highway","default_image_id":0,"enabled":false},"version":2}},"categories":[1161,44,6937,10],"tags":[],"class_list":["post-66939","post","type-post","status-publish","format-standard","has-post-thumbnail","hentry","category-ciudadania","category-noticias-de-hoy","category-sociedad","category-salud"],"jetpack_publicize_connections":[],"jetpack_featured_media_url":"https:\/\/i0.wp.com\/miradordeatarfe.es\/wp-content\/uploads\/2024\/02\/IMG_3369.jpeg?fit=660%2C477&ssl=1","jetpack_likes_enabled":true,"jetpack_sharing_enabled":true,"_links":{"self":[{"href":"https:\/\/miradordeatarfe.es\/index.php?rest_route=\/wp\/v2\/posts\/66939","targetHints":{"allow":["GET"]}}],"collection":[{"href":"https:\/\/miradordeatarfe.es\/index.php?rest_route=\/wp\/v2\/posts"}],"about":[{"href":"https:\/\/miradordeatarfe.es\/index.php?rest_route=\/wp\/v2\/types\/post"}],"author":[{"embeddable":true,"href":"https:\/\/miradordeatarfe.es\/index.php?rest_route=\/wp\/v2\/users\/1"}],"replies":[{"embeddable":true,"href":"https:\/\/miradordeatarfe.es\/index.php?rest_route=%2Fwp%2Fv2%2Fcomments&post=66939"}],"version-history":[{"count":3,"href":"https:\/\/miradordeatarfe.es\/index.php?rest_route=\/wp\/v2\/posts\/66939\/revisions"}],"predecessor-version":[{"id":66943,"href":"https:\/\/miradordeatarfe.es\/index.php?rest_route=\/wp\/v2\/posts\/66939\/revisions\/66943"}],"wp:featuredmedia":[{"embeddable":true,"href":"https:\/\/miradordeatarfe.es\/index.php?rest_route=\/wp\/v2\/media\/66940"}],"wp:attachment":[{"href":"https:\/\/miradordeatarfe.es\/index.php?rest_route=%2Fwp%2Fv2%2Fmedia&parent=66939"}],"wp:term":[{"taxonomy":"category","embeddable":true,"href":"https:\/\/miradordeatarfe.es\/index.php?rest_route=%2Fwp%2Fv2%2Fcategories&post=66939"},{"taxonomy":"post_tag","embeddable":true,"href":"https:\/\/miradordeatarfe.es\/index.php?rest_route=%2Fwp%2Fv2%2Ftags&post=66939"}],"curies":[{"name":"wp","href":"https:\/\/api.w.org\/{rel}","templated":true}]}}