{"id":66966,"date":"2024-02-08T10:16:47","date_gmt":"2024-02-08T09:16:47","guid":{"rendered":"https:\/\/miradordeatarfe.es\/?p=66966"},"modified":"2024-02-06T10:21:03","modified_gmt":"2024-02-06T09:21:03","slug":"el-agua-que-se-pierde-en-fugas-de-la-red-espanola-cada-ano-llenaria-seis-veces-el-embalse-de-sau","status":"publish","type":"post","link":"https:\/\/miradordeatarfe.es\/?p=66966","title":{"rendered":"El agua que se pierde en fugas de la red espa\u00f1ola cada a\u00f1o llenar\u00eda seis veces el embalse de Sau"},"content":{"rendered":"<header>\n<h3 style=\"text-align: justify;\">La red de nuestro pa\u00eds es muy vieja. Un cuarto de las tuber\u00edas tiene m\u00e1s de 40 a\u00f1os y no se ha repuesto desde su primera instalaci\u00f3n. Los expertos coinciden en que una gran renovaci\u00f3n ahorrar\u00eda agua<\/h3>\n<div class=\"cnt-txt\">\n<p style=\"text-align: justify;\">No vemos <a href=\"https:\/\/cadenaser.com\/cmadrid\/2023\/12\/20\/como-evitar-que-el-frio-nos-deje-sin-suministro-de-agua-o-que-las-tuberias-estallen-ser-madrid-norte\/\" target=\"_blank\" rel=\"noopener\">las tuber\u00edas de la red de agua<\/a> espa\u00f1ola cuando pasan por debajo de nuestro pueblo o nuestra ciudad. Y como no las vemos, no nos importan mucho. Pero la realidad es que son viejas y est\u00e1n muy deterioradas.<\/p>\n<p style=\"text-align: justify;\">Nuestro sistema de tuber\u00edas mide 225.000 kil\u00f3metros. Si pusi\u00e9ramos toda la red de agua en l\u00ednea recta, le podr\u00edamos dar cinco vueltas a la tierra por el ecuador, seg\u00fan el Estudio Nacional de Suministro de Agua Potable y Saneamiento de AEAS.<\/p>\n<p style=\"text-align: justify;\">Este estudio tambi\u00e9n nos vale para haceros una idea de lo viejo que est\u00e1 el sistema en t\u00e9rminos generales: S\u00f3lo un 17% de la red tiene menos de 10 a\u00f1os porque ha sido renovado o es de nueva construcci\u00f3n (en zonas urbanas de reciente creaci\u00f3n). Un 26% tiene m\u00e1s de 40 a\u00f1os. Se puede decir que tenemos una red obsoleta que, adem\u00e1s, como advierten los expertos, \u00abno se est\u00e1 reponiendo a buen ritmo\u00bb. Lo explica el experto en aguas Gonzalo Delac\u00e1mara: \u00abS\u00f3lo reponemos entre un 0,2 y un 0,4% de la red al a\u00f1o\u00bb. Una cantidad absolutamente insuficiente y que no soluciona para nada el problema.<\/p>\n<p style=\"text-align: justify;\">En este estudio de AEAS hay una frase que describe muy bien el problema: \u00abla inversi\u00f3n prevista, tanto en los presupuestos generales como en los planes municipales de inversi\u00f3n, contin\u00faa siendo insuficiente. Las infraestructuras del agua siguen envejeciendo, con el consiguiente riesgo de perder los niveles actuales de calidad de los servicios de abastecimiento. Es necesario, por tanto, que la ciudadan\u00eda y las autoridades sean conscientes del d\u00e9ficit de inversi\u00f3n que diagnostica y arrastra el sector, especialmente en las necesidades de renovaci\u00f3n\u00bb.<\/p>\n<p style=\"text-align: justify;\">La cantidad de agua que se pierde en el sistema por este motivo es inmensa. Hay estimaciones que la sit\u00faan en seiscientos cincuenta mil millones de litros. Lo que es seguro es que hay dos tipos de p\u00e9rdidas: las primeras se llaman t\u00e9cnicamente \u00abp\u00e9rdidas reales\u00bb. Son las que vienen de fugas, roturas y aver\u00edas y representan 38 litros diarios por habitante. Luego est\u00e1n las llamadas \u00abp\u00e9rdidas aparentes\u00bb. Tienen que ver con fraudes o lecturas incorrectas de los contadores. Suman 24 litros por habitante m\u00e1s. Al d\u00eda.<\/p>\n<h3 style=\"text-align: justify;\">Las mayores p\u00e9rdidas, en Ceuta, Melilla y Canarias<\/h3>\n<p style=\"text-align: justify;\">El mayor porcentaje de p\u00e9rdidas se da en Ceuta, Melilla y Canarias, con un 24%. Le siguen Extremadura, La Rioja, Castilla-La Mancha, Arag\u00f3n y Cantabria con un 21%. Coinciden todas con las redes m\u00e1s envejecidas. Madrid es la comunidad que presenta menos fugas con apenas un 4%. En Euskadi, un 13,1%. Catalu\u00f1a est\u00e1 en la media con un 14%.<\/p>\n<section class=\"c-sum fotx\">\n<figure><picture><source srcset=\"https:\/\/cadenaser.com\/resizer\/6NeCbQohLKtmBS7aJbPqP-pouJs=\/1200x675\/filters:quality(70)\/cloudfront-eu-central-1.images.arcpublishing.com\/prisaradio\/73YNLPFHANHULF2Z3JDRVENM2M.jpg\" media=\"(min-width: 1200px)\" \/><source srcset=\"https:\/\/cadenaser.com\/resizer\/yIHw4vf0wYA2P3U0FFnDAH6z4Qg=\/990x557\/filters:quality(70)\/cloudfront-eu-central-1.images.arcpublishing.com\/prisaradio\/73YNLPFHANHULF2Z3JDRVENM2M.jpg\" media=\"(min-width: 990px)\" \/><source srcset=\"https:\/\/cadenaser.com\/resizer\/poAik-8q7uD4juLXvsR8jKyotgY=\/983x553\/filters:quality(70)\/cloudfront-eu-central-1.images.arcpublishing.com\/prisaradio\/73YNLPFHANHULF2Z3JDRVENM2M.jpg\" media=\"(min-width: 990px)\" \/><source srcset=\"https:\/\/cadenaser.com\/resizer\/P-icE2oDiOjDdVexq9uRCEnXElI=\/768x432\/filters:quality(70)\/cloudfront-eu-central-1.images.arcpublishing.com\/prisaradio\/73YNLPFHANHULF2Z3JDRVENM2M.jpg\" media=\"(max-width: 768px)\" \/><source srcset=\"https:\/\/cadenaser.com\/resizer\/vo-rKWuTMC_7mw5rPtRtfKI9rrk=\/736x414\/filters:quality(70)\/cloudfront-eu-central-1.images.arcpublishing.com\/prisaradio\/73YNLPFHANHULF2Z3JDRVENM2M.jpg\" media=\"(max-width: 768px)\" \/><source srcset=\"https:\/\/cadenaser.com\/resizer\/-vKp4AOl2Q1iuNG19eV3VpPLCHM=\/414x233\/filters:quality(70)\/cloudfront-eu-central-1.images.arcpublishing.com\/prisaradio\/73YNLPFHANHULF2Z3JDRVENM2M.jpg\" media=\"(max-width: 414px)\" \/><source srcset=\"https:\/\/cadenaser.com\/resizer\/vrMSFshIRvcQvNmUV1we3amlUPg=\/382x215\/filters:quality(70)\/cloudfront-eu-central-1.images.arcpublishing.com\/prisaradio\/73YNLPFHANHULF2Z3JDRVENM2M.jpg\" media=\"(max-width: 414px)\" \/><source srcset=\"https:\/\/cadenaser.com\/resizer\/yWS37LgjUPeSA9xoCmBFHr5JvxM=\/343x193\/filters:quality(70)\/cloudfront-eu-central-1.images.arcpublishing.com\/prisaradio\/73YNLPFHANHULF2Z3JDRVENM2M.jpg\" media=\"(max-width: 375px)\" \/><source srcset=\"https:\/\/cadenaser.com\/resizer\/9y_r47dprYCw7vDM9iz8vrTioo4=\/288x162\/filters:quality(70)\/cloudfront-eu-central-1.images.arcpublishing.com\/prisaradio\/73YNLPFHANHULF2Z3JDRVENM2M.jpg\" media=\"(max-width: 320px)\" \/><\/picture><\/figure>\n<\/section>\n<p style=\"text-align: justify;\">Con toda esta agua que se pierde podemos componer una imagen muy gr\u00e1fica. Con los 1.065 hect\u00f3metros c\u00fabicos que se pierden solo en fugas del primer tipo, llenar\u00edamos 6 veces el pantano catal\u00e1n de Sau hasta volver a tapar de nuevo su ya famosa iglesia.<\/p>\n<p style=\"text-align: justify;\">Para solucionarlo, el Ministerio de Transici\u00f3n Ecol\u00f3gica est\u00e1 estudiando ahora cientos propuestas que han hecho 3600 municipios y empresas al llamado \u00abPERTE del Agua\u00bb. La convocatoria termin\u00f3 en diciembre. Los municipios en el primer PERTE instalaron mayoritariamente testigos digitales en sus redes de aguas. Explican los expertos que son claves para controlar mejor las fugas.<\/p>\n<p><a class=\"au-wb\" title=\"Javier Ruiz Mart\u00ednez\" href=\"https:\/\/cadenaser.com\/autor\/javier_ruiz_martinez\/a\/\"><strong>Javier Ruiz Mart\u00ednez<\/strong><\/a><\/p>\n<p>FOTO: Una rotura de una tuber\u00eda del Plan Hidr\u00e1ulico del As\u00f3n provoca bajadas de presi\u00f3n del agua en viviendas de Laredo \/ \u00a9 Gobierno de Cantabria<\/p>\n<p>https:\/\/cadenaser.com\/nacional\/2024\/02\/05\/el-agua-que-se-pierde-en-fugas-de-la-red-espanola-llenaria-seis-veces-el-embalse-de-sau-cadena-ser\/<\/p>\n<\/div>\n<\/header>\n<div class=\"cnt-data-art\">\n<div class=\"c-i\">\n<div class=\"lead-art\">\u00a0<\/div>\n<\/div>\n<\/div>\n","protected":false},"excerpt":{"rendered":"<p>La red de nuestro pa\u00eds es muy vieja. Un cuarto de las tuber\u00edas tiene m\u00e1s&#8230;<\/p>\n","protected":false},"author":1,"featured_media":66967,"comment_status":"closed","ping_status":"closed","sticky":false,"template":"","format":"standard","meta":{"_coblocks_attr":"","_coblocks_dimensions":"","_coblocks_responsive_height":"","_coblocks_accordion_ie_support":"","jetpack_post_was_ever_published":false,"_jetpack_newsletter_access":"","_jetpack_dont_email_post_to_subs":false,"_jetpack_newsletter_tier_id":0,"_jetpack_memberships_contains_paywalled_content":false,"_jetpack_memberships_contains_paid_content":false,"footnotes":"","jetpack_publicize_message":"","jetpack_publicize_feature_enabled":true,"jetpack_social_post_already_shared":true,"jetpack_social_options":{"image_generator_settings":{"template":"highway","default_image_id":0,"enabled":false},"version":2}},"categories":[9,44,10],"tags":[],"class_list":["post-66966","post","type-post","status-publish","format-standard","has-post-thumbnail","hentry","category-medio-ambiente","category-noticias-de-hoy","category-salud"],"jetpack_publicize_connections":[],"jetpack_featured_media_url":"https:\/\/i0.wp.com\/miradordeatarfe.es\/wp-content\/uploads\/2024\/02\/Screenshot-2024-02-06-at-10-17-27-El-agua-que-se-pierde-en-fugas-de-la-red-espanola-cada-ano-llenaria-seis-veces-el-embalse-de-Sau.png?fit=473%2C429&ssl=1","jetpack_likes_enabled":true,"jetpack_sharing_enabled":true,"_links":{"self":[{"href":"https:\/\/miradordeatarfe.es\/index.php?rest_route=\/wp\/v2\/posts\/66966","targetHints":{"allow":["GET"]}}],"collection":[{"href":"https:\/\/miradordeatarfe.es\/index.php?rest_route=\/wp\/v2\/posts"}],"about":[{"href":"https:\/\/miradordeatarfe.es\/index.php?rest_route=\/wp\/v2\/types\/post"}],"author":[{"embeddable":true,"href":"https:\/\/miradordeatarfe.es\/index.php?rest_route=\/wp\/v2\/users\/1"}],"replies":[{"embeddable":true,"href":"https:\/\/miradordeatarfe.es\/index.php?rest_route=%2Fwp%2Fv2%2Fcomments&post=66966"}],"version-history":[{"count":1,"href":"https:\/\/miradordeatarfe.es\/index.php?rest_route=\/wp\/v2\/posts\/66966\/revisions"}],"predecessor-version":[{"id":66968,"href":"https:\/\/miradordeatarfe.es\/index.php?rest_route=\/wp\/v2\/posts\/66966\/revisions\/66968"}],"wp:featuredmedia":[{"embeddable":true,"href":"https:\/\/miradordeatarfe.es\/index.php?rest_route=\/wp\/v2\/media\/66967"}],"wp:attachment":[{"href":"https:\/\/miradordeatarfe.es\/index.php?rest_route=%2Fwp%2Fv2%2Fmedia&parent=66966"}],"wp:term":[{"taxonomy":"category","embeddable":true,"href":"https:\/\/miradordeatarfe.es\/index.php?rest_route=%2Fwp%2Fv2%2Fcategories&post=66966"},{"taxonomy":"post_tag","embeddable":true,"href":"https:\/\/miradordeatarfe.es\/index.php?rest_route=%2Fwp%2Fv2%2Ftags&post=66966"}],"curies":[{"name":"wp","href":"https:\/\/api.w.org\/{rel}","templated":true}]}}