{"id":66969,"date":"2024-02-08T08:24:45","date_gmt":"2024-02-08T07:24:45","guid":{"rendered":"https:\/\/miradordeatarfe.es\/?p=66969"},"modified":"2024-02-06T10:28:58","modified_gmt":"2024-02-06T09:28:58","slug":"el-barcelona-me-recuerda-al-pp-luis-garcia-montero-y-su-comparacion-entre-la-polemica-arbitral-con-la-judicial","status":"publish","type":"post","link":"https:\/\/miradordeatarfe.es\/?p=66969","title":{"rendered":"\u00abEl Barcelona me recuerda al PP\u00bb: Luis Garc\u00eda Montero y su comparaci\u00f3n entre la pol\u00e9mica arbitral con la judicial"},"content":{"rendered":"<h2>Esperemos que la ciudadan\u00eda no se convierta en una hinchada<\/h2>\n<p style=\"text-align: justify;\">No quiero ser chinchoso, pero Xavi, el entrenador de tu equipo de f\u00fatbol, acusa al m\u00edo, bueno, uno de los m\u00edos, de manipular a los \u00e1rbitros. Es normal que los ni\u00f1os de provincias tengamos doble militancia, somos de nuestra ciudad y tambi\u00e9n de uno de los grandes equipos de la liga para ganar algo.<\/p>\n<p style=\"text-align: justify;\">Este fin de semana estuve en Los C\u00e1rmenes, apoyando al Granada para que evite el descenso, y en el Bernab\u00e9u, con la esperanza de que el Madrid gane la liga. En los dos estadios escuch\u00e9 gritos contra la corrupci\u00f3n de los \u00e1rbitros. Las protestas t\u00edpicas de los aficionados se est\u00e1n generalizando mucho por culpa de algunos dirigentes. Esto me recuerda la pol\u00e9mica sobre los jueces en Espa\u00f1a.<\/p>\n<p style=\"text-align: justify;\">Cuando yo era adolescente, se hablaba mucho de la politizaci\u00f3n del f\u00fatbol. La dictadura manipulaba al gran deporte. Hoy se trata de lo contrario, de la futbolizaci\u00f3n de la pol\u00edtica. Se pierde el sentido de la verg\u00fcenza para movilizar a los hinchas.<\/p>\n<p style=\"text-align: justify;\">Despu\u00e9s de descubrirse, por ejemplo, el <i>caso Negreira<\/i>, los negocios sucios del Barcelona con un dirigente arbitral, su presidente y su entrenador no se cortan, afirman que los \u00e1rbitros est\u00e1n mediatizados por el Madrid. Pasa lo mismo en la pol\u00edtica espa\u00f1ola. El Barcelona me recuerda al PP. Con muchas causas abiertas de corrupci\u00f3n, el partido que est\u00e1 obstaculizando la renovaci\u00f3n del Consejo General del Poder Judicial, sit\u00faa a los jueces en medio de la pol\u00e9mica y acusa al Gobierno de no respetar la independencia de la justicia.<\/p>\n<p style=\"text-align: justify;\">Esperemos que la ciudadan\u00eda no se convierta en una hinchada. Hacen mal los que usan sus cargos para sacrificar la deportividad en nombre del fanatismo, ya se sean del Madrid, del Barcelona o del glorioso Granada Club de F\u00fatbol.<\/p>\n<h3>Luis Garc\u00eda Montero<\/h3>\n<p>https:\/\/cadenaser.com\/nacional\/2024\/02\/06\/el-barcelona-me-recuerda-al-pp-luis-garcia-montero-y-su-comparacion-entre-la-polemica-arbitral-con-la-judicial-cadena-ser\/<\/p>\n","protected":false},"excerpt":{"rendered":"<p>Esperemos que la ciudadan\u00eda no se convierta en una hinchada No quiero ser chinchoso, pero&#8230;<\/p>\n","protected":false},"author":1,"featured_media":66970,"comment_status":"closed","ping_status":"closed","sticky":false,"template":"","format":"standard","meta":{"_coblocks_attr":"","_coblocks_dimensions":"","_coblocks_responsive_height":"","_coblocks_accordion_ie_support":"","jetpack_post_was_ever_published":false,"_jetpack_newsletter_access":"","_jetpack_dont_email_post_to_subs":false,"_jetpack_newsletter_tier_id":0,"_jetpack_memberships_contains_paywalled_content":false,"_jetpack_memberships_contains_paid_content":false,"footnotes":"","jetpack_publicize_message":"","jetpack_publicize_feature_enabled":true,"jetpack_social_post_already_shared":true,"jetpack_social_options":{"image_generator_settings":{"template":"highway","default_image_id":0,"enabled":false},"version":2}},"categories":[1161,44,7671,6937],"tags":[],"class_list":["post-66969","post","type-post","status-publish","format-standard","has-post-thumbnail","hentry","category-ciudadania","category-noticias-de-hoy","category-politica","category-sociedad"],"jetpack_publicize_connections":[],"jetpack_featured_media_url":"https:\/\/i0.wp.com\/miradordeatarfe.es\/wp-content\/uploads\/2024\/02\/th2.jpeg?fit=320%2C180&ssl=1","jetpack_likes_enabled":true,"jetpack_sharing_enabled":true,"_links":{"self":[{"href":"https:\/\/miradordeatarfe.es\/index.php?rest_route=\/wp\/v2\/posts\/66969","targetHints":{"allow":["GET"]}}],"collection":[{"href":"https:\/\/miradordeatarfe.es\/index.php?rest_route=\/wp\/v2\/posts"}],"about":[{"href":"https:\/\/miradordeatarfe.es\/index.php?rest_route=\/wp\/v2\/types\/post"}],"author":[{"embeddable":true,"href":"https:\/\/miradordeatarfe.es\/index.php?rest_route=\/wp\/v2\/users\/1"}],"replies":[{"embeddable":true,"href":"https:\/\/miradordeatarfe.es\/index.php?rest_route=%2Fwp%2Fv2%2Fcomments&post=66969"}],"version-history":[{"count":1,"href":"https:\/\/miradordeatarfe.es\/index.php?rest_route=\/wp\/v2\/posts\/66969\/revisions"}],"predecessor-version":[{"id":66971,"href":"https:\/\/miradordeatarfe.es\/index.php?rest_route=\/wp\/v2\/posts\/66969\/revisions\/66971"}],"wp:featuredmedia":[{"embeddable":true,"href":"https:\/\/miradordeatarfe.es\/index.php?rest_route=\/wp\/v2\/media\/66970"}],"wp:attachment":[{"href":"https:\/\/miradordeatarfe.es\/index.php?rest_route=%2Fwp%2Fv2%2Fmedia&parent=66969"}],"wp:term":[{"taxonomy":"category","embeddable":true,"href":"https:\/\/miradordeatarfe.es\/index.php?rest_route=%2Fwp%2Fv2%2Fcategories&post=66969"},{"taxonomy":"post_tag","embeddable":true,"href":"https:\/\/miradordeatarfe.es\/index.php?rest_route=%2Fwp%2Fv2%2Ftags&post=66969"}],"curies":[{"name":"wp","href":"https:\/\/api.w.org\/{rel}","templated":true}]}}