{"id":66978,"date":"2024-02-10T10:49:38","date_gmt":"2024-02-10T09:49:38","guid":{"rendered":"https:\/\/miradordeatarfe.es\/?p=66978"},"modified":"2024-02-06T10:53:17","modified_gmt":"2024-02-06T09:53:17","slug":"por-que-los-abortos-no-siempre-tienen-secuelas-en-la-salud-fisica-o-mental","status":"publish","type":"post","link":"https:\/\/miradordeatarfe.es\/?p=66978","title":{"rendered":"Por qu\u00e9 los abortos no siempre tienen secuelas en la salud f\u00edsica o mental"},"content":{"rendered":"<div id=\"article-meta\" class=\"mb-6\">\n<div id=\"dates\" class=\"grid grid-cols-2 gap-x-2\">\n<div id=\"article-date-published\" class=\"flex mb-6 col-span-1\" style=\"text-align: justify;\">\n<h2>No es lo mismo un\u00a0 aborto espont\u00e1neo que una interrupci\u00f3n voluntaria del embarazo<\/h2>\n<\/div>\n<\/div>\n<div id=\"article-keys\" class=\"flex flex-col mb-6\" style=\"text-align: justify;\"><span class=\"meta-label w-1\/4\">Claves<\/span><\/p>\n<ul>\n<li>Al hablar de aborto, hay que diferenciar entre los espont\u00e1neos y las interrupciones voluntarias del embarazo (IVE) <\/li>\n<\/ul>\n<ul>\n<li>Las IVE, cuando se producen en las condiciones sanitarias adecuadas, no tienen por qu\u00e9 dejar secuelas ni f\u00edsicas ni psicol\u00f3gicas<\/li>\n<\/ul>\n<ul>\n<li>Las consecuencias psicol\u00f3gicas que puede dejar tanto una IVE como\u00a0 con seguir adelante con un embarazo no deseado dependen del caso y de las circunstancias personales y econ\u00f3micas<\/li>\n<\/ul>\n<\/div>\n<\/div>\n<div id=\"article-content\" class=\"flex flex-col-reverse lg:flex-row\">\n<div id=\"article-text\" class=\"max-w-regular-content\">\n<p style=\"text-align: justify;\">En Espa\u00f1a, <a href=\"https:\/\/www.sanidad.gob.es\/areas\/promocionPrevencion\/embarazo\/docs\/IVE_2022.pdf\" target=\"_blank\" rel=\"noopener noreferrer nofollow\">seg\u00fan datos de 2022 del Ministerio de Sanidad<\/a>, se practican anualmente entre 90.000 y 100.000 interrupciones voluntarias del embarazo (IVE). Cifras que en los diez \u00faltimos a\u00f1os se traducen en una<a href=\"https:\/\/www.lamoncloa.gob.es\/serviciosdeprensa\/notasprensa\/sanidad14\/Paginas\/2023\/280923-interrupcion-voluntaria-embarazo.aspx#:~:text=Seg%C3%BAn%20se%20desprende%20del%20Registro,los%2010%2C70%20de%202021.\" target=\"_blank\" rel=\"noopener noreferrer nofollow\"><strong> tasa de entre 11 y 12 abortos por cada 1.000 mujeres<\/strong> <\/a>de entre 15 y 44 a\u00f1os. \u00bfSuponen estas intervenciones un riesgo para la salud f\u00edsica o mental de la madre? \u00bfQu\u00e9 ocurre en el caso de seguir adelante con embarazos no deseados? Desde <em>Maldita.es<\/em>, hablamos con expertos y expertas tanto en ginecolog\u00eda y obstetricia como en salud mental. Tambi\u00e9n os lo contamos en el podcast <a href=\"https:\/\/podimo.com\/es\/shows\/abro-paraguas#:~:text=E02%20Aborto,23%20ene%202024\" target=\"_blank\" rel=\"noopener noreferrer nofollow\">Abro Paraguas que puedes escuchar en Podimo<\/a>.<\/p>\n<p style=\"text-align: justify;\">\u00a0El <strong>aborto espont\u00e1neo<\/strong> o natural es la p\u00e9rdida <strong>involuntaria<\/strong> del feto antes de la semana 20 de gestaci\u00f3n. Ocurre <strong>naturalmente<\/strong>, la mayor\u00eda como consecuencia de <a href=\"https:\/\/medlineplus.gov\/spanish\/ency\/article\/001488.htm#:~:text=Es%20la%20p%C3%A9rdida%20espont%C3%A1nea%20de,abortos%20m%C3%A9dicos%20o%20abortos%20quir%C3%BArgicos.\" target=\"_blank\" rel=\"noopener noreferrer nofollow\">problemas cromos\u00f3micos que hacen imposible el desarrollo del beb\u00e9<\/a>, seg\u00fan MedlinePlus. Normalmente son resultado de errores casuales durante el crecimiento del embri\u00f3n y est\u00e1n relacionados con condiciones heredadas de los padres.<\/p>\n<p style=\"text-align: justify;\">El <a href=\"https:\/\/clinicaisadora.es\/abortar-en-madrid\/tipos\/#:~:text=Aborto%20inducido%20o%20provocado\" target=\"_blank\" rel=\"noopener noreferrer nofollow\"><strong>aborto inducido o provocado<\/strong><\/a>, sin embargo, es lo que se conoce como <strong>interrupci\u00f3n voluntaria del embarazo (IVE)<\/strong>. Se realiza de forma <strong>premeditada<\/strong> y requiere de un equipo m\u00e9dico para evitar complicaciones. En Espa\u00f1a, seg\u00fan datos de 2022 del Ministerio de Sanidad, en <a href=\"https:\/\/www.sanidad.gob.es\/areas\/promocionPrevencion\/embarazo\/docs\/IVE_2022.pdf\" target=\"_blank\" rel=\"noopener noreferrer nofollow\">el 91% de los casos el motivo por el que se lleva a cabo la IVE es \u201ca petici\u00f3n de la mujer\u201d<\/a>, muy por encima de otros como posibles malformaciones o enfermedades en el feto o riesgos para la vida de la madre.\u00a0<\/p>\n<p style=\"text-align: justify;\">Una IVE puede llevarse a cabo a trav\u00e9s de f\u00e1rmacos (p\u00edldora abortiva) o de m\u00e9todos quir\u00fargicos, que pueden requerir anestesia o sedaci\u00f3n, control ecogr\u00e1fico y cuidados concretos dependiendo de la t\u00e9cnica con la que se realizaron. \u201cA pesar de que existen indicaciones para cada procedimiento, es importante que sea el especialista quien determine el m\u00e9todo m\u00e1s adecuado seg\u00fan las circunstancias individuales de cada embarazada\u201d, recuerdan desde <a href=\"https:\/\/clinicaisadora.es\/abortar-en-madrid\/tipos\/\" target=\"_blank\" rel=\"noopener noreferrer nofollow\">Cl\u00ednica Isadora<\/a>, hospital ginecol\u00f3gico acreditado para realizar IVEs.<\/p>\n<div class=\"raw-html-node\" style=\"text-align: justify;\">\n<div>\n<p><a href=\"https:\/\/api.whatsapp.com\/send?phone=34644229319&amp;text=&amp;source=&amp;data=&amp;app_absent=\"> \u00bfCrees que te ha llegado un bulo? Verifica en nuestro chatbot de WhatsApp (+34 644 229 319)<\/a><\/p>\n<\/div>\n<\/div>\n<h2 style=\"text-align: justify;\">Interrumpir un embarazo de forma voluntaria no tiene por qu\u00e9 dejar secuelas f\u00edsicas\u00a0<\/h2>\n<p style=\"text-align: justify;\">Existen narrativas que afirman que <a href=\"https:\/\/archive.is\/D8UEQ\" target=\"_blank\" rel=\"noopener noreferrer nofollow\">las interrupciones voluntarias del embarazo siempre conllevan consecuencias f\u00edsicas negativas en la mujer<\/a>. Esto no es cierto. De hecho, se trata de un procedimiento que, si se realiza de forma correcta, es sencillo y seguro.\u00a0<\/p>\n<p style=\"text-align: justify;\">Seg\u00fan la Organizaci\u00f3n Mundial de la Salud (OMS), una IVE es \u201c<a href=\"https:\/\/www.who.int\/es\/news-room\/fact-sheets\/detail\/abortion#:~:text=El%20aborto%2C%20ya%20sea%20farmacol%C3%B3gico,de%20trabajadores%20de%20la%20salud.\" target=\"_blank\" rel=\"noopener noreferrer nofollow\">una intervenci\u00f3n sencilla <\/a>que pueden practicar una amplia gama de trabajadores de la salud\u201d. Eso s\u00ed, es <strong>imprescindible informaci\u00f3n, medicamentos de calidad y el apoyo de profesionales de la salud cualificados<\/strong>.\u00a0<\/p>\n<p style=\"text-align: justify;\">Como en cualquier procedimiento m\u00e9dico, existe la posibilidad de que ocurran <a href=\"https:\/\/www.who.int\/es\/news-room\/fact-sheets\/detail\/abortion#:~:text=Los%20riesgos%20para%20el%20bienestar%20f%C3%ADsico%20asociados%20al%20aborto%20peligroso%20son%20los%20siguientes%3A\" target=\"_blank\" rel=\"noopener noreferrer nofollow\">ciertas complicaciones<\/a>. En este caso, hablamos de un aborto incompleto, de sangrado abundante, de infecciones y de da\u00f1os en el \u00fatero y otros \u00f3rganos, pero <a href=\"https:\/\/www.plannedparenthood.org\/es\/temas-de-salud\/aborto\/abortos-realizados-en-una-clinica\/cuan-seguro-es-un-aborto-realizado-en-una-clinica#:~:text=Es%20muy%20poco%20com%C3%BAn%20que%20ocurran%20complicaciones%20graves%2C\" target=\"_blank\" rel=\"noopener noreferrer nofollow\">son muy poco comunes<\/a> y normalmente suceden a ra\u00edz de abortos no seguros, cuando la mujer no encuentra facilidades para interrumpir el embarazo y busca por s\u00ed sola formas para hacerlo. Desde <a href=\"https:\/\/www.msf.es\/las-consecuencias-del-aborto-no-seguro\" target=\"_blank\" rel=\"noopener noreferrer nofollow\">M\u00e9dicos Sin Fronteras<\/a> recuerdan que \u201csi no le es posible acceder a un aborto en condiciones m\u00e9dicas seguras, la mujer puede incluso arriesga la vida para interrumpir el embarazo\u201d.<\/p>\n<h2 style=\"text-align: justify;\">Una IVE, \u00bfes especialmente peligrosa para la salud de ni\u00f1as o adolescentes embarazadas?\u00a0<\/h2>\n<p style=\"text-align: justify;\">Dependiendo de las circunstancias y de la edad y el desarrollo f\u00edsico en cada caso, que una menor siga adelante con un embarazo puede ser mucho m\u00e1s peligroso que pasar por una IVE. Cada caso puede ser diferente, pero si hablamos de ni\u00f1as con un desarrollo normal y un peso mayor de 50 kilos, m\u00e1s o menos, el riesgo es peque\u00f1o y menor al de proseguir un embarazo, seg\u00fan explica a <em>Maldita.es<\/em> Vicent Carmona, ginec\u00f3logo y maldito que nos ha prestado sus superpoderes.<\/p>\n<p style=\"text-align: justify;\">El motivo es que el cuerpo de una ni\u00f1a no est\u00e1 listo fisiol\u00f3gicamente para dar a luz a un beb\u00e9. Seg\u00fan la OMS, las madres de 10 a 19 a\u00f1os sufren <a href=\"https:\/\/www.who.int\/es\/news-room\/fact-sheets\/detail\/adolescent-pregnancy#:~:text=Las%20madres%20adolescentes%20(de%2010%20a%2019%20a%C3%B1os)%20tienen%20mayor%20riesgo%20de%20eclampsia%2C%20endometritis%20puerperal%20e%20infecciones%20sist%C3%A9micas%20que%20las%20mujeres%20de%2020%20a%2024%20a%C3%B1os%2C%20y%20los%20beb%C3%A9s%20de%20madres%20adolescentes%20tienen%20un%20mayor%20riesgo%20de%20padecer%20bajo%20peso%20al%20nacer%2C%20nacimiento%20prematuro%20y%20afecci%C3%B3n%20neonatal%20grave.\" target=\"_blank\" rel=\"noopener noreferrer nofollow\">mayor riesgo para su salud<\/a> que las que tienen entre 20 y 24 a\u00f1os. En el caso de los beb\u00e9s, los nacidos de madres adolescentes tienen un mayor riesgo de bajo peso al nacer, nacimiento prematuro y afecciones neonatales graves.<\/p>\n<p style=\"text-align: justify;\">Adem\u00e1s, debemos tener en cuenta el contexto en el que se dan estos embarazos. \u201cEl embarazo en la adolescencia es un fen\u00f3meno mundial con causas claramente conocidas y graves consecuencias sanitarias, sociales y econ\u00f3micas [&#8230;] <a href=\"https:\/\/www.who.int\/es\/news-room\/fact-sheets\/detail\/adolescent-pregnancy#:~:text=El%20matrimonio%20infantil%20y%20el%20abuso%20sexual%20de%20ni%C3%B1as%20ponen%20a%20estas%20%C3%BAltimas%20en%20mayor%20riesgo%20de%20embarazo%2C%20a%20menudo%20no%20deseado\" target=\"_blank\" rel=\"noopener noreferrer nofollow\">El matrimonio infantil y el abuso sexual de ni\u00f1as<\/a> ponen a estas \u00faltimas en mayor riesgo de embarazo, a menudo no deseado\u201d, recuerda la OMS.<\/p>\n<h2 style=\"text-align: justify;\">Las interrupciones voluntarias del embarazo no tiene por qu\u00e9 dejar secuelas psicol\u00f3gicas<\/h2>\n<p style=\"text-align: justify;\">Hay casos en los que la decisi\u00f3n de interrumpir un embarazo, aun siendo voluntaria, se <a href=\"https:\/\/www.scielo.cl\/scielo.php?script=sci_arttext&amp;pid=S1726-569X2014000200006\" target=\"_blank\" rel=\"noopener noreferrer nofollow\">relaciona con secuelas psicol\u00f3gicas<\/a>. Como explica a <em>Maldita.es<\/em> la psic\u00f3loga Elena Herr\u00e1ez, la p\u00e9rdida del feto, voluntaria o no, no suele estar reconocida socialmente, \u201clo que implica afrontar un duelo que se vive como \u2018desautorizado\u2019\u201d: \u201cEsto puede suponer una sensaci\u00f3n de aislamiento y soledad, adem\u00e1s de la tendencia a la <a href=\"http:\/\/repositorio.ucam.edu\/bitstream\/handle\/10952\/1318\/Tesis.pdf?sequence=1&amp;isAllowed=y\" target=\"_blank\" rel=\"noopener noreferrer nofollow\">represi\u00f3n emocional<\/a>\u201d, especialmente si las opiniones sobre el aborto en el entorno son negativas.\u00a0<\/p>\n<p style=\"text-align: justify;\">Sin embargo, <strong>no hay evidencia de que esto suceda ni a largo plazo ni por necesidad. La culpa y el dolor no son sentimientos que se den siempre tras un aborto <\/strong>ni son los \u00fanicos posibles.\u00a0<\/p>\n<p style=\"text-align: justify;\">\u201cHay tantas interrupciones como mujeres y circunstancias. Si generalizamos, estamos banalizando\u201d. Esta es la premisa b\u00e1sica con la que se deben abordar las IVE, seg\u00fan <a href=\"https:\/\/maldita.es\/malditaciencia\/20211007\/aborto-salud-mental-importancia-acompanamiento-psicologico\/\" target=\"_blank\" rel=\"noopener noreferrer nofollow\">indicaba a <em>Maldita.es<\/em> Isabel Silva Reus<\/a>, miembro de la Junta Directiva y vocal de la <a href=\"http:\/\/sec.es\/sec\/quienes-somos\/\" target=\"_blank\" rel=\"noopener noreferrer nofollow\">Sociedad Espa\u00f1ola de Contracepci\u00f3n (SEC)<\/a>. Los motivos que pueden llevar a una persona a decidir interrumpir voluntariamente su embarazo son diversos y dependen, entre otros, de las<strong> circunstancias personales, sociales, familiares o econ\u00f3micas<\/strong>. De ah\u00ed que el impacto emocional tambi\u00e9n var\u00ede.\u00a0<\/p>\n<p style=\"text-align: justify;\">Una interrupci\u00f3n voluntaria del embarazo puede dejar huella, pero tambi\u00e9n puede no dejarla. <strong>Adem\u00e1s, que haya impacto psicol\u00f3gico <\/strong><a href=\"https:\/\/maldita.es\/malditaciencia\/20211007\/aborto-salud-mental-importancia-acompanamiento-psicologico\/\" target=\"_blank\" rel=\"noopener noreferrer nofollow\"><strong>no significa que este impacto vaya a ser un trauma<\/strong><\/a>, como recordaba a <em>Maldita.es<\/em> Ana Ram\u00edrez de Oc\u00e1riz Sorolla, sex\u00f3loga en el <a href=\"https:\/\/emaize.com\/\" target=\"_blank\" rel=\"noopener noreferrer nofollow\">Centro Sexol\u00f3gico Emaize<\/a>.<\/p>\n<p style=\"text-align: justify;\">Aunque se ha llegado a hablar de un <a href=\"https:\/\/www2.ucc.edu.ar\/portal2015\/UniversidadCatolica\/noticiasucc\/sindrome-post-aborto\/\" target=\"_blank\" rel=\"noopener noreferrer nofollow\">s\u00edndrome post aborto<\/a>, muchos estudios cuestionan su existencia por falta de evidencias de que se produzca cuando el acceso y el tratamiento sanitario son los adecuados. Los estudios que hablan de este s\u00edndrome o <a href=\"https:\/\/dialnet.unirioja.es\/servlet\/articulo?codigo=3629908\" target=\"_blank\" rel=\"noopener noreferrer nofollow\">tienen errores importantes en su metodolog\u00eda o no son concluyentes<\/a> sobre la gravedad, el n\u00famero de mujeres en riesgo, su estado de salud mental previo\u2026 Es decir, hacen falta m\u00e1s estudios sobre el tema.\u00a0<\/p>\n<h2 style=\"text-align: justify;\">\u00bfSeguir adelante con un embarazo no deseado puede tener consecuencias psicol\u00f3gicas?\u00a0<\/h2>\n<p style=\"text-align: justify;\">De nuevo, no existe una respuesta \u00fanica general: hay que tener en cuenta la motivaci\u00f3n de la persona para tomar esta decisi\u00f3n. \u201cHay casos, por ejemplo, en los que no se planeaba un embarazo en ese momento, pero s\u00ed a medio largo plazo, cuando la persona estuviera preparada econ\u00f3micamente para ello. Hay otros, sin embargo, en los que se toma la decisi\u00f3n por <strong>miedo al rechazo o por evitar un estigma social<\/strong>, sobre todo cuando las creencias y los propios principios van en contra\u201d, recuerda Herr\u00e1ez.\u00a0<\/p>\n<p style=\"text-align: justify;\">Tambi\u00e9n subraya la <strong>importancia de tomar la decisi\u00f3n libremente<\/strong>. Si no es as\u00ed, un embarazo no deseado va a ser vivido como <a href=\"https:\/\/www.elsevier.es\/es-revista-atencion-primaria-27-articulo-prevencion-trastornos-salud-mental-embarazo-S0212656722002141\" target=\"_blank\" rel=\"noopener noreferrer nofollow\">un evento estresante<\/a> ligado a reacciones de ansiedad y depresi\u00f3n y que est\u00e1 muy relacionado con la <a href=\"https:\/\/maldita.es\/malditaciencia\/20230113\/depresion-posparto-que-es-por-que-se-produce-y-como-tratarla\/\" target=\"_blank\" rel=\"noopener noreferrer nofollow\">depresi\u00f3n posparto<\/a> una vez se produce el nacimiento.\u00a0<\/p>\n<p style=\"text-align: justify;\"><a class=\"link\" href=\"https:\/\/maldita.es\/malditaciencia\/\">MALDITA <strong class=\"section-title-malditaciencia\">CIENCIA<\/strong><\/a><\/p>\n<p style=\"text-align: justify;\">https:\/\/maldita.es\/malditaciencia\/20240201\/abortos-no-siempre-secuelas-salud-fisica-mental\/<\/p>\n<\/div>\n<\/div>\n","protected":false},"excerpt":{"rendered":"<p>No es lo mismo un\u00a0 aborto espont\u00e1neo que una interrupci\u00f3n voluntaria del embarazo Claves Al&#8230;<\/p>\n","protected":false},"author":1,"featured_media":66979,"comment_status":"closed","ping_status":"closed","sticky":false,"template":"","format":"standard","meta":{"_coblocks_attr":"","_coblocks_dimensions":"","_coblocks_responsive_height":"","_coblocks_accordion_ie_support":"","jetpack_post_was_ever_published":false,"_jetpack_newsletter_access":"","_jetpack_dont_email_post_to_subs":false,"_jetpack_newsletter_tier_id":0,"_jetpack_memberships_contains_paywalled_content":false,"_jetpack_memberships_contains_paid_content":false,"footnotes":"","jetpack_publicize_message":"","jetpack_publicize_feature_enabled":true,"jetpack_social_post_already_shared":true,"jetpack_social_options":{"image_generator_settings":{"template":"highway","default_image_id":0,"enabled":false},"version":2}},"categories":[1161,44,10],"tags":[],"class_list":["post-66978","post","type-post","status-publish","format-standard","has-post-thumbnail","hentry","category-ciudadania","category-noticias-de-hoy","category-salud"],"jetpack_publicize_connections":[],"jetpack_featured_media_url":"https:\/\/i0.wp.com\/miradordeatarfe.es\/wp-content\/uploads\/2024\/02\/65bb58f5cb999disen-o-sin-ti-tulo-37-jpg.jpg?fit=1600%2C675&ssl=1","jetpack_likes_enabled":true,"jetpack_sharing_enabled":true,"_links":{"self":[{"href":"https:\/\/miradordeatarfe.es\/index.php?rest_route=\/wp\/v2\/posts\/66978","targetHints":{"allow":["GET"]}}],"collection":[{"href":"https:\/\/miradordeatarfe.es\/index.php?rest_route=\/wp\/v2\/posts"}],"about":[{"href":"https:\/\/miradordeatarfe.es\/index.php?rest_route=\/wp\/v2\/types\/post"}],"author":[{"embeddable":true,"href":"https:\/\/miradordeatarfe.es\/index.php?rest_route=\/wp\/v2\/users\/1"}],"replies":[{"embeddable":true,"href":"https:\/\/miradordeatarfe.es\/index.php?rest_route=%2Fwp%2Fv2%2Fcomments&post=66978"}],"version-history":[{"count":1,"href":"https:\/\/miradordeatarfe.es\/index.php?rest_route=\/wp\/v2\/posts\/66978\/revisions"}],"predecessor-version":[{"id":66980,"href":"https:\/\/miradordeatarfe.es\/index.php?rest_route=\/wp\/v2\/posts\/66978\/revisions\/66980"}],"wp:featuredmedia":[{"embeddable":true,"href":"https:\/\/miradordeatarfe.es\/index.php?rest_route=\/wp\/v2\/media\/66979"}],"wp:attachment":[{"href":"https:\/\/miradordeatarfe.es\/index.php?rest_route=%2Fwp%2Fv2%2Fmedia&parent=66978"}],"wp:term":[{"taxonomy":"category","embeddable":true,"href":"https:\/\/miradordeatarfe.es\/index.php?rest_route=%2Fwp%2Fv2%2Fcategories&post=66978"},{"taxonomy":"post_tag","embeddable":true,"href":"https:\/\/miradordeatarfe.es\/index.php?rest_route=%2Fwp%2Fv2%2Ftags&post=66978"}],"curies":[{"name":"wp","href":"https:\/\/api.w.org\/{rel}","templated":true}]}}