{"id":66985,"date":"2024-02-06T13:58:57","date_gmt":"2024-02-06T12:58:57","guid":{"rendered":"https:\/\/miradordeatarfe.es\/?p=66985"},"modified":"2024-02-06T13:58:57","modified_gmt":"2024-02-06T12:58:57","slug":"las-zonas-de-granada-mas-colapsadas-por-la-tractorada-a-hora-punta-tramos-a-evitar","status":"publish","type":"post","link":"https:\/\/miradordeatarfe.es\/?p=66985","title":{"rendered":"Las zonas de Granada m\u00e1s colapsadas por la tractorada a hora punta: tramos a evitar"},"content":{"rendered":"<h3 class=\"v-a-sub-t\" style=\"text-align: justify;\">La protesta se extiende hasta el momento de salida de los colegios y los trabajos, cuando se espera la m\u00e1xima afluencia en las v\u00edas<\/h3>\n<p class=\"v-p\" style=\"text-align: justify;\">Se acerca la hora punta del tr\u00e1fico en Granada en un d\u00eda marcado por los colapsos. Durante toda la ma\u00f1ana de este martes, la protesta de los agricultores ha generado importantes retenciones a causa de los cortes en v\u00edas principales, como la A-92, la A-44 y la GR-30. A partir de las 13.30 se espera el punto de m\u00e1xima congesti\u00f3n por la salida de los colegios y los trabajos. Los manifestantes han trasladado su intenci\u00f3n de aguantar hasta el momento de total afluencia en las carreteras, por lo que las retenciones pueden ser hist\u00f3ricas.<\/p>\n<p class=\"v-p\" style=\"text-align: justify;\">Ante esta tesitura, resumimos los principales puntos de colapso en Granada y alrededores. Hay tres v\u00edas principalmente afectadas, la Circunvalaci\u00f3n de Granada (GR-30), la A-92 y la A-44.<\/p>\n<div class=\"v-c-cmp v-c-cmp--t2\" style=\"text-align: justify;\">\n<div class=\"v-d-cmp-chp\">\n<header class=\"v-d-cmp-chp__h\">\n<div class=\"v-d-cmp-chp__c\">\n<h1 class=\"v-d-cmp-chp__pre-t\">Circunvalaci\u00f3n<\/h1>\n<\/div>\n<h3 class=\"v-d-cmp-chp__t\">Dos grandes cortes<\/h3>\n<\/header>\n<\/div>\n<\/div>\n<p class=\"v-p\" style=\"text-align: justify;\">Las retenciones en la Circunvalaci\u00f3n de Granada, la GR-30, prometen ser las m\u00e1s severas al tratarse de la principal v\u00eda de acceso a la ciudad. Los dos grandes cortes a evitar por los conductores son la salida 9 y la salida 16, correspondientes a Avenida de Andaluc\u00eda y Armilla respectivamente.<\/p>\n<div class=\"v-adv  v-adv--ly\" style=\"text-align: justify;\">\n<div class=\"v-adv__item \">\n<div id=\"layer_inpage-id\" data-voc-vam=\"\" data-voc-vam-position=\"layer_inpage\" data-google-query-id=\"CP-Tna_hloQDFX5D9ggd_9UHWA\" data-voc-vam-displayed=\"true\">\n<div id=\"google_ads_iframe_\/4900\/vocento.ideal\/granada_4__container__\"><iframe id=\"google_ads_iframe_\/4900\/vocento.ideal\/granada_4\" tabindex=\"0\" title=\"3rd party ad content\" name=\"google_ads_iframe_\/4900\/vocento.ideal\/granada_4\" width=\"1\" height=\"1\" frameborder=\"0\" marginwidth=\"0\" marginheight=\"0\" scrolling=\"no\" aria-label=\"Advertisement\" data-google-container-id=\"5\" data-load-complete=\"true\" data-mce-fragment=\"1\"><\/iframe><\/div>\n<\/div>\n<\/div>\n<\/div>\n<p class=\"v-p\" style=\"text-align: justify;\">Es decir, los agricultores est\u00e1n estableciendo los cortes en las incorporaciones a la Circunvalaci\u00f3n desde la salida 9, lo que afecta al cruce con la A-92 o Avenida de Andaluc\u00eda, y desde la salida 16, lo que afecta a Armilla o Ronda Sur.<\/p>\n<p class=\"v-p\" style=\"text-align: justify;\">Entre las salidas 10 y 15, desde la Chana hasta Recogidas, el tr\u00e1fico es m\u00e1s fluido, dado que no hay cortes. Por tanto, si los conductores no precisan rebasar los l\u00edmites de las salidas 9 y 16, podr\u00e1n moverse con mayor facilidad por las incorporaciones de Chana, M\u00e9ndez N\u00fa\u00f1ez y Recogidas.<\/p>\n<div class=\"v-c-cmp v-c-cmp--t2\" style=\"text-align: justify;\">\n<div class=\"v-d-cmp-chp\">\n<header class=\"v-d-cmp-chp__h\">\n<div class=\"v-d-cmp-chp__c\">\n<h1 class=\"v-d-cmp-chp__pre-t\">A-92<\/h1>\n<\/div>\n<h3 class=\"v-d-cmp-chp__t\">Hu\u00e9tor T\u00e1jar y Granada<\/h3>\n<\/header>\n<\/div>\n<\/div>\n<p class=\"v-p\" style=\"text-align: justify;\">Otro de los puntos conflictivos a la hora de desplazarse por la provincia de Granada est\u00e1 en la A-92. A la altura de Hu\u00e9tor T\u00e1jar hay un corte. Este corte est\u00e1 generando 10 kil\u00f3metros de atasco, desde el 93 al 103, llegando desde Loja hasta la propia Hu\u00e9tor T\u00e1jar.<\/p>\n<p class=\"v-p\" style=\"text-align: justify;\">El otro corte importante de la A-92 se produce a su paso por la capital, justo en la salida que conecta con la Circunvalaci\u00f3n y con la avenida de Andaluc\u00eda.<\/p>\n<div class=\"v-c-cmp v-c-cmp--t2\" style=\"text-align: justify;\">\n<div class=\"v-d-cmp-chp\">\n<header class=\"v-d-cmp-chp__h\">\n<div class=\"v-d-cmp-chp__c\">\n<h1 class=\"v-d-cmp-chp__pre-t\">A-44<\/h1>\n<\/div>\n<h3 class=\"v-d-cmp-chp__t\">La Nava<\/h3>\n<\/header>\n<\/div>\n<\/div>\n<p class=\"v-p\" style=\"text-align: justify;\">Finalmente, la A-44 presenta problemas en la salida de La Nava, a la altura de Iznalloz, otro de los puntos calientes de los cortes de tr\u00e1fico de los agricultores. En este punto hay m\u00e1s de dos kil\u00f3metros de retenciones.<\/p>\n<div id=\"wms-intext-multi1\" class=\"wms-intext\" style=\"text-align: justify;\">\n<div id=\"jw-ms386386-multi1\">\u00a0<\/div>\n<\/div>\n<p class=\"v-p\" style=\"text-align: justify;\">En el siguiente mapa puedes consultar en tiempo real el estado del tr\u00e1fico en la provincia de Granada. En rojo se marcan los cortes totales y en naranja, el tr\u00e1fico denso.<\/p>\n<div class=\"v-c-cmp \" style=\"text-align: justify;\">\n<div><iframe loading=\"lazy\" src=\"https:\/\/embed.waze.com\/iframe?zoom=11&amp;lat=37.178099&amp;lon=-3.594589&amp;ct=livemap\" width=\"650\" height=\"450\" allowfullscreen=\"allowfullscreen\" data-mce-fragment=\"1\"><\/iframe><\/div>\n<\/div>\n<p class=\"v-p\" style=\"text-align: justify;\">Cabe destacar que, a lo largo de la ma\u00f1ana, los agricultores se han organizado para retener a los veh\u00edculos en intervalos de cinco minutos. De esta forma va dosific\u00e1ndose el colapso, aunque se desconoce c\u00f3mo va a a gestionarse este paso en hora punta, cuando se espera la mayor afluencia de veh\u00edculas.<\/p>\n<p style=\"text-align: justify;\"><a href=\"https:\/\/www.ideal.es\/autor\/diego-callejon-2535.html\" data-mrf-link=\"https:\/\/www.ideal.es\/autor\/diego-callejon-2535.html\"><strong>Diego Callej\u00f3n<\/strong><\/a><\/p>\n<article class=\"v-a v-a--d v-a--d-bs v-a--p-b\">\n<div class=\"v-a-img-c v-a-img-c--fw-xs\">\n<figure class=\"v-a-fig\"><figcaption class=\"v-fc\"><span class=\"v-fc__text\">FOTO: Una conductora atrapada por la tractorada saca un pa\u00f1uelo blanco para avisar de una emergencia.<\/span> <span class=\"v-fc__ath\">Ferm\u00edn Rodr\u00edguez<\/span><\/figcaption><\/figure>\n<\/div>\n<div class=\"v-a-info-c \">\u00a0<\/div>\n<\/article>\n<div class=\"v-d v-d--ab-c v-d--bs\">\n<div class=\"v-mdl-ath \" data-voc-component=\"viewport-not-visible\">\n<div class=\"v-mdl-ath__c v-mdl-ath__c--1\">\n<div class=\"v-mdl-ath__img-c\" style=\"text-align: justify;\">\u00a0<\/div>\n<div class=\"v-mdl-ath__inf\">\n<p class=\"v-mdl-ath__p v-mdl-ath__p--2\" style=\"text-align: justify;\">\u00a0<\/p>\n<\/div>\n<\/div>\n<\/div>\n<\/div>\n","protected":false},"excerpt":{"rendered":"<p>La protesta se extiende hasta el momento de salida de los colegios y los trabajos,&#8230;<\/p>\n","protected":false},"author":1,"featured_media":66993,"comment_status":"closed","ping_status":"closed","sticky":false,"template":"","format":"standard","meta":{"_coblocks_attr":"","_coblocks_dimensions":"","_coblocks_responsive_height":"","_coblocks_accordion_ie_support":"","jetpack_post_was_ever_published":false,"_jetpack_newsletter_access":"","_jetpack_dont_email_post_to_subs":false,"_jetpack_newsletter_tier_id":0,"_jetpack_memberships_contains_paywalled_content":false,"_jetpack_memberships_contains_paid_content":false,"footnotes":"","jetpack_publicize_message":"","jetpack_publicize_feature_enabled":true,"jetpack_social_post_already_shared":true,"jetpack_social_options":{"image_generator_settings":{"template":"highway","default_image_id":0,"enabled":false},"version":2}},"categories":[1161,10781],"tags":[],"class_list":["post-66985","post","type-post","status-publish","format-standard","has-post-thumbnail","hentry","category-ciudadania","category-granada"],"jetpack_publicize_connections":[],"jetpack_featured_media_url":"https:\/\/i0.wp.com\/miradordeatarfe.es\/wp-content\/uploads\/2024\/02\/granada-mapa-trafico-hora-punta-klXD-U2101449936270OiF-1200x840%40Ideal.webp?fit=1200%2C840&ssl=1","jetpack_likes_enabled":true,"jetpack_sharing_enabled":true,"_links":{"self":[{"href":"https:\/\/miradordeatarfe.es\/index.php?rest_route=\/wp\/v2\/posts\/66985","targetHints":{"allow":["GET"]}}],"collection":[{"href":"https:\/\/miradordeatarfe.es\/index.php?rest_route=\/wp\/v2\/posts"}],"about":[{"href":"https:\/\/miradordeatarfe.es\/index.php?rest_route=\/wp\/v2\/types\/post"}],"author":[{"embeddable":true,"href":"https:\/\/miradordeatarfe.es\/index.php?rest_route=\/wp\/v2\/users\/1"}],"replies":[{"embeddable":true,"href":"https:\/\/miradordeatarfe.es\/index.php?rest_route=%2Fwp%2Fv2%2Fcomments&post=66985"}],"version-history":[{"count":1,"href":"https:\/\/miradordeatarfe.es\/index.php?rest_route=\/wp\/v2\/posts\/66985\/revisions"}],"predecessor-version":[{"id":66994,"href":"https:\/\/miradordeatarfe.es\/index.php?rest_route=\/wp\/v2\/posts\/66985\/revisions\/66994"}],"wp:featuredmedia":[{"embeddable":true,"href":"https:\/\/miradordeatarfe.es\/index.php?rest_route=\/wp\/v2\/media\/66993"}],"wp:attachment":[{"href":"https:\/\/miradordeatarfe.es\/index.php?rest_route=%2Fwp%2Fv2%2Fmedia&parent=66985"}],"wp:term":[{"taxonomy":"category","embeddable":true,"href":"https:\/\/miradordeatarfe.es\/index.php?rest_route=%2Fwp%2Fv2%2Fcategories&post=66985"},{"taxonomy":"post_tag","embeddable":true,"href":"https:\/\/miradordeatarfe.es\/index.php?rest_route=%2Fwp%2Fv2%2Ftags&post=66985"}],"curies":[{"name":"wp","href":"https:\/\/api.w.org\/{rel}","templated":true}]}}