{"id":66986,"date":"2024-02-08T11:00:51","date_gmt":"2024-02-08T10:00:51","guid":{"rendered":"https:\/\/miradordeatarfe.es\/?p=66986"},"modified":"2024-02-06T14:23:07","modified_gmt":"2024-02-06T13:23:07","slug":"el-club-senderista-el-castillejo-y-la-asociacion-ilbira-mozarabe-conquistaron-castro-del-rio-cordoba","status":"publish","type":"post","link":"https:\/\/miradordeatarfe.es\/?p=66986","title":{"rendered":"EL CLUB SENDERISTA EL CASTILLEJO Y LA ASOCIACI\u00d3N ILBIRA MOZ\u00c1RABE \u00abCONQUISTARON\u00bb CASTRO DEL R\u00cdO (C\u00d3RDOBA)"},"content":{"rendered":"<h3 style=\"text-align: justify;\">El pasado domingo 4 de febrero de 2024 el club de senderistas \u00abEL CASTILLEJO\u00bb y las Asociaci\u00f3n Cultural \u00abILBIRA MOZ\u00c1RABE\u00bb\u00a0 llegaron a\u00a0 Castro del Rio (C\u00f3rdoba) <\/h3>\n<p style=\"text-align: justify;\">La haza\u00f1a tuvo lugar con la decimos\u00e9ptima etapa del Camino Moz\u00e1rabe Almer\u00eda-Santiago que discurri\u00f3 desde Baena ( C\u00f3rdoba) hasta Castro del R\u00edo , 20 Km de bajada por la campi\u00f1a Cordobesa junto al R\u00edo Guadajoz, entre el verde claro de los cereales reci\u00e9n salidos y el verde oscuro de los centenarios olivos cordobeses.<\/p>\n<p style=\"text-align: justify;\">Como etapas anteriores, y van 17, se sali\u00f3 en autob\u00fas desde Atarfe a las 8 h de la ma\u00f1ana, bien abrigados y pertrechados con mochilas, bastones, etc. para afrontar una nueva etapa del Camino Moz\u00e1rabe, la antepen\u00faltima etapa antes de llegar a C\u00f3rdoba, son 320 km los que se han hecho ya desde que se inici\u00f3 este reto desde Almer\u00eda pasando por Granada hace dos a\u00f1os y medio.<\/p>\n<p style=\"text-align: justify;\">Hacia las 9, 20 h lleg\u00e1bamos a Baena y como soldados disciplinados inici\u00e1bamos la marcha a la voz de Rafa Burgos, con Antonio Costela en la retaguardia. Varias cuestas de inicio nos hicieron entrar en calor y quitarnos chaquetones y tapabocas, a continuaci\u00f3n empezamos a bajar por caminos pedregosos, en un mar de olivos bajo la curiosa mirada de alg\u00fan agricultor de la zona que andaba curando plantones de olivos.<\/p>\n<p style=\"text-align: justify;\"><a href=\"https:\/\/i0.wp.com\/miradordeatarfe.es\/wp-content\/uploads\/2024\/02\/FotoPeregrinosIngleses4-2-24.jpg?ssl=1\"><img data-recalc-dims=\"1\" loading=\"lazy\" decoding=\"async\" class=\"wp-image-66989 size-full alignleft\" src=\"https:\/\/i0.wp.com\/miradordeatarfe.es\/wp-content\/uploads\/2024\/02\/FotoPeregrinosIngleses4-2-24.jpg?resize=561%2C366&#038;ssl=1\" alt=\"\" width=\"561\" height=\"366\" srcset=\"https:\/\/i0.wp.com\/miradordeatarfe.es\/wp-content\/uploads\/2024\/02\/FotoPeregrinosIngleses4-2-24.jpg?w=561&amp;ssl=1 561w, https:\/\/i0.wp.com\/miradordeatarfe.es\/wp-content\/uploads\/2024\/02\/FotoPeregrinosIngleses4-2-24.jpg?resize=300%2C196&amp;ssl=1 300w\" sizes=\"auto, (max-width: 561px) 100vw, 561px\" \/><\/a>La silueta del R\u00edo Guadajoz quedaba dibujada en el paisaje, por el tono marr\u00f3n de los tarajes y \u00e1lamos de rivera desnudos por el invierno, un bonito ecosistema, que en primavera se llenar\u00e1 de hojas plateadas con nidos de aves. Un merecido descanso a los 8 km tras el buen ritmo llevado en esta primera parte del camino, en la Venta de la Maturra, sobre el antiguo puente de la vieja carretera comarcal. Un momento de bromas mientras se reponen fuerzas y en el que alguien comparte chocolate, frutos secos\u2026 los hay que aprovechan para buscar alguna zona m\u00e1s \u00edntima y liberar el l\u00edquido que ya no se necesita e incluso oprime.<\/p>\n<p style=\"text-align: justify;\">-\u201c\u00bf Qui\u00e9n quiere continuar en el autob\u00fas?\u201d ,avis\u00f3 nuestro gu\u00eda, para quienes estuvieran cansados o lesionados , el resto seguimos andando en paralelo por el curso del r\u00edo, bajo la mirada fija de aves rapaces que sobrevolaban. Un poco m\u00e1s adelante nos encontramos con dos peregrinos ingleses que ven\u00edan desde Granada y se vieron sorprendidos por el n\u00famero de caminantes que se les acercaba, hablamos m\u00e1s por gestos y chapurreo de palabras inglesas y espa\u00f1olas, nos hicimos una foto y los despedimos con la contrase\u00f1a \u201c Buen Camino\u201d.<\/p>\n<p style=\"text-align: justify;\">Hacia las 13,30 h vimos la torre de la Iglesia y el Castillo-Fortaleza de Castro del R\u00edo, mucho \u00e1nimo subi\u00f3 en el batall\u00f3n, unos por ver finalizada la etapa y otros por el deseo de una cerveza, aunque fuera sin tapa. No pudimos sellar la credencial porque la Iglesia estaba cerrada, pero volveremos para iniciar la pen\u00faltima antes de llegar a C\u00f3rdoba capital.<\/p>\n","protected":false},"excerpt":{"rendered":"<p>El pasado domingo 4 de febrero de 2024 el club de senderistas \u00abEL CASTILLEJO\u00bb y&#8230;<\/p>\n","protected":false},"author":1,"featured_media":66987,"comment_status":"closed","ping_status":"closed","sticky":false,"template":"","format":"standard","meta":{"_coblocks_attr":"","_coblocks_dimensions":"","_coblocks_responsive_height":"","_coblocks_accordion_ie_support":"","jetpack_post_was_ever_published":false,"_jetpack_newsletter_access":"","_jetpack_dont_email_post_to_subs":false,"_jetpack_newsletter_tier_id":0,"_jetpack_memberships_contains_paywalled_content":false,"_jetpack_memberships_contains_paid_content":false,"footnotes":"","jetpack_publicize_message":"","jetpack_publicize_feature_enabled":true,"jetpack_social_post_already_shared":true,"jetpack_social_options":{"image_generator_settings":{"template":"highway","default_image_id":0,"enabled":false},"version":2}},"categories":[2,186,44,10],"tags":[],"class_list":["post-66986","post","type-post","status-publish","format-standard","has-post-thumbnail","hentry","category-atarfe","category-instituciones","category-noticias-de-hoy","category-salud"],"jetpack_publicize_connections":[],"jetpack_featured_media_url":"https:\/\/i0.wp.com\/miradordeatarfe.es\/wp-content\/uploads\/2024\/02\/FotogrupoCastrodelRio4-2-24.jpg?fit=324%2C437&ssl=1","jetpack_likes_enabled":true,"jetpack_sharing_enabled":true,"_links":{"self":[{"href":"https:\/\/miradordeatarfe.es\/index.php?rest_route=\/wp\/v2\/posts\/66986","targetHints":{"allow":["GET"]}}],"collection":[{"href":"https:\/\/miradordeatarfe.es\/index.php?rest_route=\/wp\/v2\/posts"}],"about":[{"href":"https:\/\/miradordeatarfe.es\/index.php?rest_route=\/wp\/v2\/types\/post"}],"author":[{"embeddable":true,"href":"https:\/\/miradordeatarfe.es\/index.php?rest_route=\/wp\/v2\/users\/1"}],"replies":[{"embeddable":true,"href":"https:\/\/miradordeatarfe.es\/index.php?rest_route=%2Fwp%2Fv2%2Fcomments&post=66986"}],"version-history":[{"count":2,"href":"https:\/\/miradordeatarfe.es\/index.php?rest_route=\/wp\/v2\/posts\/66986\/revisions"}],"predecessor-version":[{"id":66990,"href":"https:\/\/miradordeatarfe.es\/index.php?rest_route=\/wp\/v2\/posts\/66986\/revisions\/66990"}],"wp:featuredmedia":[{"embeddable":true,"href":"https:\/\/miradordeatarfe.es\/index.php?rest_route=\/wp\/v2\/media\/66987"}],"wp:attachment":[{"href":"https:\/\/miradordeatarfe.es\/index.php?rest_route=%2Fwp%2Fv2%2Fmedia&parent=66986"}],"wp:term":[{"taxonomy":"category","embeddable":true,"href":"https:\/\/miradordeatarfe.es\/index.php?rest_route=%2Fwp%2Fv2%2Fcategories&post=66986"},{"taxonomy":"post_tag","embeddable":true,"href":"https:\/\/miradordeatarfe.es\/index.php?rest_route=%2Fwp%2Fv2%2Ftags&post=66986"}],"curies":[{"name":"wp","href":"https:\/\/api.w.org\/{rel}","templated":true}]}}