{"id":67002,"date":"2024-02-08T11:16:03","date_gmt":"2024-02-08T10:16:03","guid":{"rendered":"https:\/\/miradordeatarfe.es\/?p=67002"},"modified":"2024-02-08T13:43:16","modified_gmt":"2024-02-08T12:43:16","slug":"las-canteras-de-atarfe","status":"publish","type":"post","link":"https:\/\/miradordeatarfe.es\/?p=67002","title":{"rendered":"\u00abLAS CANTERAS DE ATARFE\u00bb"},"content":{"rendered":"<h3 style=\"text-align: justify;\">Las canteras son explotaciones mineras de superficie, en las que la extracci\u00f3n de material se hace mediante voladura contralada. Para su explotaci\u00f3n se requiere una arquitectura en escalones de diferentes alturas seg\u00fan los casos, desarroll\u00e1ndose las excavaciones de arriba hacia abajo.<\/h3>\n<p style=\"text-align: justify;\">En Atarfe el material extra\u00eddo m\u00e1s caracter\u00edstico es el conocido como \u201cm\u00e1rmol de Sierra Elvira\u201d, aunque realmente no es un m\u00e1rmol sino una caliza (roca de carbonato c\u00e1lcico) con cemento espar\u00edtico y cristales de calcita visibles. Llamada tambi\u00e9n \u201cCaliza de crinoides\u201d al estar compuesta por f\u00f3siles de crinoides (un tipo de equinodermo que habitaba hace unos 190 millones de a\u00f1os en ambientes marinos).<\/p>\n<p style=\"text-align: justify;\">Los colores y tonalidades oscilan de gris a verde gris\u00e1ceo, siendo los tonos m\u00e1s claros los ligados a algunas bandas muy finas de calcita y a los granos de los artejos de los crinoides, que pueden apreciarse bastante bien en algunos cortes. Tambi\u00e9n hay constancia de tonos blancos y negro jaspe, pero es la piedra gris la predominante y la m\u00e1s utilizada.<\/p>\n<h3 style=\"text-align: justify;\">Rese\u00f1a Hist\u00f3rica<\/h3>\n<p style=\"text-align: justify;\">Han sido numerosas las zonas explotadas para la extracci\u00f3n de piedra en Sierra Elvira por diferentes culturas. En la \u00e9poca romana se emple\u00f3 en soler\u00edas (por ejemplo en el Carmen de Lopera de Granada) y en otros elementos de los que quedan vestigios arqueol\u00f3gicos hallados en Granada y provincia, como cipos cil\u00edndricos o inscripciones honorarias y l\u00e1pidas funerarias que datan de los siglos I y III.<\/p>\n<p style=\"text-align: justify;\">En las culturas visigodas o de los \u00e1rabes, se utiliz\u00f3 menos, alcanzando su mayor esplendor en el siglo XVI con la conquista de Granada por los Reyes Cat\u00f3licos. En esta \u00e9poca su uso en la\u00a0 construcci\u00f3n fue muy extendido debido a su durabilidad y resistencia. As\u00ed, lo encontramos en elementos que exig\u00edan mayor resistencia como esquinas, cornisas y pilares. Adem\u00e1s era considerado como s\u00edmbolo de poder y ostentaci\u00f3n, coloc\u00e1ndose en sitios visibles como fachadas y portadas en edificios importantes.<\/p>\n<p style=\"text-align: justify;\">Se us\u00f3 en la Catedral de Granada, la Capilla Real, el Hospital Real, el Palacio de Carlos V, el Palacio de los C\u00f3rdova, el Palacio de la Real Chanciller\u00eda, el Palacio de Bibataub\u00edn, Palacio de la Madraza, para iglesias (Nuestra Se\u00f1ora de las Angustias, Santo Domingo, San Juan de Dios,\u2026), conventos y monasterios (La Cartuja, Monasterio de San Jer\u00f3nimo, Convento de la Concepci\u00f3n, Convento de la Encarnaci\u00f3n, Convento de Santa Catalina de Zafra,\u2026), casas se\u00f1oriales (Casa de los Pineda, Casa de los Girones, Casa de los Tiros,\u2026).<\/p>\n<p style=\"text-align: justify;\">Tambi\u00e9n se encuentra en pilares y fuentes (Pilar de Carlos V, Pilar del Toro, Fuente de las Batallas, fuente de la Plaza de la Trinidad,\u2026), en esculturas (Mariana Pineda, Cristo de los Favores del Campo del Pr\u00edncipe, Obelisco en la plaza del Padre Suarez,\u2026).<\/p>\n<p style=\"text-align: justify;\">En Atarfe se puede ver en la Cruz de los Ca\u00eddos,\u00a0 en la Iglesia de Nuestra Se\u00f1ora de la Encarnaci\u00f3n, en los pilares de la plaza del Ayuntamiento y de la Iglesia, en la Ermita de los Tres Juanes, en la Ermita de Santa Ana,\u2026<\/p>\n<p style=\"text-align: justify;\">A mediados del siglo XX exist\u00edan trece canteras dedicadas a la explotaci\u00f3n y hasta nueve f\u00e1bricas de elaboraci\u00f3n y transformaci\u00f3n del m\u00e1rmol, adem\u00e1s de f\u00e1bricas de terrazos, talleres artesanales y una planta de \u00e1ridos. Dando trabajo a unas 600 personas. Hoy se pueden encontrar por la zona numerosas canteras abandonadas, siendo pocas las que contin\u00faan su actividad.<\/p>\n<p><a href=\"https:\/\/i0.wp.com\/miradordeatarfe.es\/wp-content\/uploads\/2024\/02\/CANTERAS-1.png?ssl=1\"><img data-recalc-dims=\"1\" loading=\"lazy\" decoding=\"async\" class=\"wp-image-67003 size-full aligncenter\" src=\"https:\/\/i0.wp.com\/miradordeatarfe.es\/wp-content\/uploads\/2024\/02\/CANTERAS-1.png?resize=640%2C263&#038;ssl=1\" alt=\"\" width=\"640\" height=\"263\" srcset=\"https:\/\/i0.wp.com\/miradordeatarfe.es\/wp-content\/uploads\/2024\/02\/CANTERAS-1.png?w=785&amp;ssl=1 785w, https:\/\/i0.wp.com\/miradordeatarfe.es\/wp-content\/uploads\/2024\/02\/CANTERAS-1.png?resize=300%2C123&amp;ssl=1 300w, https:\/\/i0.wp.com\/miradordeatarfe.es\/wp-content\/uploads\/2024\/02\/CANTERAS-1.png?resize=768%2C316&amp;ssl=1 768w\" sizes=\"auto, (max-width: 640px) 100vw, 640px\" \/><\/a><\/p>\n<p><strong>Bibliograf\u00eda y documentaci\u00f3n<\/strong><\/p>\n<p>\u2010 GRANADOS TORRES, Jos\u00e9 Enrique (coord.). Atarfe en papel. Ayuntamiento de Atarfe y Corporaci\u00f3n de Medios de Andaluc\u00eda (IDEAL). 2007<\/p>\n<p>\u2010 http:\/\/empresite.eleconomista.es\/Actividad\/CANTERA\u2010MARMOL\/localidad\/ATARFE\u2010GRANADA\/<\/p>\n<p>\u2010 Wikipedia<\/p>\n<h3>PUBLICADO EN EL LIBRO \u00bb ATARFE PATRIMONIO CULTURAL Y NATURAL\u00bb (2015) FRANCISCA L\u00d3PEZ, I\u00d1AKI NIEVA Y MANUEL GUERRERO<\/h3>\n","protected":false},"excerpt":{"rendered":"<p>Las canteras son explotaciones mineras de superficie, en las que la extracci\u00f3n de material se&#8230;<\/p>\n","protected":false},"author":1,"featured_media":67004,"comment_status":"closed","ping_status":"closed","sticky":false,"template":"","format":"standard","meta":{"_coblocks_attr":"","_coblocks_dimensions":"","_coblocks_responsive_height":"","_coblocks_accordion_ie_support":"","jetpack_post_was_ever_published":false,"_jetpack_newsletter_access":"","_jetpack_dont_email_post_to_subs":false,"_jetpack_newsletter_tier_id":0,"_jetpack_memberships_contains_paywalled_content":false,"_jetpack_memberships_contains_paid_content":false,"footnotes":"","jetpack_publicize_message":"","jetpack_publicize_feature_enabled":true,"jetpack_social_post_already_shared":true,"jetpack_social_options":{"image_generator_settings":{"template":"highway","default_image_id":0,"enabled":false},"version":2}},"categories":[2,1225,186,44],"tags":[],"class_list":["post-67002","post","type-post","status-publish","format-standard","has-post-thumbnail","hentry","category-atarfe","category-ha-de-atarfe","category-instituciones","category-noticias-de-hoy"],"jetpack_publicize_connections":[],"jetpack_featured_media_url":"https:\/\/i0.wp.com\/miradordeatarfe.es\/wp-content\/uploads\/2024\/02\/CANTERAS-2.png?fit=335%2C225&ssl=1","jetpack_likes_enabled":true,"jetpack_sharing_enabled":true,"_links":{"self":[{"href":"https:\/\/miradordeatarfe.es\/index.php?rest_route=\/wp\/v2\/posts\/67002","targetHints":{"allow":["GET"]}}],"collection":[{"href":"https:\/\/miradordeatarfe.es\/index.php?rest_route=\/wp\/v2\/posts"}],"about":[{"href":"https:\/\/miradordeatarfe.es\/index.php?rest_route=\/wp\/v2\/types\/post"}],"author":[{"embeddable":true,"href":"https:\/\/miradordeatarfe.es\/index.php?rest_route=\/wp\/v2\/users\/1"}],"replies":[{"embeddable":true,"href":"https:\/\/miradordeatarfe.es\/index.php?rest_route=%2Fwp%2Fv2%2Fcomments&post=67002"}],"version-history":[{"count":3,"href":"https:\/\/miradordeatarfe.es\/index.php?rest_route=\/wp\/v2\/posts\/67002\/revisions"}],"predecessor-version":[{"id":67070,"href":"https:\/\/miradordeatarfe.es\/index.php?rest_route=\/wp\/v2\/posts\/67002\/revisions\/67070"}],"wp:featuredmedia":[{"embeddable":true,"href":"https:\/\/miradordeatarfe.es\/index.php?rest_route=\/wp\/v2\/media\/67004"}],"wp:attachment":[{"href":"https:\/\/miradordeatarfe.es\/index.php?rest_route=%2Fwp%2Fv2%2Fmedia&parent=67002"}],"wp:term":[{"taxonomy":"category","embeddable":true,"href":"https:\/\/miradordeatarfe.es\/index.php?rest_route=%2Fwp%2Fv2%2Fcategories&post=67002"},{"taxonomy":"post_tag","embeddable":true,"href":"https:\/\/miradordeatarfe.es\/index.php?rest_route=%2Fwp%2Fv2%2Ftags&post=67002"}],"curies":[{"name":"wp","href":"https:\/\/api.w.org\/{rel}","templated":true}]}}