{"id":67007,"date":"2024-02-08T09:16:00","date_gmt":"2024-02-08T08:16:00","guid":{"rendered":"https:\/\/miradordeatarfe.es\/?p=67007"},"modified":"2024-02-07T10:44:34","modified_gmt":"2024-02-07T09:44:34","slug":"populismo-agrario-con-aroma-ultra-el-menu-de-moda-en-europa","status":"publish","type":"post","link":"https:\/\/miradordeatarfe.es\/?p=67007","title":{"rendered":"Populismo agrario con aroma ultra, el men\u00fa de moda en Europa"},"content":{"rendered":"<h2 style=\"text-align: justify;\">Llegan a Espa\u00f1a los bloqueos masivos de carreteras por agricultores, movilizados por exigencias cercanas a la extrema derecha y opuestas a las pol\u00edticas verdes contra el cambio clim\u00e1tico<\/h2>\n<div class=\"partner-wrapper article-page__body-row \" style=\"text-align: justify;\">\n<div class=\"second-col\">\n<p class=\"article-text\">Es m\u00e1s sencillo alterar el orden p\u00fablico y cortar el acceso a ciudades e infraestructuras b\u00e1sicas subido a un tractor que a pie. De entrada, recibes un trato diferente de la Polic\u00eda o Guardia Civil, que es cierto que tiene dificultades materiales para impedir el paso a decenas o centenares de veh\u00edculos. En el plano pol\u00edtico, la diferencia es m\u00e1s clara. <strong><em>Nadie se atreve a decir a los agricultores que algunas de sus reivindicaciones son incompatibles con la normativa europea, con limitaciones presupuestarias o con otras cuestiones como la lucha contra el cambio clim\u00e1tico.<\/em><\/strong><\/p>\n<p class=\"article-text\">Los pol\u00edticos tienen miedo a los agricultores cuando estos se enfurecen. Saben que los necesitan, tambi\u00e9n sus votos, y aportan much\u00edsimo dinero para que sigan haciendo su trabajo. El problema es que el sistema econ\u00f3mico les ha concedido el primer eslab\u00f3n de la cadena alimenticia, que es el m\u00e1s d\u00e9bil. Quienes ponen directamente la comida en la mesa son las distribuidoras y las grandes superficies comerciales, que son las que obtienen los mayores beneficios.<\/p>\n<p class=\"article-text\">Ser\u00e1 por eso que en Vitoria 400 agricultores y ganaderos se concentraron <a class=\"link\" href=\"https:\/\/twitter.com\/gasteizhoy\/status\/1754849661326622882\" target=\"_blank\" rel=\"noopener\" data-mrf-recirculation=\"links-noticia\" data-mrf-link=\"https:\/\/twitter.com\/gasteizhoy\/status\/1754849661326622882\">ante la sede log\u00edstica de Mercadona<\/a> y gritaron \u201csi el campo no produce, la ciudad no come\u201d.<\/p>\n<p class=\"article-text\">Los cortes de carreteras que se han visto en las \u00faltimas semanas en Europa han llegado este martes a Espa\u00f1a. Los convocantes no han sido los principales sindicatos agrarios. El malestar de los agricultores se ha plasmado <a class=\"link\" href=\"https:\/\/ileon.eldiario.es\/actualidad\/manifiesto-algarada-agricola-leon-avala-peticiones-ultraderecha-politica-ambiental-animalista_1_10881881.html\" target=\"_blank\" rel=\"noopener\" data-mrf-recirculation=\"links-noticia\" data-mrf-link=\"https:\/\/ileon.eldiario.es\/actualidad\/manifiesto-algarada-agricola-leon-avala-peticiones-ultraderecha-politica-ambiental-animalista_1_10881881.html\">en un llamado \u201cManifiesto Agrupaci\u00f3n Nacional<\/a> de Agricultores y Ganaderos del Sector Primario 6\/02\/2024\u201d con reivindicaciones entre las que es f\u00e1cil identificar las habituales de los partidos de extrema derecha en Europa.<\/p>\n<p class=\"article-text\">E<strong>xigen la \u201cderogaci\u00f3n de la Agenda 2030\u201d, una de las bestias negras de Vox y presentada como una amenaza planetari<\/strong>a. Quieren eliminar la ley de bienestar animal y las protecciones a las especies, \u201cque atentan contra la agricultura, ganader\u00eda y zonas rurales\u201d. Est\u00e1 claro que abominan de cualquier protecci\u00f3n del medio ambiente. Demandan una gesti\u00f3n del agua \u201cconsecuente con las necesidades de cada territorio\u201d, una especie de agua para todos y da igual de d\u00f3nde salga.<\/p>\n<p class=\"article-text\">Es significativo que reclamen el cumplimiento de la Ley de Cadena Alimentaria, \u201cdonde el agricultor no sea obligado a vender a p\u00e9rdidas\u201d. No les falta raz\u00f3n, porque no sirve de nada aprobar leyes si luego no se ponen en marcha los mecanismos necesarios para que se cumplan y se sancione a los culpables. Las multas aprobadas en un a\u00f1o <a class=\"link\" href=\"https:\/\/www.eldiario.es\/economia\/ano-sanciones-saltarse-ley-cadena-alimentaria-pagar-tarde-4-multas-super_1_10685398.html\" target=\"_blank\" rel=\"noopener\" data-mrf-recirculation=\"links-noticia\" data-mrf-link=\"https:\/\/www.eldiario.es\/economia\/ano-sanciones-saltarse-ley-cadena-alimentaria-pagar-tarde-4-multas-super_1_10685398.html\">han sido irrisorias.<\/a><\/p>\n<p class=\"article-text\">Existe un punto que confirma que algunas de estas peticiones est\u00e1n fuera de la realidad. Pretenden que los gobiernos europeos impongan \u201caranceles a la entrada de productos extracomunitarios\u201d. Eso incluye pa\u00edses con los que la UE ha firmado tratados comerciales que est\u00e1 obligada a cumplir. Es la gran bicha del mundo agrario que ve competidores desleales por todos los lados. Los espa\u00f1oles miran constantemente a Marruecos. Curiosamente, los franceses acusan con la misma frecuencia a Espa\u00f1a, lo que ya sabemos que era una tradici\u00f3n hasta la entrada en la UE. <a class=\"link\" href=\"https:\/\/www.eldiario.es\/economia\/malestar-campo-toma-calles-europa_1_10891361.html\" target=\"_blank\" rel=\"noopener\" data-mrf-recirculation=\"links-noticia\" data-mrf-link=\"https:\/\/www.eldiario.es\/economia\/malestar-campo-toma-calles-europa_1_10891361.html\">El infierno son los tomates del otro.<\/a><\/p>\n<p class=\"article-text\">Se ha visto esta semana con los comentarios de S\u00e9gol\u00e8ne Royal, que ha hecho el recorrido contrario al de Javier Milei. Ella ha pasado de candidata a la presidencia francesa a tertuliana exaltada.<\/p>\n<figure><picture class=\"news-image\"><source srcset=\"https:\/\/static.eldiario.es\/clip\/5238f3e3-8707-4c1d-902f-10e61197ecc2_source-aspect-ratio_50p_0.webp\" type=\"image\/webp\" media=\"(max-width: 576px)\" \/><source srcset=\"https:\/\/static.eldiario.es\/clip\/5238f3e3-8707-4c1d-902f-10e61197ecc2_source-aspect-ratio_50p_0.jpg\" type=\"image\/jpg\" media=\"(max-width: 576px)\" \/><source srcset=\"https:\/\/static.eldiario.es\/clip\/5238f3e3-8707-4c1d-902f-10e61197ecc2_source-aspect-ratio_75p_0.webp\" type=\"image\/webp\" media=\"(max-width: 767px)\" \/><source srcset=\"https:\/\/static.eldiario.es\/clip\/5238f3e3-8707-4c1d-902f-10e61197ecc2_source-aspect-ratio_75p_0.jpg\" type=\"image\/jpg\" media=\"(max-width: 767px)\" \/><source srcset=\"https:\/\/static.eldiario.es\/clip\/5238f3e3-8707-4c1d-902f-10e61197ecc2_source-aspect-ratio_default_0.webp\" type=\"image\/webp\" media=\"(min-width: 768px)\" \/><source srcset=\"https:\/\/static.eldiario.es\/clip\/5238f3e3-8707-4c1d-902f-10e61197ecc2_source-aspect-ratio_default_0.jpg\" type=\"image\/jpg\" media=\"(min-width: 768px)\" \/><source srcset=\"https:\/\/static.eldiario.es\/clip\/5238f3e3-8707-4c1d-902f-10e61197ecc2_source-aspect-ratio_default_0.webp\" type=\"image\/webp\" \/><img data-recalc-dims=\"1\" decoding=\"async\" class=\"lazy entered loaded\" src=\"https:\/\/i0.wp.com\/static.eldiario.es\/clip\/5238f3e3-8707-4c1d-902f-10e61197ecc2_source-aspect-ratio_default_0.jpg?w=640&#038;ssl=1\" alt=\"\" data-src=\"https:\/\/static.eldiario.es\/clip\/5238f3e3-8707-4c1d-902f-10e61197ecc2_source-aspect-ratio_default_0.jpg\" data-ll-status=\"loaded\" \/> <\/picture><figcaption class=\"image-footer\"><span class=\"title\"> Tractores cortan la autov\u00eda A4 en Sevilla el 6 de febrero. <span class=\"author\"> Francisco J. Olmo \/ Europa Press<\/span> <\/span><\/figcaption><\/figure>\n<p class=\"article-text\">La movilizaci\u00f3n recupera cr\u00edticas conocidas a la <a class=\"link\" href=\"https:\/\/www.mapa.gob.es\/es\/pac\/\" target=\"_blank\" rel=\"noopener\" data-mrf-recirculation=\"links-noticia\" data-mrf-link=\"https:\/\/www.mapa.gob.es\/es\/pac\/\">PAC comunitaria.<\/a> Hay un rechazo constante a todos los requisitos burocr\u00e1ticos que conlleva, aunque parece dif\u00edcil justificar que las inmensas cantidades de dinero que mueve se concedan sin el control pertinente. Los subsidios europeos que parten de Bruselas llegan a los 60.000 millones de euros anuales, es decir, una tercera parte de todo el presupuesto comunitario.<\/p>\n<p class=\"article-text\">Quiz\u00e1 el sistema de ayudas deber\u00eda haberse reformado hace tiempo, pero encontrar el consenso necesario para hacerlo ser\u00eda tan dif\u00edcil que pocos gobiernos est\u00e1n dispuestos a apostar por ello. En la \u00faltima ampliaci\u00f3n de la PAC, s\u00ed se establecieron ayudas adicionales a los que empleaban pr\u00e1cticas beneficiosas para el medio ambiente, y eso ya incomod\u00f3 bastante a muchos agricultores.<\/p>\n<p class=\"article-text\">En Hungr\u00eda, <a class=\"link\" href=\"https:\/\/www.nytimes.com\/2019\/11\/03\/world\/europe\/eu-farm-subsidy-hungary.html\" target=\"_blank\" rel=\"noopener\" data-mrf-recirculation=\"links-noticia\" data-mrf-link=\"https:\/\/www.nytimes.com\/2019\/11\/03\/world\/europe\/eu-farm-subsidy-hungary.html\">el nivel de corrupci\u00f3n en la concesi\u00f3n de los subsidios de la PAC<\/a> \u2013y su aprovechamiento por la \u00e9lite que apoya a Viktor Orb\u00e1n al beneficiar a los grandes productores agrarios\u2013 ha sido tan grande que hay que pensar que no puede ser el \u00fanico pa\u00eds que utiliza mal el sistema, quiz\u00e1 s\u00ed el que lo hace de forma m\u00e1s descarada.<\/p>\n<p class=\"article-text\">La protesta del campo ha sido aprovechada desde el primer momento por la extrema derecha europea para cargar contra la Uni\u00f3n Europea, pero sin tocar las subvenciones, y las medidas contra el cambio clim\u00e1tico. De entrada, y al estar tan cerca las elecciones europeas de junio, ha conseguido que el Partido Popular Europeo acepte algunas de sus exigencias.<\/p>\n<p class=\"article-text\">Los conservadores votaron en el Parlamento Europeo contra el recorte en el uso de pesticidas. <a class=\"link\" href=\"https:\/\/www.eldiario.es\/economia\/comision-europea-retira-ley-reducir-pesticidas-plena-revuelta-agraria_1_10898656.html\" target=\"_blank\" rel=\"noopener\" data-mrf-recirculation=\"links-noticia\" data-mrf-link=\"https:\/\/www.eldiario.es\/economia\/comision-europea-retira-ley-reducir-pesticidas-plena-revuelta-agraria_1_10898656.html\">Ursula von der Leyen confirm\u00f3 el martes que ha sido cancelado<\/a> con el argumento de que ha pasado a ser \u201cun s\u00edmbolo de polarizaci\u00f3n\u201d. Es decir, es lo bastante pol\u00e9mico como para que sea mejor esconderlo en un armario durante el a\u00f1o electoral.<\/p>\n<p class=\"article-text\">Las acciones de Bayer, el mayor productor europeo de pesticidas, subieron un 5% al conocerse la decisi\u00f3n, seg\u00fan el Financial Times.<\/p>\n<p class=\"article-text\">En Espa\u00f1a, Alberto N\u00fa\u00f1ez Feij\u00f3o ha aprovechado las protestas para criticar al Gobierno por su \u201cenorme desd\u00e9n\u201d por el mundo agrario. Calific\u00f3 al Gobierno de \u201curbanita\u201d, esos pijos que no se manchan los zapatos porque viven en el asfalto. \u201cLa pol\u00edtica medioambiental no se puede dise\u00f1ar mirando por una ventana en la Castellana, en Madrid, sino viniendo al rural\u201d, dijo en Lal\u00edn tras visitar una explotaci\u00f3n ganadera (foto obligada con vacas, como en la \u00e9poca de Casado). Como \u00e9l, que luego <a class=\"link\" href=\"https:\/\/www.eldiario.es\/rastreador\/feijoo-confunde-metano-metanol-criticar-gobierno_132_10898025.html\" target=\"_blank\" rel=\"noopener\" data-mrf-recirculation=\"links-noticia\" data-mrf-link=\"https:\/\/www.eldiario.es\/rastreador\/feijoo-confunde-metano-metanol-criticar-gobierno_132_10898025.html\">confundi\u00f3 el metano con el metanol,<\/a> con lo que hay que llegar a la conclusi\u00f3n de que Feij\u00f3o es de esos urbanitas que no saben lo que sale de una vaca. O eso o las vacas gallegas son \u00fanicas en el mundo.<\/p>\n<p class=\"article-text\">Muchas industrias se est\u00e1n beneficiando en los \u00faltimos a\u00f1os de las pol\u00edticas ambientales de la UE a trav\u00e9s de nuevas subvenciones e incentivos en favor, por ejemplo, de las energ\u00edas renovables. La duda ahora es si habr\u00e1 que soltar m\u00e1s fondos para que el sector primario no obstaculice esas pol\u00edticas. Pero aumentar los ya cuantiosos fondos para agricultura y ganader\u00eda, que es algo que Francia y Espa\u00f1a apoyar\u00edan sin dudar, puede ser un trago demasiado duro para otros pa\u00edses de la Uni\u00f3n.<\/p>\n<p class=\"article-text\">Los conservadores alemanes no estar\u00e1n en principio abiertos a esa idea. La soluci\u00f3n, tal y como la ha defendido el PPE, ser\u00eda aprobar una moratoria de dos a\u00f1os en la aplicaci\u00f3n de varias medidas de las pol\u00edticas verdes. En realidad, todo lo que suene a verde en la legislaci\u00f3n europea y las directivas de la Comisi\u00f3n es visto como un desastre para los agricultores. Manfred Weber, del PPE, ya llama \u201cideolog\u00eda izquierdista\u201d a las medidas verdes cuestionadas.<\/p>\n<p class=\"article-text\">Donde no se podr\u00e1 hacer mucho es con una de las reivindicaciones que los agricultores movilizados han esgrimido en Espa\u00f1a: un compromiso \u201ccontra las pr\u00e1cticas de Geoingenier\u00eda Clim\u00e1tica, que tanto perjudican al sector\u201d. Digamos que ese concepto tiene que ver m\u00e1s con <a class=\"link\" href=\"https:\/\/en.wikipedia.org\/wiki\/Climate_engineering\" target=\"_blank\" rel=\"noopener\" data-mrf-recirculation=\"links-noticia\" data-mrf-link=\"https:\/\/en.wikipedia.org\/wiki\/Climate_engineering\">proyectos de investigaci\u00f3n<\/a>, por ejemplo para capturar di\u00f3xido de carbono, que con una realidad del presente.<\/p>\n<p class=\"article-text\">Es muy probable que los autores del listado est\u00e9n pensando en <a class=\"link\" href=\"https:\/\/www.eldiario.es\/sociedad\/aviones-misteriosos-fumigan-secreto-chemtrails_1_1668697.html\" target=\"_blank\" rel=\"noopener\" data-mrf-recirculation=\"links-noticia\" data-mrf-link=\"https:\/\/www.eldiario.es\/sociedad\/aviones-misteriosos-fumigan-secreto-chemtrails_1_1668697.html\">los inexistentes &#8216;chemtrails&#8217;,<\/a> lo que da <a class=\"link\" href=\"https:\/\/www.eldiario.es\/opinion\/zona-critica\/fumigan_129_10161452.html\" target=\"_blank\" rel=\"noopener\" data-mrf-recirculation=\"links-noticia\" data-mrf-link=\"https:\/\/www.eldiario.es\/opinion\/zona-critica\/fumigan_129_10161452.html\">una idea de la solvencia<\/a> de sus argumentos y del aire, bastante viciado, que respiran.<\/p>\n<\/div>\n<div class=\"first-col\">\n<div class=\"tags\" data-mrf-recirculation=\"etiquetas\">\u00a0<\/div>\n<\/div>\n<\/div>\n<div id=\"edi-comments\">\n<div>\n<div class=\"comment-init\" style=\"text-align: justify;\" data-mrf-recirculation=\"unete-a-la-conversacion\"><strong><a class=\"featured-name\" href=\"https:\/\/www.eldiario.es\/autores\/inigo_saenz_de_ugarte\/\">I\u00f1igo S\u00e1enz de Ugarte<\/a><\/strong><\/div>\n<\/div>\n<div data-mrf-recirculation=\"unete-a-la-conversacion\">\u00a0<\/div>\n<div data-mrf-recirculation=\"unete-a-la-conversacion\">FOTO: <span class=\"title\">Manifestaci\u00f3n con tractores en Girona el 6 de febrero. <span class=\"author\"> David Borrat \/ EFE<\/span><\/span><\/div>\n<div data-mrf-recirculation=\"unete-a-la-conversacion\">\u00a0<\/div>\n<div data-mrf-recirculation=\"unete-a-la-conversacion\">https:\/\/www.eldiario.es\/politica\/populismo-agrario-aroma-ultra-menu-moda-europa_129_10900473.html<\/div>\n<\/div>\n","protected":false},"excerpt":{"rendered":"<p>Llegan a Espa\u00f1a los bloqueos masivos de carreteras por agricultores, movilizados por exigencias cercanas a&#8230;<\/p>\n","protected":false},"author":1,"featured_media":67008,"comment_status":"closed","ping_status":"closed","sticky":false,"template":"","format":"standard","meta":{"_coblocks_attr":"","_coblocks_dimensions":"","_coblocks_responsive_height":"","_coblocks_accordion_ie_support":"","jetpack_post_was_ever_published":false,"_jetpack_newsletter_access":"","_jetpack_dont_email_post_to_subs":false,"_jetpack_newsletter_tier_id":0,"_jetpack_memberships_contains_paywalled_content":false,"_jetpack_memberships_contains_paid_content":false,"footnotes":"","jetpack_publicize_message":"","jetpack_publicize_feature_enabled":true,"jetpack_social_post_already_shared":true,"jetpack_social_options":{"image_generator_settings":{"template":"highway","default_image_id":0,"enabled":false},"version":2}},"categories":[1161,10781,44,7671],"tags":[],"class_list":["post-67007","post","type-post","status-publish","format-standard","has-post-thumbnail","hentry","category-ciudadania","category-granada","category-noticias-de-hoy","category-politica"],"jetpack_publicize_connections":[],"jetpack_featured_media_url":"https:\/\/i0.wp.com\/miradordeatarfe.es\/wp-content\/uploads\/2024\/02\/90c76411-ad95-4d0b-9eb7-0b290f2abbbc_16-9-discover-aspect-ratio_default_0.webp?fit=1200%2C675&ssl=1","jetpack_likes_enabled":true,"jetpack_sharing_enabled":true,"_links":{"self":[{"href":"https:\/\/miradordeatarfe.es\/index.php?rest_route=\/wp\/v2\/posts\/67007","targetHints":{"allow":["GET"]}}],"collection":[{"href":"https:\/\/miradordeatarfe.es\/index.php?rest_route=\/wp\/v2\/posts"}],"about":[{"href":"https:\/\/miradordeatarfe.es\/index.php?rest_route=\/wp\/v2\/types\/post"}],"author":[{"embeddable":true,"href":"https:\/\/miradordeatarfe.es\/index.php?rest_route=\/wp\/v2\/users\/1"}],"replies":[{"embeddable":true,"href":"https:\/\/miradordeatarfe.es\/index.php?rest_route=%2Fwp%2Fv2%2Fcomments&post=67007"}],"version-history":[{"count":1,"href":"https:\/\/miradordeatarfe.es\/index.php?rest_route=\/wp\/v2\/posts\/67007\/revisions"}],"predecessor-version":[{"id":67009,"href":"https:\/\/miradordeatarfe.es\/index.php?rest_route=\/wp\/v2\/posts\/67007\/revisions\/67009"}],"wp:featuredmedia":[{"embeddable":true,"href":"https:\/\/miradordeatarfe.es\/index.php?rest_route=\/wp\/v2\/media\/67008"}],"wp:attachment":[{"href":"https:\/\/miradordeatarfe.es\/index.php?rest_route=%2Fwp%2Fv2%2Fmedia&parent=67007"}],"wp:term":[{"taxonomy":"category","embeddable":true,"href":"https:\/\/miradordeatarfe.es\/index.php?rest_route=%2Fwp%2Fv2%2Fcategories&post=67007"},{"taxonomy":"post_tag","embeddable":true,"href":"https:\/\/miradordeatarfe.es\/index.php?rest_route=%2Fwp%2Fv2%2Ftags&post=67007"}],"curies":[{"name":"wp","href":"https:\/\/api.w.org\/{rel}","templated":true}]}}