{"id":67012,"date":"2024-02-09T11:00:42","date_gmt":"2024-02-09T10:00:42","guid":{"rendered":"https:\/\/miradordeatarfe.es\/?p=67012"},"modified":"2024-06-02T12:17:06","modified_gmt":"2024-06-02T10:17:06","slug":"medianoche-cero-fundacion-por-juan-de-dios-villanueva-roa","status":"publish","type":"post","link":"https:\/\/miradordeatarfe.es\/?p=67012","title":{"rendered":"\u00abMedianoche Cero, fundaci\u00f3n\u00bb por Juan de Dios Villanueva Roa"},"content":{"rendered":"<h3 dir=\"auto\" style=\"text-align: justify;\">Artistas contempor\u00e1neos recalan en la ciudad nazar\u00ed de la mano de la Fundaci\u00f3n Medianoche Cero.<\/h3>\n<div dir=\"auto\" style=\"text-align: justify;\">De una juventud insultante a veces, su obra refleja la inspiraci\u00f3n proyectada hacia un futuro en el que esta ciudad los tendr\u00e1 presentes, coloc\u00e1ndose en una posici\u00f3n privilegiada para ser referente mundial del arte que hoy se est\u00e1 generando.<\/div>\n<div dir=\"auto\" style=\"text-align: justify;\">\u00a0<\/div>\n<div dir=\"auto\" style=\"text-align: justify;\">La creaci\u00f3n actual que se exhibe en las salas de esta fundaci\u00f3n, que aspira a crecer de forma significativa aqu\u00ed en los pr\u00f3ximos a\u00f1os, no tiene l\u00edmites definidos en las materiales usados ni en la arquitectura alcanzada. Desde resina con espuma de alta densidad en la generaci\u00f3n de figuras de cualquier tama\u00f1o, pasando por cer\u00e1mica, carb\u00f3n, \u00f3leo, cristal o fotograf\u00eda, entre otros, nos trasladan al mundo actual con miradas sensuales o cr\u00edticas, sensibles o despiadadas para que el espectador salga de su rutina y busque el mensaje que quienes son sus autores han lanzado a una sociedad que puede parecer adormecida o maleable. Las tecnolog\u00edas intervienen a veces en las composiciones, en las creaciones, en el fondo de la obra que est\u00e1 siempre inspirada en una persona que puede evidenciar a sus semejantes cuando son movidos por la especulaci\u00f3n, los intereses o sencillamente el instinto b\u00e1sico de cada cual.<\/div>\n<div dir=\"auto\" style=\"text-align: justify;\">\u00a0<\/div>\n<div dir=\"auto\" style=\"text-align: justify;\">Y as\u00ed, entre nombres como Bunny Rogers, Nassar, Weaver, Humeau, Vivian Greven o Park Seobo, entre otros, nos invaden con caleidoscopios de carb\u00f3n, pintura aer\u00f3grafa o el autoconsumo humano en una mesa en la que nuestros cuerpos reflejan la realidad de lo comestible en nuestra propia carne. Los avatares de los artistas recorren los metros cuadrados de estas salas en las que el mundo de arte contempor\u00e1neo comienza su andadura en Granada, ciudad tambi\u00e9n universal a la que han llegado aires nuevos y frescos.<\/div>\n","protected":false},"excerpt":{"rendered":"<p>Artistas contempor\u00e1neos recalan en la ciudad nazar\u00ed de la mano de la Fundaci\u00f3n Medianoche Cero&#8230;.<\/p>\n","protected":false},"author":1,"featured_media":67013,"comment_status":"closed","ping_status":"closed","sticky":false,"template":"","format":"standard","meta":{"_coblocks_attr":"","_coblocks_dimensions":"","_coblocks_responsive_height":"","_coblocks_accordion_ie_support":"","jetpack_post_was_ever_published":false,"_jetpack_newsletter_access":"","_jetpack_dont_email_post_to_subs":false,"_jetpack_newsletter_tier_id":0,"_jetpack_memberships_contains_paywalled_content":false,"_jetpack_memberships_contains_paid_content":false,"footnotes":"","jetpack_publicize_message":"","jetpack_publicize_feature_enabled":true,"jetpack_social_post_already_shared":true,"jetpack_social_options":{"image_generator_settings":{"template":"highway","default_image_id":0,"enabled":false},"version":2}},"categories":[1161,10781,9772,6937],"tags":[],"class_list":["post-67012","post","type-post","status-publish","format-standard","has-post-thumbnail","hentry","category-ciudadania","category-granada","category-opinion-de-juan-de-dios-villanueva","category-sociedad"],"jetpack_publicize_connections":[],"jetpack_featured_media_url":"https:\/\/i0.wp.com\/miradordeatarfe.es\/wp-content\/uploads\/2024\/02\/425817058_10228544877280084_7913975264204991472_n.jpg?fit=526%2C933&ssl=1","jetpack_likes_enabled":true,"jetpack_sharing_enabled":true,"_links":{"self":[{"href":"https:\/\/miradordeatarfe.es\/index.php?rest_route=\/wp\/v2\/posts\/67012","targetHints":{"allow":["GET"]}}],"collection":[{"href":"https:\/\/miradordeatarfe.es\/index.php?rest_route=\/wp\/v2\/posts"}],"about":[{"href":"https:\/\/miradordeatarfe.es\/index.php?rest_route=\/wp\/v2\/types\/post"}],"author":[{"embeddable":true,"href":"https:\/\/miradordeatarfe.es\/index.php?rest_route=\/wp\/v2\/users\/1"}],"replies":[{"embeddable":true,"href":"https:\/\/miradordeatarfe.es\/index.php?rest_route=%2Fwp%2Fv2%2Fcomments&post=67012"}],"version-history":[{"count":2,"href":"https:\/\/miradordeatarfe.es\/index.php?rest_route=\/wp\/v2\/posts\/67012\/revisions"}],"predecessor-version":[{"id":67015,"href":"https:\/\/miradordeatarfe.es\/index.php?rest_route=\/wp\/v2\/posts\/67012\/revisions\/67015"}],"wp:featuredmedia":[{"embeddable":true,"href":"https:\/\/miradordeatarfe.es\/index.php?rest_route=\/wp\/v2\/media\/67013"}],"wp:attachment":[{"href":"https:\/\/miradordeatarfe.es\/index.php?rest_route=%2Fwp%2Fv2%2Fmedia&parent=67012"}],"wp:term":[{"taxonomy":"category","embeddable":true,"href":"https:\/\/miradordeatarfe.es\/index.php?rest_route=%2Fwp%2Fv2%2Fcategories&post=67012"},{"taxonomy":"post_tag","embeddable":true,"href":"https:\/\/miradordeatarfe.es\/index.php?rest_route=%2Fwp%2Fv2%2Ftags&post=67012"}],"curies":[{"name":"wp","href":"https:\/\/api.w.org\/{rel}","templated":true}]}}