{"id":67016,"date":"2024-02-12T09:00:16","date_gmt":"2024-02-12T08:00:16","guid":{"rendered":"https:\/\/miradordeatarfe.es\/?p=67016"},"modified":"2024-02-08T13:27:26","modified_gmt":"2024-02-08T12:27:26","slug":"los-cambios-en-la-forma-de-dar-clase-que-pocos-profesores-entienden-a-la-mayoria-nos-suena-a-chino","status":"publish","type":"post","link":"https:\/\/miradordeatarfe.es\/?p=67016","title":{"rendered":"Los cambios en la forma de dar clase que pocos profesores entienden: \u201cA la mayor\u00eda nos suena a chino\u201d"},"content":{"rendered":"<h3 class=\"a_st\" style=\"text-align: justify;\">El grueso de los docentes no sabe aplicar las herramientas de la Lomloe por la falta de formaci\u00f3n y el ajustado calendario de implantaci\u00f3n. Maestros que ya las utilizan explican en qu\u00e9 consisten<\/h3>\n<p class=\"\" style=\"text-align: justify;\">Hay 50 profesores en un aula de Cuenca.<\/p>\n<p class=\"\" style=\"text-align: justify;\">\u2014\u201c\u00bfAlguien quiere presentar la situaci\u00f3n de aprendizaje que ha preparado?\u201d, les pregunta el docente que dirige la clase.<\/p>\n<p class=\"\" style=\"text-align: justify;\">Silencio.<\/p>\n<p class=\"\" style=\"text-align: justify;\">\u2014\u201cSi no hay voluntarios, tendr\u00e9 que elegir a uno\u2026\u201d, advierte.<\/p>\n<p class=\"\" style=\"text-align: justify;\">Una de las muchas profesoras que est\u00e1 pensando que ojal\u00e1 no la elijan se llama Esther Visier, da clase de ingl\u00e9s en un instituto de la ciudad y, como la mayor parte de los compa\u00f1eros que la acompa\u00f1an en el aula, a\u00fan no tiene claro qu\u00e9 son las denominadas \u201csituaciones de aprendizaje\u201d, una pieza central en la nueva forma de ense\u00f1ar por competencias \u2015que seg\u00fan la ley de educaci\u00f3n deber\u00eda estar aplic\u00e1ndose desde septiembre en todos los cursos impares\u2015, y el tema sobre el que gira <a href=\"https:\/\/intef.es\/jornadas-nacionales-sobre-el-modelo-curricular-competencial-e-inclusivo\/\" target=\"_blank\" rel=\"noopener\" data-link-track-dtm=\"\" data-mrf-link=\"https:\/\/intef.es\/jornadas-nacionales-sobre-el-modelo-curricular-competencial-e-inclusivo\/\">el taller de formaci\u00f3n organizado por el Ministerio de Educaci\u00f3n<\/a> en el que la docente participa esta tarde extra\u00f1amente c\u00e1lida de noviembre. Visier no cree que se trate de un problema suyo: \u201cLa mayor\u00eda de los profesores no tienen ni idea. Lo de las situaciones de aprendizaje les suena a chino\u201d, dice. Lo mismo opinan los principales sindicatos y asociaciones de docentes. \u201cEn general, el 90% de las plantillas est\u00e1n aprendiendo ahora a hacer este tipo de cosas\u201d, calcula Vicent Ma\u00f1es, presidente de la federaci\u00f3n de directores de colegios p\u00fablicos Fedeip. \u201cHay much\u00edsimo desconocimiento\u201d, coincide Francisco Garc\u00eda, secretario de Ense\u00f1anza de Comisiones Obreras, \u201cel principal d\u00e9ficit de la Lomloe es la formaci\u00f3n del profesorado, una responsabilidad compartida entre el ministerio y las comunidades aut\u00f3nomas\u201d. Ese retraso en el despliegue efectivo de los cambios que implica la Lomloe es la causa profunda de que el Gobierno decidiera <a href=\"https:\/\/elpais.com\/educacion\/2022-12-02\/la-nueva-selectividad-se-retrasa-un-ano-y-la-prueba-de-madurez-valdra-menos.html\" target=\"_blank\" rel=\"noopener\" data-link-track-dtm=\"\" data-mrf-link=\"https:\/\/elpais.com\/educacion\/2022-12-02\/la-nueva-selectividad-se-retrasa-un-ano-y-la-prueba-de-madurez-valdra-menos.html\">la semana pasada aplazar un a\u00f1o<\/a> la implantaci\u00f3n de la nueva selectividad.<\/p>\n<figure class=\"a_m a_m-h \" style=\"text-align: justify;\"><span class=\"_db a_m_w _pr lb_btn\"><img data-recalc-dims=\"1\" loading=\"lazy\" decoding=\"async\" class=\"_re lazyload a_m-h alignleft\" src=\"https:\/\/i0.wp.com\/imagenes.elpais.com\/resizer\/HB1juCXbO3RVwfkx8qG6jdSjDhY%3D\/414x0\/cloudfront-eu-central-1.images.arcpublishing.com\/prisa\/O5YR7VQCFBASNKWAZQ6QCJT6FI.jpg?resize=414%2C276&#038;ssl=1\" sizes=\"auto, (min-width:1199px) 1155px,(min-width:1001px) calc(100vw - 44px),(min-width:768px) 767px, 100vw\" srcset=\"https:\/\/imagenes.elpais.com\/resizer\/HB1juCXbO3RVwfkx8qG6jdSjDhY=\/414x0\/cloudfront-eu-central-1.images.arcpublishing.com\/prisa\/O5YR7VQCFBASNKWAZQ6QCJT6FI.jpg 414w,https:\/\/imagenes.elpais.com\/resizer\/1gZd5cNY2qj4g5nss1KqXtJjuEc=\/828x0\/cloudfront-eu-central-1.images.arcpublishing.com\/prisa\/O5YR7VQCFBASNKWAZQ6QCJT6FI.jpg 640w,https:\/\/imagenes.elpais.com\/resizer\/z-MSXtmXpzKyjS31nThnzicxYOA=\/980x0\/cloudfront-eu-central-1.images.arcpublishing.com\/prisa\/O5YR7VQCFBASNKWAZQ6QCJT6FI.jpg 1000w,https:\/\/imagenes.elpais.com\/resizer\/Ici-iLqcw57tbxB9HVXwXFtY7xc=\/1960x0\/cloudfront-eu-central-1.images.arcpublishing.com\/prisa\/O5YR7VQCFBASNKWAZQ6QCJT6FI.jpg 1960w\" alt=\"Una clase en el instituto M\u00fasic Mart\u00ed i Soler de Mislata (Valencia).\" width=\"414\" height=\"276\" \/><\/span><figcaption class=\"a_m_p\"><span style=\"font-size: 10pt;\"><em>Una clase en el instituto M\u00fasic Mart\u00ed i Soler de Mislata (Valencia).<span class=\"a_m_m\">M\u00f2nica Torres<\/span><\/em><\/span><\/figcaption><\/figure>\n<p class=\"\" style=\"text-align: justify;\">\u00bfQu\u00e9 son esas llamadas \u201csituaciones de aprendizaje\u201d, que ni la profesora Esther Visier de Cuenca ni muchos de sus colegas en toda Espa\u00f1a acaban de entender? Los <i>escenarios <\/i>donde se concreta el aprendizaje por competencias: un conjunto de tareas que obligan a los alumnos a utilizar los conocimientos que han adquirido en clase para resolver un problema, explica Javier L\u00f3pez, profesor de Geograf\u00eda e Historia en Madrid y formador de docentes.<\/p>\n<h3 class=\"\" style=\"text-align: justify;\">Vincular el aprendizaje a la realidad<\/h3>\n<p class=\"\" style=\"text-align: justify;\">Un ejemplo, que pone Mari\u00e1ngeles Gil, profesora de Matem\u00e1ticas en Logro\u00f1o, ayuda a verlo. Una situaci\u00f3n de aprendizaje de matem\u00e1ticas para alumnos de primero de la ESO (12 a\u00f1os) en el actual contexto de subida de precios podr\u00eda tener como finalidad que los chavales aprendan qu\u00e9 significan los porcentajes que aparecen en los folletos publicitarios de los supermercados con ofertas de alimentaci\u00f3n. \u201cNo es lo mismo que ponga \u2018segunda unidad -70%\u2019 que \u2018segunda unidad al 70%\u2019. En el primer caso, el descuento es del 70% y en el otro, del 30%. A los adultos puede parecernos evidente, pero ellos tienen que aprenderlo\u201d. Los folletos, prosigue, tambi\u00e9n pueden servir para analizar otras estrategias publicitarias. \u201cComo que se anuncie un descuento del 20% si compras 16 unidades, lo cual puede estar bien si compras, por ejemplo, cajas de leche, que tienen una fecha de caducidad larga, pero si son 16 kilos de mandarinas, seguramente no vale la pena\u201d.<\/p>\n<p class=\"\" style=\"text-align: justify;\">La misma situaci\u00f3n de aprendizaje puede relacionarse con otras clases, afirma Gil: \u201cPuedo hablar con la profesora de Lengua y que analicen qu\u00e9 informaci\u00f3n, qu\u00e9 palabras utiliza la publicidad para inducirnos a comprar. O con el de pl\u00e1stica, para que analice por qu\u00e9 muchos de estos anuncios est\u00e1n en rojo, qu\u00e9 tiene el rojo, y que hagan un an\u00e1lisis de los colores y el dise\u00f1o de los folletos\u201d.<\/p>\n<p class=\"\" style=\"text-align: justify;\">Se puede ir m\u00e1s lejos: la docente puede pedir a sus alumnos que comprueben si los descuentos suelen ofrecerse en alimentos perecederos, que averig\u00fcen cu\u00e1nto ingresan los agricultores por un kilo de calabacines (un dato que puede encontrarse en internet) y vayan despu\u00e9s al supermercado de su barrio a ver cu\u00e1nto les piden a ellos. \u201cEn una instrucci\u00f3n descontextualizada, les podr\u00eda decir: si algo vale 30 c\u00e9ntimos y despu\u00e9s vale 2 euros con 90 c\u00e9ntimos, \u00bfqu\u00e9 porcentaje de subida ha habido? Pero creo que de la primera forma lo entienden mejor, porque le est\u00e1n viendo un porqu\u00e9. Y adem\u00e1s les haces reflexionar sobre qu\u00e9 significa que un agricultor reciba determinada cantidad, o si es mejor comprar productos de temporada de proximidad o importarlos. A trav\u00e9s de un simple an\u00e1lisis de porcentajes est\u00e1s trabajando los Objetivos de Desarrollo Sostenible, les est\u00e1s haciendo ser corresponsables de lo que compran, y podr\u00edamos hablar de por qu\u00e9 han subido ahora los precios, podr\u00edamos calcular el IPC&#8230;\u201d.<\/p>\n<p class=\"\" style=\"text-align: justify;\">Las situaciones de aprendizaje deben estar conectadas con la realidad, en un sentido amplio. Y lo normal es que duren varias sesiones (d\u00edas de clase), parte de las cuales pueden consistir en clases magistrales o de instrucci\u00f3n directa. Los conocimientos no dejan de ser con la Lomloe la base de todo lo dem\u00e1s. Gil, que tambi\u00e9n imparte formaci\u00f3n a docentes, a\u00f1ade que las situaciones de aprendizaje deben tener una finalidad clara: \u201cTengo que saber qu\u00e9 quiero que el alumnado aprenda con ellas\u201d.<\/p>\n<h3 class=\"\" style=\"text-align: justify;\">Ausencia de formaci\u00f3n para los formadores<\/h3>\n<p class=\"\" style=\"text-align: justify;\">El desconocimiento general de los profesores hacia las novedades pedag\u00f3gicas de la Lomloe se debe a <a href=\"https:\/\/elpais.com\/educacion\/2022-03-28\/el-retraso-en-aprobar-el-gran-cambio-en-la-ensenanza-dispara-la-preocupacion-en-los-centros-no-podemos-avanzar-casi-nada.html\" target=\"_blank\" rel=\"noopener\" data-link-track-dtm=\"\" data-mrf-link=\"https:\/\/elpais.com\/educacion\/2022-03-28\/el-retraso-en-aprobar-el-gran-cambio-en-la-ensenanza-dispara-la-preocupacion-en-los-centros-no-podemos-avanzar-casi-nada.html\">la ausencia de programas masivos de formaci\u00f3n<\/a> y a una cuesti\u00f3n de tiempos. La ley entr\u00f3 en vigor a principios de 2021. Y los decretos de curr\u00edculo \u2015que desarrollan la ley especificando qu\u00e9 tienen que aprender los alumnos en cada asignatura\u2015 han sido aprobados por el Gobierno y las comunidades aut\u00f3nomas a lo largo de 2022, en alg\u00fan caso con el actual curso ya empezado. Cuando hicieron la Lomloe, los responsables del Ministerio de Educaci\u00f3n ya sab\u00edan que los plazos de implantaci\u00f3n detallados en la ley ir\u00edan muy justos. Decidieron hacerlo as\u00ed ante el riesgo de que, si optaban por un despliegue m\u00e1s lento y en 2023 cambiaba el gobierno, el nuevo ejecutivo paralizase la implantaci\u00f3n de la Lomloe hasta lograr aprobar su propia norma.<\/p>\n<p class=\"\" style=\"text-align: justify;\">El calendario r\u00e1pido, en cambio, que prev\u00e9 completar la implantaci\u00f3n de la Lomloe en septiembre de 2023 con su extensi\u00f3n a los cursos pares, hace mucho m\u00e1s dif\u00edcil dicho escenario, porque har\u00e1 casi inevitable que un cambio de normativa requiera varios a\u00f1os para ser efectiva. Lo que a su vez eleva las posibilidades de que, aunque el nuevo gobierno modifique otras cuestiones, el giro educativo competencial, por el que ha optado la mayor\u00eda de pa\u00edses desarrollados, permanezca.<\/p>\n<h3 class=\"\" style=\"text-align: justify;\">Profesores con estr\u00e9s<\/h3>\n<p class=\"\" style=\"text-align: justify;\">Los plazos fijados est\u00e1n obligando a miles de profesores a hacer algo parecido a reparar un avi\u00f3n en pleno vuelo. O, en palabras del secretario de Ense\u00f1anza de CC OO, a trabajar \u201ccon mucho estr\u00e9s\u201d. La consecuencia es que, en buena parte de los centros, la nueva forma de ense\u00f1ar no se est\u00e1 materializando, lamenta Mar\u00eda Capell\u00e1n, presidenta de la federaci\u00f3n de asociaciones de padres de alumnnos Ceapa: \u201cPor un lado era previsible, por el ritmo al que se ha ido aprobando todo. Pero por otro, si desde el a\u00f1o pasado se sab\u00eda c\u00f3mo ten\u00eda que funcionar la Lomloe, deber\u00edan haber preparado al profesorado antes, no esperar al \u00faltimo momento\u201d. Los responsables del Ministerio de Educaci\u00f3n afirman, por su parte, que estas transiciones siempre duran varios cursos y que numerosos centros ya estaban familiarizados con la ense\u00f1anza por competencias.<\/p>\n<p class=\"\" style=\"text-align: justify;\">Amparo Jim\u00e9nez, profesora de Biolog\u00eda en el instituto M\u00fasic Mart\u00ed i Soler de Mislata, en Valencia, est\u00e1 de acuerdo en que las recetas de la Lomloe son similares a lo que muchos docentes ven\u00edan aplicando con otros nombres: \u201cAl final esto va de que tienes que emocionar a los ni\u00f1os con algo, porque si no, no les interesa lo que es una c\u00e9lula\u201d.<\/p>\n<p class=\"\" style=\"text-align: justify;\">Las situaciones de aprendizaje se asemejan a metodolog\u00edas activas como el aprendizaje por proyectos y por retos, y con el aprendizaje servicio (que persigue mejorar el entorno social de la escuela), coincide Mari\u00e1ngeles Gil. La maestra concluye: \u201cAntes, el foco estaba puesto en la ense\u00f1anza: el profesor daba una clase magistral, los alumnos tomaban apuntes y luego se examinaban. Ahora, el foco se pone mucho m\u00e1s en el aprendizaje: en el alumnado resolviendo problemas, retos, proyectos. En qu\u00e9 quiere el profesor que los alumnos aprendan y en c\u00f3mo lo van a hacer a trav\u00e9s de ese conjunto de actividades\u201d.<\/p>\n<p><a class=\"a_md_a_n\" title=\"Ver todas las noticias de Ignacio Zafra\" href=\"https:\/\/elpais.com\/autor\/ignacio-zafra\/#?rel=author_top\" data-mrf-link=\"https:\/\/elpais.com\/autor\/ignacio-zafra\/\"><strong>Ignacio Zafra<\/strong><\/a><\/p>\n<p>FOTO: La profesora Amparo Jim\u00e9nez, en una de sus clases del instituto p\u00fablico M\u00fasic Mart\u00ed i Soler de Mislata, en Valencia, el 2 de diciembre de 2022.<span class=\"a_m_m\">M\u00f2nica Torres<\/span><\/p>\n<p>https:\/\/elpais.com\/educacion\/2022-12-06\/los-cambios-en-la-forma-de-dar-clase-que-pocos-profesores-entienden-a-la-mayoria-nos-suena-a-chino.html<\/p>\n<div class=\"a_md _g _g-xs \">\n<figure class=\"a_md_i a_m-h c_m--nf\"><span class=\"a_m_w _db\">\u00a0<\/span><\/figure>\n<div class=\"a_md_txt\">\n<div class=\"a_md_a\" data-dtm-region=\"articulo_firma\">\u00a0<\/div>\n<\/div>\n<\/div>\n","protected":false},"excerpt":{"rendered":"<p>El grueso de los docentes no sabe aplicar las herramientas de la Lomloe por la&#8230;<\/p>\n","protected":false},"author":1,"featured_media":67017,"comment_status":"closed","ping_status":"closed","sticky":false,"template":"","format":"standard","meta":{"_coblocks_attr":"","_coblocks_dimensions":"","_coblocks_responsive_height":"","_coblocks_accordion_ie_support":"","jetpack_post_was_ever_published":false,"_jetpack_newsletter_access":"","_jetpack_dont_email_post_to_subs":false,"_jetpack_newsletter_tier_id":0,"_jetpack_memberships_contains_paywalled_content":false,"_jetpack_memberships_contains_paid_content":false,"footnotes":"","jetpack_publicize_message":"","jetpack_publicize_feature_enabled":true,"jetpack_social_post_already_shared":true,"jetpack_social_options":{"image_generator_settings":{"template":"highway","default_image_id":0,"enabled":false},"version":2}},"categories":[187,1161,44],"tags":[],"class_list":["post-67016","post","type-post","status-publish","format-standard","has-post-thumbnail","hentry","category-centros-educativos","category-ciudadania","category-noticias-de-hoy"],"jetpack_publicize_connections":[],"jetpack_featured_media_url":"https:\/\/i0.wp.com\/miradordeatarfe.es\/wp-content\/uploads\/2024\/02\/Screenshot-2024-02-07-at-16-43-43-Los-cambios-en-la-forma-de-dar-clase-que-pocos-profesores-entienden-A-la-mayoria-nos-suena-a-chino.png?fit=791%2C686&ssl=1","jetpack_likes_enabled":true,"jetpack_sharing_enabled":true,"_links":{"self":[{"href":"https:\/\/miradordeatarfe.es\/index.php?rest_route=\/wp\/v2\/posts\/67016","targetHints":{"allow":["GET"]}}],"collection":[{"href":"https:\/\/miradordeatarfe.es\/index.php?rest_route=\/wp\/v2\/posts"}],"about":[{"href":"https:\/\/miradordeatarfe.es\/index.php?rest_route=\/wp\/v2\/types\/post"}],"author":[{"embeddable":true,"href":"https:\/\/miradordeatarfe.es\/index.php?rest_route=\/wp\/v2\/users\/1"}],"replies":[{"embeddable":true,"href":"https:\/\/miradordeatarfe.es\/index.php?rest_route=%2Fwp%2Fv2%2Fcomments&post=67016"}],"version-history":[{"count":1,"href":"https:\/\/miradordeatarfe.es\/index.php?rest_route=\/wp\/v2\/posts\/67016\/revisions"}],"predecessor-version":[{"id":67018,"href":"https:\/\/miradordeatarfe.es\/index.php?rest_route=\/wp\/v2\/posts\/67016\/revisions\/67018"}],"wp:featuredmedia":[{"embeddable":true,"href":"https:\/\/miradordeatarfe.es\/index.php?rest_route=\/wp\/v2\/media\/67017"}],"wp:attachment":[{"href":"https:\/\/miradordeatarfe.es\/index.php?rest_route=%2Fwp%2Fv2%2Fmedia&parent=67016"}],"wp:term":[{"taxonomy":"category","embeddable":true,"href":"https:\/\/miradordeatarfe.es\/index.php?rest_route=%2Fwp%2Fv2%2Fcategories&post=67016"},{"taxonomy":"post_tag","embeddable":true,"href":"https:\/\/miradordeatarfe.es\/index.php?rest_route=%2Fwp%2Fv2%2Ftags&post=67016"}],"curies":[{"name":"wp","href":"https:\/\/api.w.org\/{rel}","templated":true}]}}