{"id":67022,"date":"2024-02-12T08:55:04","date_gmt":"2024-02-12T07:55:04","guid":{"rendered":"https:\/\/miradordeatarfe.es\/?p=67022"},"modified":"2024-02-07T16:58:35","modified_gmt":"2024-02-07T15:58:35","slug":"por-que-no-hay-que-sentirse-culpable-si-se-tiene-un-hijo-favorito","status":"publish","type":"post","link":"https:\/\/miradordeatarfe.es\/?p=67022","title":{"rendered":"Por qu\u00e9 no hay que sentirse culpable si se tiene un hijo favorito"},"content":{"rendered":"<h3 class=\"a_st\">M\u00e1s que de favoritismos, hay que hablar de compatibilidades. Tener predilecci\u00f3n por uno de los v\u00e1stagos es algo normal, aunque es importante criar en el equilibrio para evitar comparaciones y perjuicios entre hermanos<\/h3>\n<p class=\"\">Si se pregunta a cualquier ni\u00f1o y, m\u00e1s a\u00fan, a un adolescente si sus padres tienen <a href=\"https:\/\/elpais.com\/elpais\/2020\/07\/27\/mamas_papas\/1595857554_513188.html\" target=\"_blank\" rel=\"noopener\" data-link-track-dtm=\"\" data-mrf-link=\"https:\/\/elpais.com\/elpais\/2020\/07\/27\/mamas_papas\/1595857554_513188.html\">un hijo favorito, <\/a>hay muchas posibilidades de que su respuesta sea afirmativa y que no se se\u00f1ale a s\u00ed mismo, sino a otro hermano como el elegido. Hacer la prueba es sencillo. Y los resultados son casi siempre los mismos. Cristina Prestel (50 a\u00f1os, dos hijos de 18 y 13 a\u00f1os) estaba segura de que el resultado ser\u00eda que cada uno de sus dos hijos se\u00f1alara al otro. Y as\u00ed fue. Eva Carmona (45 a\u00f1os, dos hijos de 14 y 12 a\u00f1os) no lo ha preguntado, pero est\u00e1 convencida de que la respuesta ser\u00eda la misma.<\/p>\n<p class=\"\">De hecho, <a href=\"https:\/\/yougov.co.uk\/society\/articles\/27140-one-10-parents-admit-having-favourite-child?redirect_from=%2Ftopics%2Frelationships%2Farticles-reports%2F2020%2F03%2F02%2Fone-10-parents-admit-having-favourite-child\" data-link-track-dtm=\"\" data-mrf-link=\"https:\/\/yougov.co.uk\/society\/articles\/27140-one-10-parents-admit-having-favourite-child?redirect_from=%2Ftopics%2Frelationships%2Farticles-reports%2F2020%2F03%2F02%2Fone-10-parents-admit-having-favourite-child\">un estudio<\/a> publicado en 2020 por la empresa brit\u00e1nica de estudios de mercados YouGov afirma que m\u00e1s de un tercio de las personas ha percibido que sus padres ten\u00edan hijos favoritos, y la mayor\u00eda insiste en que no eran ellos. Esa misma investigaci\u00f3n asegura que hasta el 10% de los progenitores ha reconocido tener un hijo favorito. En este punto es importante entender que eso no significa que se le quiera m\u00e1s. Estas emociones van en otra direcci\u00f3n. Lo afirma Natalia Ortega, psic\u00f3loga sanitaria y directora de <a href=\"http:\/\/www.activapsicologia.com\/\" target=\"_blank\" rel=\"noopener\" data-link-track-dtm=\"\" data-mrf-link=\"http:\/\/www.activapsicologia.com\/\">Activa Psicolog\u00eda y Formaci\u00f3n<\/a>: \u201cCreo que habr\u00eda que hablar de aquel hijo con el que encajamos m\u00e1s por car\u00e1cter, lo que hace que el nivel de empat\u00eda sea mayor, que la comunicaci\u00f3n fluya con mayor facilidad y, por tanto, que los choques sean menores; que entendamos mejor sus conductas, emociones y deseos que las de otro hijo. Por lo tanto, no lo enfocar\u00eda como el hijo favorito, sino con aquel con el que somos m\u00e1s compatibles\u201d.<\/p>\n<p class=\"\"><a href=\"https:\/\/elpais.com\/mamas-papas\/actualidad\/2023-12-31\/silvia-alava-psicologa-lo-esencial-a-la-hora-de-marcar-propositos-de-ano-nuevo-con-los-hijos-es-no-exigirles-nada-que-como-padres-no-vayamos-a-hacer.html\" data-link-track-dtm=\"\" data-mrf-link=\"https:\/\/elpais.com\/mamas-papas\/actualidad\/2023-12-31\/silvia-alava-psicologa-lo-esencial-a-la-hora-de-marcar-propositos-de-ano-nuevo-con-los-hijos-es-no-exigirles-nada-que-como-padres-no-vayamos-a-hacer.html\">Silvia \u00c1lava<\/a>, doctora en Psicolog\u00eda y experta en salud y educaci\u00f3n, es categ\u00f3rica en ese sentido: \u201cQuerer, querer, se quiere igual a todos los hijos\u201d. \u201cEn algunos momentos, por la situaci\u00f3n vital en la que nos encontramos, con una problem\u00e1tica en concreto, como puede ser una enfermedad, y teniendo en cuenta rasgos de nuestra personalidad, se puede tener una mayor afinidad con un hijo que con otro. Aun as\u00ed, no podemos generalizar\u201d, matiza. Eva Carmona reconoce tener la suerte de que con cada uno de sus reto\u00f1os siente afinidad en un campo: \u201cCon mi hijo, en el amor por los deportes; con mi hija, en el car\u00e1cter y la sensibilidad\u201d. A pesar de ello, est\u00e1 convencida de que cada uno de ellos cree que mima m\u00e1s al otro.<\/p>\n<p class=\"\">Todas estas emociones cambian con el tiempo. \u201cLas relaciones entre padres e hijos no son est\u00e1ticas\u201d, prosigue \u00c1lava, \u201cvan variando a lo largo de la vida y en funci\u00f3n de la edad de los padres, de los ni\u00f1os, de las circunstancias vitales, pero sobre todo de c\u00f3mo interaccionan entre ellos\u201d. \u201cNuestro comportamiento genera emociones en los dem\u00e1s, que se van a comportar conmigo en funci\u00f3n de esas emociones. Y es algo que los hijos deben aprender, porque tambi\u00e9n les va a pasar a ellos. Tienen que entender que su conducta va a afectar en los dem\u00e1s\u201d, a\u00f1ade la psic\u00f3loga. Para \u00c1lava, la conducta de los hijos puede hacer que sus padres est\u00e9n bien, alegres, orgullosos, satisfechos, pero tambi\u00e9n lo contrario: \u201cQue se sientan mal, est\u00e9n tristes, disgustados. Y aunque es algo que nos cuesta mucho asumir, es importante saber que la relaci\u00f3n entre padres e hijos se va a ver mediatizada por las emociones que se generan. Y esto va en ambas direcciones: de padres a hijos y viceversa\u201d.<\/p>\n<figure class=\"a_m a_m-h \"><span class=\"_db a_m_w _pr lb_btn\"><img data-recalc-dims=\"1\" loading=\"lazy\" decoding=\"async\" class=\"_re lazyload a_m-h alignleft\" src=\"https:\/\/i0.wp.com\/imagenes.elpais.com\/resizer\/KeqpVX_t286wtJoio5dg0JmLtEI%3D\/414x0\/filters%3Afocal%281757x1693%3A1767x1703%29\/cloudfront-eu-central-1.images.arcpublishing.com\/prisa\/BZHAULRWLVAIHLTCURNPHS6WWA.jpg?resize=414%2C277&#038;ssl=1\" sizes=\"auto, (min-width:1199px) 1155px,(min-width:1001px) calc(100vw - 44px),(min-width:768px) 767px, 100vw\" srcset=\"https:\/\/imagenes.elpais.com\/resizer\/KeqpVX_t286wtJoio5dg0JmLtEI=\/414x0\/filters:focal(1757x1693:1767x1703)\/cloudfront-eu-central-1.images.arcpublishing.com\/prisa\/BZHAULRWLVAIHLTCURNPHS6WWA.jpg 414w,https:\/\/imagenes.elpais.com\/resizer\/nTWUJ9wLqTC0joAJ8hJwmEMSWiE=\/828x0\/filters:focal(1757x1693:1767x1703)\/cloudfront-eu-central-1.images.arcpublishing.com\/prisa\/BZHAULRWLVAIHLTCURNPHS6WWA.jpg 640w,https:\/\/imagenes.elpais.com\/resizer\/QfOLF-kNSRtGrI7vx0JSiZL9n8c=\/980x0\/filters:focal(1757x1693:1767x1703)\/cloudfront-eu-central-1.images.arcpublishing.com\/prisa\/BZHAULRWLVAIHLTCURNPHS6WWA.jpg 1000w,https:\/\/imagenes.elpais.com\/resizer\/55dXSZc3ZCIb41-8NvUA2q-YZNw=\/1960x0\/filters:focal(1757x1693:1767x1703)\/cloudfront-eu-central-1.images.arcpublishing.com\/prisa\/BZHAULRWLVAIHLTCURNPHS6WWA.jpg 1960w\" alt=\"La conducta de los hijos puede hacer que sus padres est\u00e9n bien, alegres, orgullosos, satisfechos, pero tambi\u00e9n lo contrario.\" width=\"414\" height=\"277\" \/><\/span><figcaption class=\"a_m_p\"><span style=\"font-size: 10pt;\">La conducta de los hijos puede hacer que sus padres est\u00e9n bien, alegres, orgullosos, satisfechos, pero tambi\u00e9n lo contrario.<span class=\"a_m_m\">Portra (Getty Images)<\/span><\/span><\/figcaption><\/figure>\n<h3 class=\"\">El orden de nacimiento y el g\u00e9nero pueden influir<\/h3>\n<p class=\"\">La similitud en el temperamento y las aficiones no son lo \u00fanico que influye en tener un hijo favorito. \u201cSeg\u00fan diversos estudios, como uno publicado en el <a href=\"https:\/\/www.nzherald.co.nz\/lifestyle\/study-reveals-parents-really-do-have-a-favourite-child\/2HMEP2SEPTOWWVGS4RQQCXD4IQ\/\" target=\"_blank\" rel=\"noopener\" data-link-track-dtm=\"\" data-mrf-link=\"https:\/\/www.nzherald.co.nz\/lifestyle\/study-reveals-parents-really-do-have-a-favourite-child\/2HMEP2SEPTOWWVGS4RQQCXD4IQ\/\"><i>Journal of Family Psychology<\/i><\/a> en 2016, titulado <i>Reciprocal links among differential parenting, perceived partiality, and self-worth: a three-wave longitudinal study<\/i> [<i>V\u00ednculos rec\u00edprocos entre crianza diferencial, parcialidad percibida y autoestima: un estudio longitudinal de tres ondas,<\/i> en espa\u00f1ol], el primog\u00e9nito puede ocupar el lugar de favorito por ser el primer hijo deseado, por depositar en \u00e9l mayores responsabilidades y porque puede existir m\u00e1s complicidad por haber menor diferencia de edad con los padres. Aunque otros concluyen que es el menor por la tendencia a sobreprotegerle. No hay una conclusi\u00f3n firme\u201d, explica la psic\u00f3loga Natalia Ortega. Respecto al g\u00e9nero, por ejemplo, \u201clas madres a menudo sienten m\u00e1s predilecci\u00f3n por el var\u00f3n y los padres por la mujer, quiz\u00e1s por la atracci\u00f3n que supone el desconocimiento del otro sexo\u201d, incide Ortega.<\/p>\n<p class=\"\">En cualquier caso, los padres y madres no deben sentirse culpables por tener predilecci\u00f3n por un hijo. \u201cHay que tratar de normalizar estos pensamientos y emociones como progenitores porque, cuanto m\u00e1s aceptado est\u00e9 y m\u00e1s conscientes seamos, m\u00e1s f\u00e1cil resultar\u00e1 no relegar a un segundo plano al otro hijo, sino tratar de equilibrar la atenci\u00f3n a todos por igual\u201d, asegura Ortega. En efecto, esta situaci\u00f3n podr\u00eda ser perjudicial tanto para ese hijo como para los dem\u00e1s, seg\u00fan retoma \u00c1lava. En concreto, podr\u00eda afectar en la autoestima de quien se siente relegado. En este sentido, esta \u00faltima experta afirma que este podr\u00eda sentir que su hermano vale m\u00e1s o hace las cosas mejor. \u201cAdem\u00e1s, podr\u00eda crecer con mayores inseguridades y m\u00e1s inhibido en sus respuestas y con dificultades en su asertividad\u201d, a\u00f1ade Ortega. Por otro lado, para \u00c1lava tambi\u00e9n podr\u00eda afectar a la relaci\u00f3n entre hermanos cuando son ni\u00f1os, m\u00e1s a\u00fan cuando son adolescentes, llegando a ser grave cuando son adultos.<\/p>\n<div class=\"a_de\" data-dtm-region=\"articulo_sumarioenlaces-despiece\">\n<h3 class=\"a_de_t\">Consejos para criar en el equilibrio hacia todos los hijos<\/h3>\n<div class=\"a_de_txt\">\n<p>Es habitual que cada hijo piense que el favorito es el otro. \u00abTendemos a fijarnos m\u00e1s en lo que tienen los dem\u00e1s que en lo que tenemos nosotros. Adem\u00e1s, cuando mi pap\u00e1 est\u00e1 con mi hermano, el tiempo pasa muy despacio. Pero cuando est\u00e1 conmigo, pasa mucho m\u00e1s deprisa, por lo que la percepci\u00f3n no tiene que ver con la realidad\u00bb, asegura la psic\u00f3loga Silvia \u00c1lava.\u00a0<\/p>\n<p>A pesar de ello, es importante tratar de criar a los hijos sin favoritismos. Seg\u00fan \u00c1lava y Natalia Ortega, psic\u00f3loga tambi\u00e9n, es posible si se siguen algunos consejos como estos:<\/p>\n<ul>\n<li>No hacer comparaciones entre los hermanos porque favorece su rivalidad y fomenta los celos.\u00a0<\/li>\n<li>Mostrar afecto incondicional hacia todos.<\/li>\n<li>Tambi\u00e9n es relevante potenciar la autoconfianza y autoestima de cada uno de ellos, validando su individualidad y sus emociones.<\/li>\n<li>Establecer normas similares para todos los hijos por igual, incluyendo a los padres, aunque teniendo en cuenta las circunstancias de cada uno de ellos.\u00a0<\/li>\n<li>Es fundamental tambi\u00e9n dar un espacio y un tiempo a cada hijo.<\/li>\n<\/ul>\n<\/div>\n<\/div>\n<p>&nbsp;<\/p>\n<p><a class=\"a_md_a_n\" title=\"Ver todas las noticias de Cristina Bisbal Delgado\" href=\"https:\/\/elpais.com\/autor\/cristina-bisbal-delgado\/#?rel=author_top\" data-mrf-link=\"https:\/\/elpais.com\/autor\/cristina-bisbal-delgado\/\"><strong>Cristina Bisbal Delgado<\/strong><\/a><\/p>\n<p>FOTO: Las relaciones entre padres e hijos no son est\u00e1ticas, van variando a lo largo de la vida y en funci\u00f3n de la edad de los padres, de los ni\u00f1os o de las circunstancias vitales.<span class=\"a_m_m\">Adriana Varela Photography (Getty Images)<\/span><\/p>\n<p>https:\/\/elpais.com\/mamas-papas\/familia\/2024-01-14\/por-que-no-hay-que-sentirse-culpable-si-se-tiene-un-hijo-favorito.html#?rel=mas_sumario<\/p>\n<div class=\"a_md _g _g-xs ni\">\n<div class=\"a_md_txt\">\n<div class=\"a_md_a\" data-dtm-region=\"articulo_firma\">\u00a0<\/div>\n<\/div>\n<\/div>\n","protected":false},"excerpt":{"rendered":"<p>M\u00e1s que de favoritismos, hay que hablar de compatibilidades. Tener predilecci\u00f3n por uno de los&#8230;<\/p>\n","protected":false},"author":1,"featured_media":67023,"comment_status":"closed","ping_status":"closed","sticky":false,"template":"","format":"standard","meta":{"_coblocks_attr":"","_coblocks_dimensions":"","_coblocks_responsive_height":"","_coblocks_accordion_ie_support":"","jetpack_post_was_ever_published":false,"_jetpack_newsletter_access":"","_jetpack_dont_email_post_to_subs":false,"_jetpack_newsletter_tier_id":0,"_jetpack_memberships_contains_paywalled_content":false,"_jetpack_memberships_contains_paid_content":false,"footnotes":"","jetpack_publicize_message":"","jetpack_publicize_feature_enabled":true,"jetpack_social_post_already_shared":true,"jetpack_social_options":{"image_generator_settings":{"template":"highway","default_image_id":0,"enabled":false},"version":2}},"categories":[1161,44,10],"tags":[],"class_list":["post-67022","post","type-post","status-publish","format-standard","has-post-thumbnail","hentry","category-ciudadania","category-noticias-de-hoy","category-salud"],"jetpack_publicize_connections":[],"jetpack_featured_media_url":"https:\/\/i0.wp.com\/miradordeatarfe.es\/wp-content\/uploads\/2024\/02\/Screenshot-2024-02-07-at-16-55-35-Por-que-no-hay-que-sentirse-culpable-si-se-tiene-un-hijo-favorito.png?fit=759%2C598&ssl=1","jetpack_likes_enabled":true,"jetpack_sharing_enabled":true,"_links":{"self":[{"href":"https:\/\/miradordeatarfe.es\/index.php?rest_route=\/wp\/v2\/posts\/67022","targetHints":{"allow":["GET"]}}],"collection":[{"href":"https:\/\/miradordeatarfe.es\/index.php?rest_route=\/wp\/v2\/posts"}],"about":[{"href":"https:\/\/miradordeatarfe.es\/index.php?rest_route=\/wp\/v2\/types\/post"}],"author":[{"embeddable":true,"href":"https:\/\/miradordeatarfe.es\/index.php?rest_route=\/wp\/v2\/users\/1"}],"replies":[{"embeddable":true,"href":"https:\/\/miradordeatarfe.es\/index.php?rest_route=%2Fwp%2Fv2%2Fcomments&post=67022"}],"version-history":[{"count":1,"href":"https:\/\/miradordeatarfe.es\/index.php?rest_route=\/wp\/v2\/posts\/67022\/revisions"}],"predecessor-version":[{"id":67024,"href":"https:\/\/miradordeatarfe.es\/index.php?rest_route=\/wp\/v2\/posts\/67022\/revisions\/67024"}],"wp:featuredmedia":[{"embeddable":true,"href":"https:\/\/miradordeatarfe.es\/index.php?rest_route=\/wp\/v2\/media\/67023"}],"wp:attachment":[{"href":"https:\/\/miradordeatarfe.es\/index.php?rest_route=%2Fwp%2Fv2%2Fmedia&parent=67022"}],"wp:term":[{"taxonomy":"category","embeddable":true,"href":"https:\/\/miradordeatarfe.es\/index.php?rest_route=%2Fwp%2Fv2%2Fcategories&post=67022"},{"taxonomy":"post_tag","embeddable":true,"href":"https:\/\/miradordeatarfe.es\/index.php?rest_route=%2Fwp%2Fv2%2Ftags&post=67022"}],"curies":[{"name":"wp","href":"https:\/\/api.w.org\/{rel}","templated":true}]}}