{"id":67025,"date":"2024-02-10T09:00:13","date_gmt":"2024-02-10T08:00:13","guid":{"rendered":"https:\/\/miradordeatarfe.es\/?p=67025"},"modified":"2024-02-07T17:03:16","modified_gmt":"2024-02-07T16:03:16","slug":"la-precariedad-de-los-jovenes-el-mayor-obstaculo-para-su-compromiso-politico","status":"publish","type":"post","link":"https:\/\/miradordeatarfe.es\/?p=67025","title":{"rendered":"La precariedad de los j\u00f3venes, el mayor obst\u00e1culo para su compromiso pol\u00edtico"},"content":{"rendered":"<h3 class=\"a_st\" style=\"text-align: justify;\">Un nuevo informe constata que la desconexi\u00f3n de la juventud con la pol\u00edtica no se debe a una presunta \u2018falta de inter\u00e9s\u2019, sino a crecientes dificultades socioecon\u00f3micas<\/h3>\n<p class=\"\" style=\"text-align: justify;\">Una docena de a\u00f1os despu\u00e9s, qu\u00e9 ha pasado con aquel \u201c\u00a1No nos representan!\u201d, que inund\u00f3 las plazas de las ciudades espa\u00f1olas. No se trata ahora de las vicisitudes del partido (Podemos) que logr\u00f3 aglutinar a aquellos j\u00f3venes aira\u00addos, <a href=\"https:\/\/elpais.com\/ideas\/2023-09-19\/protestas-virales-que-recorrido-tienen-realmente.html\" target=\"_blank\" rel=\"noopener\" data-link-track-dtm=\"\" data-mrf-link=\"https:\/\/elpais.com\/ideas\/2023-09-19\/protestas-virales-que-recorrido-tienen-realmente.html\">sino de las actitudes ideol\u00f3gicas de quienes fueron la masa central del movimiento<\/a>, formada por j\u00f3venes vulnerables que se manifestaron bajo lemas como \u201cjuventud sin futuro\u201d, \u201csin casa, sin curro, sin pensi\u00f3n, sin miedo\u201d, etc\u00e9tera.<\/p>\n<p class=\"\" style=\"text-align: justify;\">Para muchos de los componentes del 15-M la democracia era una variable pol\u00edtica dada, no conquistada. Aquellas movilizaciones fueron el intento de sustituci\u00f3n de unas \u00e9lites por otras que estaba protagonizado por una \u201cclase creativa\u201d (intelectuales, acad\u00e9micos, profesores, tecn\u00f3logos,\u2026) <a href=\"https:\/\/elpais.com\/elpais\/2018\/10\/22\/planeta_futuro\/1540229631_359496.html\" target=\"_blank\" rel=\"noopener\" data-link-track-dtm=\"\" data-mrf-link=\"https:\/\/elpais.com\/elpais\/2018\/10\/22\/planeta_futuro\/1540229631_359496.html\">que puso de moda hace tiempo el profesor canadiense Richard Florida<\/a>. Pero adem\u00e1s de los dirigentes estaban los vulnerables y no hay que olvidarlos. Seg\u00fan el informe <a href=\"https:\/\/www.fundacionfelipegonzalez.org\/jovenes-vulnerables-y-democracia\/\" target=\"_blank\" rel=\"noopener\" data-link-track-dtm=\"\" data-mrf-link=\"https:\/\/www.fundacionfelipegonzalez.org\/jovenes-vulnerables-y-democracia\/\"><i>Juventud vulnerable y democracia en Espa\u00f1a<\/i>.<i> \u00bfEst\u00e1n los j\u00f3venes desfavorecidos desconectados de la democracia?<\/i><\/a>, elaborado por la Fundaci\u00f3n Europea de Estudios Progresistas, desde el 15-M no han cambiado las actitudes de los j\u00f3venes peor tratados por la Gran Recesi\u00f3n y la covid, sino su proporci\u00f3n: el grupo ha crecido y un 33,5% de esa cohorte est\u00e1 en riesgo de exclusi\u00f3n social. Sirvan para medirlo dos datos y sus tendencias: <a href=\"https:\/\/elpais.com\/sociedad\/2023-08-11\/los-jovenes-no-pueden-irse-de-casa-la-edad-media-de-emancipacion-supera-por-primera-vez-los-30-anos.html\" target=\"_blank\" rel=\"noopener\" data-link-track-dtm=\"\" data-mrf-link=\"https:\/\/elpais.com\/sociedad\/2023-08-11\/los-jovenes-no-pueden-irse-de-casa-la-edad-media-de-emancipacion-supera-por-primera-vez-los-30-anos.html\">los j\u00f3venes espa\u00f1oles se van por t\u00e9rmino medio del hogar paterno cuando han cumplido los 30,3 a\u00f1os<\/a>, es decir, cuando ya no son considerados oficialmente j\u00f3venes; s\u00f3lo un 16% (y el porcentaje no ha dejado de caer) de los j\u00f3venes viven fuera de casa de sus padres, lo que da una idea muy directa de la falta de oportunidades para establecerse de modo independiente.<\/p>\n<p class=\"\" style=\"text-align: justify;\">El informe en cuesti\u00f3n, que en Espa\u00f1a ha sido presentado por la Fundaci\u00f3n Felipe Gonz\u00e1lez, sostiene que el inter\u00e9s por la pol\u00edtica entre los j\u00f3venes no parece haber decrecido respecto al pasado, <a href=\"https:\/\/elpais.com\/educacion\/2024-01-30\/la-precariedad-laboral-se-ceba-con-los-veterinarios-mas-jovenes-trabajo-12-horas-al-dia-por-900-euros.html\" target=\"_blank\" rel=\"noopener\" data-link-track-dtm=\"\" data-mrf-link=\"https:\/\/elpais.com\/educacion\/2024-01-30\/la-precariedad-laboral-se-ceba-con-los-veterinarios-mas-jovenes-trabajo-12-horas-al-dia-por-900-euros.html\">sino que los obst\u00e1culos socioecon\u00f3micos suponen ahora un mayor freno para implicarse activamente en la pol\u00edtica,<\/a> en comparaci\u00f3n con las generaciones anteriores. Entre las razones de esa brecha destacan las siguientes: mayor escasez de recursos (tiempo, cobertura de necesidades b\u00e1sicas,\u2026); el estigma asociado a los partidos pol\u00edticos, lo que puede provocar tensiones en la familia, el barrio o en el caso extremo, discriminaci\u00f3n en el trabajo (la tolerancia hacia la discrepancia pol\u00edtica se ha erosionado en los \u00faltimos a\u00f1os); los partidos han dejado de verse como espacios de socializaci\u00f3n, como suced\u00eda antes, donde los que entraban a militar en ellos encontraban relaciones sociales y de amistad compartidas con personas de ideas afines; ahora la mayor\u00eda de los j\u00f3venes prefieren encontrar esa socializaci\u00f3n en otros lugares. Por \u00faltimo, pero no menos importante, una tremenda falta de confianza en los medios de comunicaci\u00f3n y <a href=\"https:\/\/elpais.com\/ideas\/2023-05-28\/ha-muerto-la-objetividad-en-los-medios-si-es-que-alguna-vez-existio.html\" target=\"_blank\" rel=\"noopener\" data-link-track-dtm=\"\" data-mrf-link=\"https:\/\/elpais.com\/ideas\/2023-05-28\/ha-muerto-la-objetividad-en-los-medios-si-es-que-alguna-vez-existio.html\">en su capacidad de aportar (o buscar siquiera, en algunos casos) contenidos objetivos y no de parte<\/a>. Todo ello se puede resumir en lo que los j\u00f3venes vulnerables sienten: la desatenci\u00f3n a sus circunstancias y la falta de recursos son los principales obst\u00e1culos para su compromiso pol\u00edtico.<\/p>\n<p class=\"\" style=\"text-align: justify;\">La principal conclusi\u00f3n es ambivalente: no se sostiene la idea de quienes afirman que los j\u00f3venes desfavorecidos tienden a desarrollar actitudes en contra de la democracia. Antes al contrario, <a href=\"https:\/\/elpais.com\/ideas\/2024-02-02\/sera-2024-como-1933-el-ano-de-la-destruccion-de-la-democracia.html\" target=\"_blank\" rel=\"noopener\" data-link-track-dtm=\"\" data-mrf-link=\"https:\/\/elpais.com\/ideas\/2024-02-02\/sera-2024-como-1933-el-ano-de-la-destruccion-de-la-democracia.html\">esos j\u00f3venes prefieren un sistema democr\u00e1tico,<\/a> aunque son muy cr\u00edticos con el actual funcionamiento de las instituciones democr\u00e1ticas en Espa\u00f1a, a las que consideran incapaces de tener una funci\u00f3n activa con respecto a su vulnerabilidad econ\u00f3mica y su falta de representaci\u00f3n efectiva.<\/p>\n<p class=\"\" style=\"text-align: justify;\">Su visi\u00f3n negativa de la pol\u00edtica del pa\u00eds no se traduce en un cuestionamiento general de la democracia sino de aumento de la visi\u00f3n de que la democracia en Espa\u00f1a es imperfecta y precisa fuertes reformas. Podr\u00edan decir, como sus antecesores, \u201cme gustas democracia, pero est\u00e1s como ausente\u201d.<\/p>\n<p><a class=\"a_md_a_n\" title=\"Ver todas las noticias de Joaqu\u00edn Estefan\u00eda\" href=\"https:\/\/elpais.com\/autor\/joaquin-estefania\/#?rel=author_top\" data-mrf-link=\"https:\/\/elpais.com\/autor\/joaquin-estefania\/\"><strong>Joaqu\u00edn Estefan\u00eda<\/strong><\/a><\/p>\n<p>FOTO: J\u00f3venes cruzan una calle cerca de la Plaza Castilla de Madrid, el 26 de enero de 2024.<span class=\"a_m_m\">Mateo Lanzuela (Europa Press\/Getty Images)<\/span><\/p>\n<p>https:\/\/elpais.com\/ideas\/2024-02-04\/la-precariedad-de-los-jovenes-el-mayor-obstaculo-para-su-compromiso-politico.html<\/p>\n<div class=\"a_md _g _g-xs \">\n<figure class=\"a_md_i a_m-h c_m--nf\"><span class=\"a_m_w _db\">\u00a0<\/span><\/figure>\n<div class=\"a_md_txt\">\n<div class=\"a_md_a\" data-dtm-region=\"articulo_firma\">\u00a0<\/div>\n<\/div>\n<\/div>\n","protected":false},"excerpt":{"rendered":"<p>Un nuevo informe constata que la desconexi\u00f3n de la juventud con la pol\u00edtica no se&#8230;<\/p>\n","protected":false},"author":1,"featured_media":67026,"comment_status":"closed","ping_status":"closed","sticky":false,"template":"","format":"standard","meta":{"_coblocks_attr":"","_coblocks_dimensions":"","_coblocks_responsive_height":"","_coblocks_accordion_ie_support":"","jetpack_post_was_ever_published":false,"_jetpack_newsletter_access":"","_jetpack_dont_email_post_to_subs":false,"_jetpack_newsletter_tier_id":0,"_jetpack_memberships_contains_paywalled_content":false,"_jetpack_memberships_contains_paid_content":false,"footnotes":"","jetpack_publicize_message":"","jetpack_publicize_feature_enabled":true,"jetpack_social_post_already_shared":true,"jetpack_social_options":{"image_generator_settings":{"template":"highway","default_image_id":0,"enabled":false},"version":2}},"categories":[1161,44,7671,6937],"tags":[],"class_list":["post-67025","post","type-post","status-publish","format-standard","has-post-thumbnail","hentry","category-ciudadania","category-noticias-de-hoy","category-politica","category-sociedad"],"jetpack_publicize_connections":[],"jetpack_featured_media_url":"https:\/\/i0.wp.com\/miradordeatarfe.es\/wp-content\/uploads\/2024\/02\/Screenshot-2024-02-07-at-17-00-42-La-precariedad-de-los-jovenes-el-mayor-obstaculo-para-su-compromiso-politico.png?fit=455%2C406&ssl=1","jetpack_likes_enabled":true,"jetpack_sharing_enabled":true,"_links":{"self":[{"href":"https:\/\/miradordeatarfe.es\/index.php?rest_route=\/wp\/v2\/posts\/67025","targetHints":{"allow":["GET"]}}],"collection":[{"href":"https:\/\/miradordeatarfe.es\/index.php?rest_route=\/wp\/v2\/posts"}],"about":[{"href":"https:\/\/miradordeatarfe.es\/index.php?rest_route=\/wp\/v2\/types\/post"}],"author":[{"embeddable":true,"href":"https:\/\/miradordeatarfe.es\/index.php?rest_route=\/wp\/v2\/users\/1"}],"replies":[{"embeddable":true,"href":"https:\/\/miradordeatarfe.es\/index.php?rest_route=%2Fwp%2Fv2%2Fcomments&post=67025"}],"version-history":[{"count":1,"href":"https:\/\/miradordeatarfe.es\/index.php?rest_route=\/wp\/v2\/posts\/67025\/revisions"}],"predecessor-version":[{"id":67027,"href":"https:\/\/miradordeatarfe.es\/index.php?rest_route=\/wp\/v2\/posts\/67025\/revisions\/67027"}],"wp:featuredmedia":[{"embeddable":true,"href":"https:\/\/miradordeatarfe.es\/index.php?rest_route=\/wp\/v2\/media\/67026"}],"wp:attachment":[{"href":"https:\/\/miradordeatarfe.es\/index.php?rest_route=%2Fwp%2Fv2%2Fmedia&parent=67025"}],"wp:term":[{"taxonomy":"category","embeddable":true,"href":"https:\/\/miradordeatarfe.es\/index.php?rest_route=%2Fwp%2Fv2%2Fcategories&post=67025"},{"taxonomy":"post_tag","embeddable":true,"href":"https:\/\/miradordeatarfe.es\/index.php?rest_route=%2Fwp%2Fv2%2Ftags&post=67025"}],"curies":[{"name":"wp","href":"https:\/\/api.w.org\/{rel}","templated":true}]}}