{"id":67028,"date":"2024-02-10T11:03:50","date_gmt":"2024-02-10T10:03:50","guid":{"rendered":"https:\/\/miradordeatarfe.es\/?p=67028"},"modified":"2024-02-07T17:29:50","modified_gmt":"2024-02-07T16:29:50","slug":"la-acequia-gorda-por-atarfe","status":"publish","type":"post","link":"https:\/\/miradordeatarfe.es\/?p=67028","title":{"rendered":"\u00abLa Acequia Gorda por ATARFE\u00bb"},"content":{"rendered":"<h3 style=\"text-align: justify;\">La Acequia Real o Gorda del Genil discurre por la Vega de Granada, en el conjunto geol\u00f3gico de la Depresi\u00f3n de Granada.<\/h3>\n<p style=\"text-align: justify;\">El agua procede del rio Genil y se introduce en la Acequia por la Presa Real, en el t\u00e9rmino municipal de Cenes de la Vega. En la actualidad cuenta con 1.200 part\u00edcipes o comuneros, extendi\u00e9ndose el \u00e1rea regable por los municipios de Granada, Maracena, Atarfe, Albolote y Santa F\u00e9. Esta superficie ha ido variando a lo largo de los a\u00f1os, siendo hoy d\u00eda 2.000 hect\u00e1reas las que aprovechan el agua de La Acequia Real o Gorda del Genil.<\/p>\n<p style=\"text-align: justify;\">Debido a la buena calidad de las aguas que discurren por esta Acequia se han cultivado desde anta\u00f1o: ma\u00edz, alfalfa, tabaco, trigo, chopos, forraje, esp\u00e1rragos, patatas, ajos, habas, frutales y plantas ornamentales.<\/p>\n<h3 style=\"text-align: justify;\">Rese\u00f1a Hist\u00f3rica<\/h3>\n<p style=\"text-align: justify;\">La Acequia Gorda del R\u00edo Genil, lleva gestionando los riegos de gran parte de la Vega de Granada al menos desde la \u00e9poca isl\u00e1mica. El r\u00edo Genil es el m\u00e1s caudaloso y afamado de cuantos nacen en las cercan\u00edas de Granada, siendo adem\u00e1s el mayor afluente de r\u00edo Guadalquivir, que es el curso de agua que articula Andaluc\u00eda. Fue la primera canalizaci\u00f3n hist\u00f3rica con origen en este r\u00edo en su margen derecha.<\/p>\n<p style=\"text-align: justify;\">Su nombre \u00e1rabe era \u201cal-Saqiya al-Kubra\u201d, que traducido m\u00e1s literalmente ser\u00eda Acequia Mayor. Esta naci\u00f3 con la vocaci\u00f3n de ser el m\u00e1s importante canal de riego de la vega de Granada. De ella, a su vez, se derivaron hasta cinco acequias: Arabuleira y Tarramonta, que tras cruzar el r\u00edo Genil regaban las tierras de las alquer\u00edas que quedaban en la margen izquierda del r\u00edo Genil; Acequia de la Ciudad o Arca del Agua, que fue destinada al suministro de agua a los barrios meridionales de Granada; Acequia del Jaque del Marqu\u00e9s de Mondejar, cuyas aguas se destinaban al riego de la alquer\u00eda de Maracena y Acequia de Santa Fe para el riego y abasto de sus tierras.<\/p>\n<p style=\"text-align: justify;\">La primera noticia en relaci\u00f3n al origen de esta infraestructura de riego corresponde a la descripci\u00f3n de la Vega de Granada realizada en el siglo XIV por el historiador Ibn al-Jatib en su obra Al-Ihata fi ta\u2019rif Garnata (Fuente completa sobre la historia de Granada). Otros historiadores del siglo XIX como Leopoldo Eguilaz y Yanguas y Luis Seco de Lucena, sit\u00faan su construcci\u00f3n entre los a\u00f1os 1073 y 1090, unos bajo el mandato del rey Badis ben Hab\u00fas y otros en el reinado de su nieto Abd Allah. Aunque lo m\u00e1s probable es que se refieran a la construcci\u00f3n del ramal conocido como Arca de la Ciudad, el cual tomaba agua de la Acequia Gorda para suministrarla a los barrios meridionales de la reci\u00e9n creada Medina Garnata, por lo que su origen ser\u00eda anterior.<\/p>\n<p style=\"text-align: justify;\">El apeo y deslinde de los pagos regados por la Acequia Gorda fue realizado entre 1573 y 1574 por el licenciado Antonio Loaysa, incluy\u00e9ndose en el mismo una valiosa descripci\u00f3n de cada una de las unidades de riego, sus linderos, los ramales, los tomaderos, las servidumbres y los derechos de riego.<\/p>\n<p style=\"text-align: justify;\">En 1882 en las \u201cOrdenanzas para el r\u00e9gimen de la Acequia Gorda del Genil y aprovechamiento de sus aguas\u201d (a\u00fan vigentes hoy en d\u00eda) se constituye la Comunidad de Regantes, describi\u00e9ndose de manera detallada la normativa, organizaci\u00f3n de los riegos, el \u00e1mbito territorial y las infraestructuras.<\/p>\n<p style=\"text-align: justify;\">En el plano \u201cDise\u00f1o del R\u00edo Genil\u201d realizado en 1751 por Thomas Ferrer y Jos\u00e9 Toxar ya aparecen grafiados los molinos m\u00e1s antiguos como el de Los Dolores, Corregidor Alto, Corregidor Bajo, Marqu\u00e9s, Sagra, Alvarillo, Capit\u00e1n, San Mart\u00edn, Mendoza, Cerezo, Nuevo y Torrecilla.<\/p>\n<p style=\"text-align: justify;\">Muchas de\u00a0 las instalaciones industriales que aprovechaban el agua de la Acequia Gorda eran molinos harineros y peque\u00f1os talleres artesanos que ya exist\u00edan en la Edad Media, desapareciendo algunos con el paso del tiempo y surgiendo otros nuevos. Prueba de ello es que en las Ordenanzas de 1882 aparecen inventariados cincuenta aprovechamientos industriales, mientras que una actualizaci\u00f3n realizada en 1930 el n\u00famero se ampl\u00eda hasta setenta y cinco.<\/p>\n<p style=\"text-align: justify;\">En cuanto a su paso por Atarfe, quedan reflejados los Pagos y la gesti\u00f3n de los mismos. Estos Pagos siguen conservando los mismos nombres y se conocen como: Viernes, Sobrante del viernes, Mi\u00e9rcoles y s\u00e1bado, Martes, Sobrante del martes, Jueves, Domingo, Lunes, Sequillo.<\/p>\n<h3 style=\"text-align: justify;\"><a href=\"https:\/\/i0.wp.com\/miradordeatarfe.es\/wp-content\/uploads\/2024\/02\/ACEQUIA-GORDA-REPARTIDOS.png?ssl=1\"><img data-recalc-dims=\"1\" loading=\"lazy\" decoding=\"async\" class=\"wp-image-67029  aligncenter\" src=\"https:\/\/i0.wp.com\/miradordeatarfe.es\/wp-content\/uploads\/2024\/02\/ACEQUIA-GORDA-REPARTIDOS.png?resize=431%2C395&#038;ssl=1\" alt=\"\" width=\"431\" height=\"395\" srcset=\"https:\/\/i0.wp.com\/miradordeatarfe.es\/wp-content\/uploads\/2024\/02\/ACEQUIA-GORDA-REPARTIDOS.png?w=355&amp;ssl=1 355w, https:\/\/i0.wp.com\/miradordeatarfe.es\/wp-content\/uploads\/2024\/02\/ACEQUIA-GORDA-REPARTIDOS.png?resize=300%2C275&amp;ssl=1 300w\" sizes=\"auto, (max-width: 431px) 100vw, 431px\" \/><\/a><\/h3>\n<h3 style=\"text-align: justify;\"><strong>Bibliograf\u00eda y documentaci\u00f3n<\/strong><\/h3>\n<p style=\"text-align: justify;\">&#8211; Tesis Doctoral de D. Carlos Le\u00f3n acerca del Origen y evoluci\u00f3n de los sistemas de riego<\/p>\n<p>&#8211; http:\/\/www.acequiagorda.es<\/p>\n<p><i>Atarfe en el Papel<\/i><\/p>\n<h3>PUBLICADO EN EL LIBRO \u00bb ATARFE PATRIMONIO CULTURAL Y NATURAL\u00bb (2015) FRANCISCA L\u00d3PEZ, I\u00d1AKI NIEVA Y MANUEL GUERRERO<\/h3>\n","protected":false},"excerpt":{"rendered":"<p>La Acequia Real o Gorda del Genil discurre por la Vega de Granada, en el&#8230;<\/p>\n","protected":false},"author":1,"featured_media":67030,"comment_status":"closed","ping_status":"closed","sticky":false,"template":"","format":"standard","meta":{"_coblocks_attr":"","_coblocks_dimensions":"","_coblocks_responsive_height":"","_coblocks_accordion_ie_support":"","jetpack_post_was_ever_published":false,"_jetpack_newsletter_access":"","_jetpack_dont_email_post_to_subs":false,"_jetpack_newsletter_tier_id":0,"_jetpack_memberships_contains_paywalled_content":false,"_jetpack_memberships_contains_paid_content":false,"footnotes":"","jetpack_publicize_message":"","jetpack_publicize_feature_enabled":true,"jetpack_social_post_already_shared":true,"jetpack_social_options":{"image_generator_settings":{"template":"highway","default_image_id":0,"enabled":false},"version":2}},"categories":[2,1225,186,44],"tags":[],"class_list":["post-67028","post","type-post","status-publish","format-standard","has-post-thumbnail","hentry","category-atarfe","category-ha-de-atarfe","category-instituciones","category-noticias-de-hoy"],"jetpack_publicize_connections":[],"jetpack_featured_media_url":"https:\/\/i0.wp.com\/miradordeatarfe.es\/wp-content\/uploads\/2024\/02\/ACEQUIA-GORDA.png?fit=330%2C270&ssl=1","jetpack_likes_enabled":true,"jetpack_sharing_enabled":true,"_links":{"self":[{"href":"https:\/\/miradordeatarfe.es\/index.php?rest_route=\/wp\/v2\/posts\/67028","targetHints":{"allow":["GET"]}}],"collection":[{"href":"https:\/\/miradordeatarfe.es\/index.php?rest_route=\/wp\/v2\/posts"}],"about":[{"href":"https:\/\/miradordeatarfe.es\/index.php?rest_route=\/wp\/v2\/types\/post"}],"author":[{"embeddable":true,"href":"https:\/\/miradordeatarfe.es\/index.php?rest_route=\/wp\/v2\/users\/1"}],"replies":[{"embeddable":true,"href":"https:\/\/miradordeatarfe.es\/index.php?rest_route=%2Fwp%2Fv2%2Fcomments&post=67028"}],"version-history":[{"count":3,"href":"https:\/\/miradordeatarfe.es\/index.php?rest_route=\/wp\/v2\/posts\/67028\/revisions"}],"predecessor-version":[{"id":67033,"href":"https:\/\/miradordeatarfe.es\/index.php?rest_route=\/wp\/v2\/posts\/67028\/revisions\/67033"}],"wp:featuredmedia":[{"embeddable":true,"href":"https:\/\/miradordeatarfe.es\/index.php?rest_route=\/wp\/v2\/media\/67030"}],"wp:attachment":[{"href":"https:\/\/miradordeatarfe.es\/index.php?rest_route=%2Fwp%2Fv2%2Fmedia&parent=67028"}],"wp:term":[{"taxonomy":"category","embeddable":true,"href":"https:\/\/miradordeatarfe.es\/index.php?rest_route=%2Fwp%2Fv2%2Fcategories&post=67028"},{"taxonomy":"post_tag","embeddable":true,"href":"https:\/\/miradordeatarfe.es\/index.php?rest_route=%2Fwp%2Fv2%2Ftags&post=67028"}],"curies":[{"name":"wp","href":"https:\/\/api.w.org\/{rel}","templated":true}]}}