{"id":67041,"date":"2024-02-09T09:14:05","date_gmt":"2024-02-09T08:14:05","guid":{"rendered":"https:\/\/miradordeatarfe.es\/?p=67041"},"modified":"2024-02-07T18:22:58","modified_gmt":"2024-02-07T17:22:58","slug":"asi-es-la-version-en-ingles-de-zorra-que-nebulossa-cantara-en-eurovision-2024","status":"publish","type":"post","link":"https:\/\/miradordeatarfe.es\/?p=67041","title":{"rendered":"As\u00ed es la versi\u00f3n en ingl\u00e9s de &#8216;Zorra&#8217; que Nebulossa cantar\u00e1 en Eurovisi\u00f3n 2024"},"content":{"rendered":"<header>\n<h2 style=\"text-align: justify;\">La canci\u00f3n ha provocado un fen\u00f3meno social en Espa\u00f1a y ha provocado mucha pol\u00e9mica en las \u00faltimas horas<\/h2>\n<\/header>\n<div class=\"cnt-txt\" style=\"text-align: justify;\">\n<p>A pesar de que Nebulossa cantar\u00e1 &#8216;Zorra&#8217; en espa\u00f1ol en Eurovisi\u00f3n 2024, ya ha elegido la traducci\u00f3n al ingl\u00e9s del t\u00e9rmino para transmitir el mensaje que contiene la canci\u00f3n m\u00e1s sonada en las \u00faltimas semanas. El d\u00fao, que gan\u00f3 el Benidorm Fest hace tan solo tres d\u00edas, acaba de publicar el videoclip con la letra en ingl\u00e9s y ha elegido la palabra \u00abvixen\u00bb (zorra) como traducci\u00f3n oficial.<\/p>\n<\/div>\n<p style=\"text-align: justify;\">Se rumoreaba que podr\u00eda ser \u00abfoxy\u00bb o palabras como \u00abbitch\u00bb, aunque finalmente ser\u00e1 \u00abvixen\u00bb la forma con la que traducir\u00e1n el t\u00e9rmino de cara a la celebraci\u00f3n del festival de la canci\u00f3n en Malm\u00f6. Este lunes, la Uni\u00f3n Europea de Radiodifusi\u00f3n (UER) confirmaba a &#8216;El Pa\u00eds&#8217; que <a href=\"https:\/\/cadenaser.com\/nacional\/2024\/02\/05\/eurovision-asegura-que-no-habra-censura-para-nebulossa-y-confirma-que-podra-participar-con-zorra-cadena-ser\/\" target=\"_blank\" rel=\"noopener\">no habr\u00eda censura a Nebulossa en el festival por la canci\u00f3n<\/a>.<\/p>\n<p style=\"text-align: justify;\">\u00abLa UER entiende que hay muchas interpretaciones del t\u00edtulo de la canci\u00f3n presentada por RTVE para representar a Espa\u00f1a en el Festival de Eurovisi\u00f3n de este a\u00f1o. Teniendo en cuenta su uso previsto en el contexto de la letra y el mensaje de la canci\u00f3n, seg\u00fan nos explic\u00f3 RTVE, hemos concluido que la canci\u00f3n es elegible para participar en el concurso de este a\u00f1o. La puesta en escena de la canci\u00f3n en mayo, como ocurre con todos los actos participantes, se acordar\u00e1 con los productores en una fecha posterior\u00bb, confirmaron al peri\u00f3dico.<\/p>\n<div class=\"c-sum cnt-iframe-16-9\" style=\"text-align: justify;\">\n<div><iframe loading=\"lazy\" title=\"Nebulossa - ZORRA (Official English Lyric Video)\" src=\"https:\/\/www.youtube.com\/embed\/5SzG94tDEGE?feature=oembed\" width=\"560\" height=\"315\" frameborder=\"0\" allowfullscreen=\"allowfullscreen\" data-mce-fragment=\"1\"><\/iframe><\/div>\n<\/div>\n<p style=\"text-align: justify;\">La canci\u00f3n ha sido muy bien acogida por gran parte del p\u00fablico, que celebr\u00f3 el triunfo de Nebulossa y llevar a Suecia el mensaje rompedor, reivindicativo y de empoderamiento feminista que cuenta el tema en su letra. Por otro lado, tambi\u00e9n ha provocado pol\u00e9mica por el t\u00edtulo de la canci\u00f3n y el uso de la palabra \u00abzorra\u00bb.<\/p>\n<h3 style=\"text-align: justify;\">\u00bfQu\u00e9 se cuenta en &#8216;Zorra&#8217;?<\/h3>\n<p style=\"text-align: justify;\">Con el t\u00edtulo de la canci\u00f3n, repetido varias veces a lo largo de la letra, Nebulossa busca dotar de un nuevo significado al t\u00e9rmino y convertir la palabra \u00abzorra\u00bb en un adjetivo positivo, despu\u00e9s de haberse visto estigmatizada \u00abcon todo lo aprendido desde una sombra constante impuesta por un sistema que ya no se sostiene\u00bb.<\/p>\n<section class=\"c-sum fotx\">\n<figure><picture><source srcset=\"https:\/\/cadenaser.com\/resizer\/izbAu3dvhb-CC4tTSGzi2uE6oO8=\/1200x675\/filters:quality(70)\/cloudfront-eu-central-1.images.arcpublishing.com\/prisaradio\/HMTJ7OLJZFB7PBHAA7VZZO42YI.jpg\" media=\"(min-width: 1200px)\" \/><source srcset=\"https:\/\/cadenaser.com\/resizer\/O4hOP0IrOyuantZ5DsCZm83-daw=\/990x557\/filters:quality(70)\/cloudfront-eu-central-1.images.arcpublishing.com\/prisaradio\/HMTJ7OLJZFB7PBHAA7VZZO42YI.jpg\" media=\"(min-width: 990px)\" \/><source srcset=\"https:\/\/cadenaser.com\/resizer\/YXECUO1_Q8wTLY1hvZemspe66ls=\/983x553\/filters:quality(70)\/cloudfront-eu-central-1.images.arcpublishing.com\/prisaradio\/HMTJ7OLJZFB7PBHAA7VZZO42YI.jpg\" media=\"(min-width: 990px)\" \/><source srcset=\"https:\/\/cadenaser.com\/resizer\/t4Z7aJPDBn0Bl5x1-3ad5yjEgWY=\/768x432\/filters:quality(70)\/cloudfront-eu-central-1.images.arcpublishing.com\/prisaradio\/HMTJ7OLJZFB7PBHAA7VZZO42YI.jpg\" media=\"(max-width: 768px)\" \/><source srcset=\"https:\/\/cadenaser.com\/resizer\/7UNet9iO4GVOPSRTrKY-HTzTfbs=\/736x414\/filters:quality(70)\/cloudfront-eu-central-1.images.arcpublishing.com\/prisaradio\/HMTJ7OLJZFB7PBHAA7VZZO42YI.jpg\" media=\"(max-width: 768px)\" \/><source srcset=\"https:\/\/cadenaser.com\/resizer\/WjIXBfkOMqRpQ_PN2EDxQGeuHWY=\/414x233\/filters:quality(70)\/cloudfront-eu-central-1.images.arcpublishing.com\/prisaradio\/HMTJ7OLJZFB7PBHAA7VZZO42YI.jpg\" media=\"(max-width: 414px)\" \/><source srcset=\"https:\/\/cadenaser.com\/resizer\/CXrq4akucIUy-Bg1wnQU7Mrlavw=\/382x215\/filters:quality(70)\/cloudfront-eu-central-1.images.arcpublishing.com\/prisaradio\/HMTJ7OLJZFB7PBHAA7VZZO42YI.jpg\" media=\"(max-width: 414px)\" \/><source srcset=\"https:\/\/cadenaser.com\/resizer\/w_e_Wh5Hlpw92xBMXj9xyRIv_sU=\/343x193\/filters:quality(70)\/cloudfront-eu-central-1.images.arcpublishing.com\/prisaradio\/HMTJ7OLJZFB7PBHAA7VZZO42YI.jpg\" media=\"(max-width: 375px)\" \/><source srcset=\"https:\/\/cadenaser.com\/resizer\/3p_CDd4XNovkT1h3qb-_cmaBmbE=\/288x162\/filters:quality(70)\/cloudfront-eu-central-1.images.arcpublishing.com\/prisaradio\/HMTJ7OLJZFB7PBHAA7VZZO42YI.jpg\" media=\"(max-width: 320px)\" \/><\/picture><\/figure>\n<div>Mar\u00eda Bas (55) y Mark Dasousa (47) son un matrimonio de un municipio alicantino que formaron el d\u00fao en 2018 para iniciarse en la industria musical. Intentaron representar a San Marino en Eurovisi\u00f3n y finalmente ir\u00e1n al festival con su pa\u00eds, con Espa\u00f1a, con &#8216;Zorra&#8217;. Ambos tienen dos hijos, Mar\u00eda (23) y Neo (11), quienes apoyan a ambos y han estado presentes en Benidorm para celebrar su triunfo con ellos.<\/div>\n<\/section>\n<p style=\"text-align: justify;\">El videoclip es un homenaje a Manuela Trasobares, primera mujer transexual que fue concejal en Espa\u00f1a. Bas recrea la intervenci\u00f3n de Trasobares en un programa de Canal 9, &#8216;Parle Vost\u00e9, Calle Vost\u00e9&#8217;, de los a\u00f1os noventa, donde, adem\u00e1s de lanzar un mensaje de liberaci\u00f3n de las mujeres, tir\u00f3 una copa al suelo y anim\u00f3 a quienes la apoyaban a hacerlo. De hecho, Nebulossa, en la actuaci\u00f3n final del Benidorm Fest, lanzaron el grito \u00ab\u00a1Tira la copa!\u00bb para despedirse.<\/p>\n<div class=\"lead-art\" style=\"text-align: justify;\">\n<div id=\"video_fe8a124a551d116af5cc9b5d6e20fc40\" tabindex=\"555845\">\n<div id=\"video_fe8a124a551d116af5cc9b5d6e20fc40_base\" class=\"commonmm_baseExpand\" data-id_player=\"483\" data-id_cuenta=\"playser\" data-id_media=\"fe8a124a551d116af5cc9b5d6e20fc40\">\n<div id=\"AdModule_video_fe8a124a551d116af5cc9b5d6e20fc40_TopPlayer\" class=\"commonmm_sonExpand mm_ad_module\">\n<div id=\"basePubli_video_fe8a124a551d116af5cc9b5d6e20fc40_TopPlayer\" class=\"commonmm_baseExpand\">\n<div id=\"publi_video_fe8a124a551d116af5cc9b5d6e20fc40_TopPlayer\" class=\"commonmm_sonExpand_forceson\" style=\"text-align: justify;\"><strong><a class=\"au-wb\" title=\"Elian Vay\u00e1\" href=\"https:\/\/cadenaser.com\/autor\/elian_vaya_sempere\/a\/\">Elian Vay\u00e1<\/a><\/strong><\/div>\n<\/div>\n<\/div>\n<\/div>\n<\/div>\n<p>FOTO: <span class=\"image-caption\">Mar\u00eda, parte de Nebulossa, recibiendo el micr\u00f3fono de bronce del Benidorm Fest 2024<\/span><\/p>\n<\/div>\n<aside class=\"cnt-interaccion fot\"><\/aside>\n<div class=\"cnt-txt\">\n<p style=\"text-align: justify;\">https:\/\/cadenaser.com\/nacional\/2024\/02\/07\/de-zorra-a-vixen-asi-ha-traducido-nebulossa-la-cancion-al-ingles-para-presentarla-a-eurovision-2024-cadena-ser\/<\/p>\n<\/div>\n","protected":false},"excerpt":{"rendered":"<p>La canci\u00f3n ha provocado un fen\u00f3meno social en Espa\u00f1a y ha provocado mucha pol\u00e9mica en&#8230;<\/p>\n","protected":false},"author":1,"featured_media":67042,"comment_status":"closed","ping_status":"closed","sticky":false,"template":"","format":"standard","meta":{"_coblocks_attr":"","_coblocks_dimensions":"","_coblocks_responsive_height":"","_coblocks_accordion_ie_support":"","jetpack_post_was_ever_published":false,"_jetpack_newsletter_access":"","_jetpack_dont_email_post_to_subs":false,"_jetpack_newsletter_tier_id":0,"_jetpack_memberships_contains_paywalled_content":false,"_jetpack_memberships_contains_paid_content":false,"footnotes":"","jetpack_publicize_message":"","jetpack_publicize_feature_enabled":true,"jetpack_social_post_already_shared":true,"jetpack_social_options":{"image_generator_settings":{"template":"highway","default_image_id":0,"enabled":false},"version":2}},"categories":[1161,44,6937],"tags":[],"class_list":["post-67041","post","type-post","status-publish","format-standard","has-post-thumbnail","hentry","category-ciudadania","category-noticias-de-hoy","category-sociedad"],"jetpack_publicize_connections":[],"jetpack_featured_media_url":"https:\/\/i0.wp.com\/miradordeatarfe.es\/wp-content\/uploads\/2024\/02\/BB1hKyTm.jpeg?fit=768%2C512&ssl=1","jetpack_likes_enabled":true,"jetpack_sharing_enabled":true,"_links":{"self":[{"href":"https:\/\/miradordeatarfe.es\/index.php?rest_route=\/wp\/v2\/posts\/67041","targetHints":{"allow":["GET"]}}],"collection":[{"href":"https:\/\/miradordeatarfe.es\/index.php?rest_route=\/wp\/v2\/posts"}],"about":[{"href":"https:\/\/miradordeatarfe.es\/index.php?rest_route=\/wp\/v2\/types\/post"}],"author":[{"embeddable":true,"href":"https:\/\/miradordeatarfe.es\/index.php?rest_route=\/wp\/v2\/users\/1"}],"replies":[{"embeddable":true,"href":"https:\/\/miradordeatarfe.es\/index.php?rest_route=%2Fwp%2Fv2%2Fcomments&post=67041"}],"version-history":[{"count":2,"href":"https:\/\/miradordeatarfe.es\/index.php?rest_route=\/wp\/v2\/posts\/67041\/revisions"}],"predecessor-version":[{"id":67044,"href":"https:\/\/miradordeatarfe.es\/index.php?rest_route=\/wp\/v2\/posts\/67041\/revisions\/67044"}],"wp:featuredmedia":[{"embeddable":true,"href":"https:\/\/miradordeatarfe.es\/index.php?rest_route=\/wp\/v2\/media\/67042"}],"wp:attachment":[{"href":"https:\/\/miradordeatarfe.es\/index.php?rest_route=%2Fwp%2Fv2%2Fmedia&parent=67041"}],"wp:term":[{"taxonomy":"category","embeddable":true,"href":"https:\/\/miradordeatarfe.es\/index.php?rest_route=%2Fwp%2Fv2%2Fcategories&post=67041"},{"taxonomy":"post_tag","embeddable":true,"href":"https:\/\/miradordeatarfe.es\/index.php?rest_route=%2Fwp%2Fv2%2Ftags&post=67041"}],"curies":[{"name":"wp","href":"https:\/\/api.w.org\/{rel}","templated":true}]}}