{"id":6706,"date":"2016-02-12T06:24:53","date_gmt":"2016-02-12T06:24:53","guid":{"rendered":"http:\/\/miradordeatarfe.es\/?p=6706"},"modified":"2016-02-11T11:28:39","modified_gmt":"2016-02-11T11:28:39","slug":"las-concejalas-del-cambio-se-reunen-en-la-zubia","status":"publish","type":"post","link":"https:\/\/miradordeatarfe.es\/?p=6706","title":{"rendered":"Las concejalas del Cambio se re\u00fanen en La Zubia"},"content":{"rendered":"<p><em>Ediles de Atarfe y Peligros se dan cita con M. Trinidad Montes en la localidad para crear la Comisi\u00f3n Cultural de los \u2018Municipios del Cambio\u2019 <\/em><!--more--><\/p>\n<p>La concejala de Cultura del Ayuntamiento de La Zubia, M. Trinidad Montes, se ha dado cita esta ma\u00f1ana con la teniente alcalde de Atarfe, Rosa F\u00e9lix; la concejala de Cultura de la localidad atarfe\u00f1a, Fabiola Garc\u00eda; y la concejala de cultura del Ayuntamiento de Peligros, Cristina L\u00f3pez. Juntas han trabajado en la puesta en marcha la Comisi\u00f3n Cultural de los Municipios del Cambio, que contar\u00e1 con la participaci\u00f3n de artistas, asociaciones y vecinos y vecinas en general interesados en formar parte de la gesti\u00f3n municipal.<\/p>\n<p>A trav\u00e9s de esta reuni\u00f3n, celebrada en un espacio p\u00fablico, las ediles han puesto en com\u00fan experiencias y proyectos con los que seguir mejorando su trabajo al frente de las concejal\u00edas de cultura de cada uno de los Ayuntamientos implicados.<br \/>\nA continuaci\u00f3n, las concejalas se han trasladado hasta la radio municipal de La Zubia, ZRadio, para explicar a la ciudadan\u00eda su trabajo y en qu\u00e9 consiste ese proyecto del Cambio y c\u00f3mo los vecinos y vecinas y sus intereses son parte esencial del mismo.<\/p>\n<p>&nbsp;<\/p>\n<div class=\"delimitador-video\"><\/div>\n","protected":false},"excerpt":{"rendered":"<p>Ediles de Atarfe y Peligros se dan cita con M. Trinidad Montes en la localidad&#8230;<\/p>\n","protected":false},"author":1,"featured_media":6708,"comment_status":"closed","ping_status":"closed","sticky":false,"template":"","format":"standard","meta":{"_coblocks_attr":"","_coblocks_dimensions":"","_coblocks_responsive_height":"","_coblocks_accordion_ie_support":"","jetpack_post_was_ever_published":false,"_jetpack_newsletter_access":"","_jetpack_dont_email_post_to_subs":false,"_jetpack_newsletter_tier_id":0,"_jetpack_memberships_contains_paywalled_content":false,"_jetpack_memberships_contains_paid_content":false,"footnotes":"","jetpack_publicize_message":"","jetpack_publicize_feature_enabled":true,"jetpack_social_post_already_shared":false,"jetpack_social_options":{"image_generator_settings":{"template":"highway","default_image_id":0,"enabled":false},"version":2}},"categories":[9,44,15],"tags":[259],"class_list":["post-6706","post","type-post","status-publish","format-standard","has-post-thumbnail","hentry","category-medio-ambiente","category-noticias-de-hoy","category-ultimas-noticias","tag-concejales"],"jetpack_publicize_connections":[],"jetpack_featured_media_url":"https:\/\/i0.wp.com\/miradordeatarfe.es\/wp-content\/uploads\/2016\/02\/concejalas-del-cambio-la-zubia.jpg?fit=600%2C400&ssl=1","jetpack_likes_enabled":true,"jetpack_sharing_enabled":true,"_links":{"self":[{"href":"https:\/\/miradordeatarfe.es\/index.php?rest_route=\/wp\/v2\/posts\/6706","targetHints":{"allow":["GET"]}}],"collection":[{"href":"https:\/\/miradordeatarfe.es\/index.php?rest_route=\/wp\/v2\/posts"}],"about":[{"href":"https:\/\/miradordeatarfe.es\/index.php?rest_route=\/wp\/v2\/types\/post"}],"author":[{"embeddable":true,"href":"https:\/\/miradordeatarfe.es\/index.php?rest_route=\/wp\/v2\/users\/1"}],"replies":[{"embeddable":true,"href":"https:\/\/miradordeatarfe.es\/index.php?rest_route=%2Fwp%2Fv2%2Fcomments&post=6706"}],"version-history":[{"count":1,"href":"https:\/\/miradordeatarfe.es\/index.php?rest_route=\/wp\/v2\/posts\/6706\/revisions"}],"predecessor-version":[{"id":6709,"href":"https:\/\/miradordeatarfe.es\/index.php?rest_route=\/wp\/v2\/posts\/6706\/revisions\/6709"}],"wp:featuredmedia":[{"embeddable":true,"href":"https:\/\/miradordeatarfe.es\/index.php?rest_route=\/wp\/v2\/media\/6708"}],"wp:attachment":[{"href":"https:\/\/miradordeatarfe.es\/index.php?rest_route=%2Fwp%2Fv2%2Fmedia&parent=6706"}],"wp:term":[{"taxonomy":"category","embeddable":true,"href":"https:\/\/miradordeatarfe.es\/index.php?rest_route=%2Fwp%2Fv2%2Fcategories&post=6706"},{"taxonomy":"post_tag","embeddable":true,"href":"https:\/\/miradordeatarfe.es\/index.php?rest_route=%2Fwp%2Fv2%2Ftags&post=6706"}],"curies":[{"name":"wp","href":"https:\/\/api.w.org\/{rel}","templated":true}]}}