{"id":67064,"date":"2024-02-08T13:38:11","date_gmt":"2024-02-08T12:38:11","guid":{"rendered":"https:\/\/miradordeatarfe.es\/?p=67064"},"modified":"2024-02-08T13:40:57","modified_gmt":"2024-02-08T12:40:57","slug":"atarfe-fiesta-de-san-valentin-2024","status":"publish","type":"post","link":"https:\/\/miradordeatarfe.es\/?p=67064","title":{"rendered":"ATARFE: \u00a1Fiesta de San Valent\u00edn 2024!"},"content":{"rendered":"<h3><span class=\"x193iq5w xeuugli x13faqbe x1vvkbs x1xmvt09 x1lliihq x1s928wv xhkezso x1gmr53x x1cpjm7i x1fgarty x1943h6x xudqn12 x3x7a5m x6prxxf xvq8zen xo1l8bm xzsf02u\" dir=\"auto\">\u00a0 Dirigido a nuestros\/as mayores empadronados en Atarfe.\u00a0 La Concejal\u00eda de Bienestar Social\u00a0 invita a pasar una noche m\u00e1gica llena de amor en la Fiesta de San Valent\u00edn. <\/span><\/h3>\n<h3>\u00bfCu\u00e1l es el origen del d\u00eda m\u00e1s se\u00f1alado para los enamorados? Diversas teor\u00edas lo explican, aunque la celebraci\u00f3n m\u00e1s reciente tiene mucho que ver con la sociedad de consumo actual.<\/h3>\n<p>El <b>D\u00eda de San Valent\u00edn<\/b> o simplemente <b>San Valent\u00edn<\/b> es una festividad de origen cat\u00f3lico que se celebra anualmente el 14 de febrero como conmemoraci\u00f3n de las buenas obras realizadas por san Valent\u00edn de Roma, relacionadas con el concepto universal del amor y la afectividad. Originado por la Iglesia cat\u00f3lica como contrapeso de las festividades paganas que se realizaban en el Imperio romano, tambi\u00e9n es una de las primeras fiestas que significaron la expansi\u00f3n del cristianismo en toda la Eurafrasia romana. La fiesta en s\u00ed ha ido ganando importancia a lo largo del tiempo desde una perspectiva laica como <b>D\u00eda de los Enamorados<\/b> o <b>D\u00eda del Amor y la Amistad<\/b><\/p>\n<p><span class=\"x193iq5w xeuugli x13faqbe x1vvkbs x1xmvt09 x1lliihq x1s928wv xhkezso x1gmr53x x1cpjm7i x1fgarty x1943h6x xudqn12 x3x7a5m x6prxxf xvq8zen xo1l8bm xzsf02u\" dir=\"auto\">Ese d\u00eda nuestros mayores podr\u00e1n disfruta de la <em><span style=\"color: #800000;\">actuaci\u00f3n de Manolo Castillo<\/span><\/em>.\u00a0 Y adem\u00e1s, tendremos Barra. <\/p>\n<p><strong><span style=\"color: #008000;\">Inscripciones en el Centro C\u00edvico a partir del jueves, 8 de febrero, a las 12:00h<\/span>.\u00a0 <\/strong><\/p>\n<p>\u00a1Ser\u00e1 una noche repleta de m\u00fasica, baile y diversi\u00f3n!\u00a0 <\/p>\n<p>PLAZAS LIMITADAS <br \/>\n<\/span><\/p>\n<p><a href=\"https:\/\/i0.wp.com\/miradordeatarfe.es\/wp-content\/uploads\/2024\/02\/424582218_764599575717560_2976241806689008961_n.jpg?ssl=1\"><img data-recalc-dims=\"1\" loading=\"lazy\" decoding=\"async\" class=\"alignnone wp-image-67065 size-full\" src=\"https:\/\/i0.wp.com\/miradordeatarfe.es\/wp-content\/uploads\/2024\/02\/424582218_764599575717560_2976241806689008961_n.jpg?resize=640%2C640&#038;ssl=1\" alt=\"\" width=\"640\" height=\"640\" srcset=\"https:\/\/i0.wp.com\/miradordeatarfe.es\/wp-content\/uploads\/2024\/02\/424582218_764599575717560_2976241806689008961_n.jpg?w=2048&amp;ssl=1 2048w, https:\/\/i0.wp.com\/miradordeatarfe.es\/wp-content\/uploads\/2024\/02\/424582218_764599575717560_2976241806689008961_n.jpg?resize=300%2C300&amp;ssl=1 300w, https:\/\/i0.wp.com\/miradordeatarfe.es\/wp-content\/uploads\/2024\/02\/424582218_764599575717560_2976241806689008961_n.jpg?resize=1024%2C1024&amp;ssl=1 1024w, https:\/\/i0.wp.com\/miradordeatarfe.es\/wp-content\/uploads\/2024\/02\/424582218_764599575717560_2976241806689008961_n.jpg?resize=150%2C150&amp;ssl=1 150w, https:\/\/i0.wp.com\/miradordeatarfe.es\/wp-content\/uploads\/2024\/02\/424582218_764599575717560_2976241806689008961_n.jpg?resize=768%2C768&amp;ssl=1 768w, https:\/\/i0.wp.com\/miradordeatarfe.es\/wp-content\/uploads\/2024\/02\/424582218_764599575717560_2976241806689008961_n.jpg?resize=1536%2C1536&amp;ssl=1 1536w, https:\/\/i0.wp.com\/miradordeatarfe.es\/wp-content\/uploads\/2024\/02\/424582218_764599575717560_2976241806689008961_n.jpg?resize=1320%2C1320&amp;ssl=1 1320w, https:\/\/i0.wp.com\/miradordeatarfe.es\/wp-content\/uploads\/2024\/02\/424582218_764599575717560_2976241806689008961_n.jpg?w=1920&amp;ssl=1 1920w\" sizes=\"auto, (max-width: 640px) 100vw, 640px\" \/><\/a><\/p>\n","protected":false},"excerpt":{"rendered":"<p>\u00a0 Dirigido a nuestros\/as mayores empadronados en Atarfe.\u00a0 La Concejal\u00eda de Bienestar Social\u00a0 invita a&#8230;<\/p>\n","protected":false},"author":1,"featured_media":67067,"comment_status":"closed","ping_status":"closed","sticky":false,"template":"","format":"standard","meta":{"_coblocks_attr":"","_coblocks_dimensions":"","_coblocks_responsive_height":"","_coblocks_accordion_ie_support":"","jetpack_post_was_ever_published":false,"_jetpack_newsletter_access":"","_jetpack_dont_email_post_to_subs":false,"_jetpack_newsletter_tier_id":0,"_jetpack_memberships_contains_paywalled_content":false,"_jetpack_memberships_contains_paid_content":false,"footnotes":"","jetpack_publicize_message":"","jetpack_publicize_feature_enabled":true,"jetpack_social_post_already_shared":true,"jetpack_social_options":{"image_generator_settings":{"template":"highway","default_image_id":0,"enabled":false},"version":2}},"categories":[2,6916,44,10],"tags":[],"class_list":["post-67064","post","type-post","status-publish","format-standard","has-post-thumbnail","hentry","category-atarfe","category-ayuntamiento-de-atarfe","category-noticias-de-hoy","category-salud"],"jetpack_publicize_connections":[],"jetpack_featured_media_url":"https:\/\/i0.wp.com\/miradordeatarfe.es\/wp-content\/uploads\/2024\/02\/Antique_Valentine_1909_01.jpg?fit=971%2C1556&ssl=1","jetpack_likes_enabled":true,"jetpack_sharing_enabled":true,"_links":{"self":[{"href":"https:\/\/miradordeatarfe.es\/index.php?rest_route=\/wp\/v2\/posts\/67064","targetHints":{"allow":["GET"]}}],"collection":[{"href":"https:\/\/miradordeatarfe.es\/index.php?rest_route=\/wp\/v2\/posts"}],"about":[{"href":"https:\/\/miradordeatarfe.es\/index.php?rest_route=\/wp\/v2\/types\/post"}],"author":[{"embeddable":true,"href":"https:\/\/miradordeatarfe.es\/index.php?rest_route=\/wp\/v2\/users\/1"}],"replies":[{"embeddable":true,"href":"https:\/\/miradordeatarfe.es\/index.php?rest_route=%2Fwp%2Fv2%2Fcomments&post=67064"}],"version-history":[{"count":3,"href":"https:\/\/miradordeatarfe.es\/index.php?rest_route=\/wp\/v2\/posts\/67064\/revisions"}],"predecessor-version":[{"id":67069,"href":"https:\/\/miradordeatarfe.es\/index.php?rest_route=\/wp\/v2\/posts\/67064\/revisions\/67069"}],"wp:featuredmedia":[{"embeddable":true,"href":"https:\/\/miradordeatarfe.es\/index.php?rest_route=\/wp\/v2\/media\/67067"}],"wp:attachment":[{"href":"https:\/\/miradordeatarfe.es\/index.php?rest_route=%2Fwp%2Fv2%2Fmedia&parent=67064"}],"wp:term":[{"taxonomy":"category","embeddable":true,"href":"https:\/\/miradordeatarfe.es\/index.php?rest_route=%2Fwp%2Fv2%2Fcategories&post=67064"},{"taxonomy":"post_tag","embeddable":true,"href":"https:\/\/miradordeatarfe.es\/index.php?rest_route=%2Fwp%2Fv2%2Ftags&post=67064"}],"curies":[{"name":"wp","href":"https:\/\/api.w.org\/{rel}","templated":true}]}}